{"id":19668,"date":"2026-02-07T05:48:05","date_gmt":"2026-02-07T05:48:05","guid":{"rendered":"https:\/\/bihavadis.com\/?p=19668"},"modified":"2026-02-07T05:48:05","modified_gmt":"2026-02-07T05:48:05","slug":"6-subat-depremlerinde-hayatini-kaybedenler-maltepede-anildi","status":"publish","type":"post","link":"https:\/\/bihavadis.com\/index.php\/2026\/02\/07\/6-subat-depremlerinde-hayatini-kaybedenler-maltepede-anildi\/","title":{"rendered":"6 \u015eubat Depremlerinde Hayat\u0131n\u0131 Kaybedenler Maltepe&#8217;de An\u0131ld\u0131"},"content":{"rendered":"<p>Maltepe Belediyesi\u2019nce 6 \u015eubat 2023\u2019te meydana gelen Kahramanmara\u015f merkezli depremlerin y\u0131l d\u00f6n\u00fcm\u00fcnde hayat\u0131n\u0131 kaybeden yurtta\u015flar Maltepe\u2019de d\u00fczenlenen t\u00f6renle an\u0131ld\u0131. Anma t\u00f6reninde konu\u015fan Maltepe Belediye Ba\u015fkan\u0131 Mimar Esin K\u00f6ymen, \u201c1999 Marmara Depremi\u2019nden tam 24 y\u0131l sonra, ne yaz\u0131k ki ayn\u0131 ac\u0131lar\u0131 yeniden ya\u015fad\u0131k. Ge\u00e7en onca zamana ra\u011fmen; yap\u0131 \u00fcretim s\u00fcre\u00e7lerinden kentle\u015fme politikalar\u0131na, afet y\u00f6netiminden denetim mekanizmalar\u0131na kadar pek \u00e7ok alanda kal\u0131c\u0131 \u00e7\u00f6z\u00fcmler \u00fcretilemedi\u011fini 6 \u015eubat depremleriyle bir kez daha g\u00f6rd\u00fck\u201d ifadelerini kulland\u0131.<\/p>\n<p>Maltepe Belediyesi\u2019nce 6 \u015eubat 2023\u2019te meydana gelen Kahramanmara\u015f merkezli depremlerin y\u0131l d\u00f6n\u00fcm\u00fcnde hayat\u0131n\u0131 kaybeden yurtta\u015flar i\u00e7in Maltepe Cumhuriyet Meydan\u0131\u2019nda \u201c6 \u015eubat Depremleri Anma Program\u0131\u201d d\u00fczenlendi. Sayg\u0131 duru\u015fu ve \u0130stiklal Mar\u015f\u0131\u2019n\u0131n okunmas\u0131n\u0131n ard\u0131ndan 6 \u015eubat depremlerini anlatan barkovizyon g\u00f6sterisi sunuldu.<\/p>\n<p>Anma program\u0131nda konu\u015fan Maltepe Belediye Ba\u015fkan\u0131 Mimar Esin K\u00f6ymen, 6 \u015eubat depremlerinin \u00fc\u00e7\u00fcnc\u00fc y\u0131l\u0131nda, hayat\u0131n\u0131 kaybeden on binlerce yurtta\u015f\u0131 anmak; ac\u0131y\u0131, sorumlulu\u011fu ve ortak haf\u0131zay\u0131 diri tutmak i\u00e7in bir araya geldiklerini belirterek \u00a0\u201cDepremlerle birlikte yaln\u0131zca \u015fehirler y\u0131k\u0131lmad\u0131. Ayn\u0131 zamanda hayatlar, hayaller, aileler ve gelece\u011fe dair umutlar enkaz alt\u0131nda kald\u0131. Aradan ge\u00e7en zamana ra\u011fmen bu b\u00fcy\u00fck felaketin yaratt\u0131\u011f\u0131 ac\u0131, h\u00e2l\u00e2 ilk g\u00fcnk\u00fc tazeli\u011fini koruyor\u201d dedi. Depremlere haz\u0131rl\u0131\u011f\u0131n \u00f6nemine dikkat \u00e7eken Ba\u015fkan K\u00f6ymen, \u201cT\u00fcrkiye, bir deprem \u00fclkesidir ve bu \u00fclkede ya\u015fanan y\u0131k\u0131mlar, do\u011fan\u0131n de\u011fil; ihmalin, plans\u0131zl\u0131\u011f\u0131n, rant anlay\u0131\u015f\u0131n\u0131n ve bilimden uzak kararlar\u0131n sonucudur. \u00dclkemizi en \u00e7ok etkileyen depremlerden biri olan 1999 Marmara Depremi\u2019nden tam 24 y\u0131l sonra, ne yaz\u0131k ki ayn\u0131 ac\u0131lar\u0131 yeniden ya\u015fad\u0131k. Ge\u00e7en onca zamana ra\u011fmen; yap\u0131 \u00fcretim s\u00fcre\u00e7lerinden kentle\u015fme politikalar\u0131na, afet y\u00f6netiminden denetim mekanizmalar\u0131na kadar pek \u00e7ok alanda kal\u0131c\u0131 \u00e7\u00f6z\u00fcmler \u00fcretilemedi\u011fini 6 \u015eubat depremleriyle bir kez daha g\u00f6rd\u00fck\u201d diye konu\u015ftu.<\/p>\n<p><b>\u2018RANT ODAKLI POL\u0130T\u0130KALAR, KENTLER\u0130 DEPREMLERE KAR\u015eI DAHA KIRILGAN HALE GET\u0130R\u0130YOR\u2019<\/b><\/p>\n<p>T\u00fcrkiye\u2019de n\u00fcfusun b\u00fcy\u00fck bir b\u00f6l\u00fcm\u00fcn\u00fcn kentlerde ya\u015fad\u0131\u011f\u0131n\u0131 belirten Ba\u015fkan K\u00f6ymen \u201cDo\u011fal ya\u015fam\u0131 ve ekolojik dengeyi hi\u00e7e sayan b\u00fcy\u00fck altyap\u0131 projeleri, plans\u0131z b\u00fcy\u00fcme, g\u00f6\u00e7 bask\u0131s\u0131 ve rant odakl\u0131 politikalar; kentlerimizi depremlere kar\u015f\u0131 daha da k\u0131r\u0131lgan hale getiriyor. Toplumun g\u00fcvenli\u011fi i\u00e7in toplanan vergilerin ve kaynaklar\u0131n amac\u0131 d\u0131\u015f\u0131nda kullan\u0131lmas\u0131, afet toplanma alanlar\u0131n\u0131n birer birer yok edilmesi, kentsel d\u00f6n\u00fc\u015f\u00fcm\u00fcn g\u00fcvenli ya\u015fam alanlar\u0131 \u00fcretmek yerine zorunlu g\u00f6\u00e7lere neden olmas\u0131, bug\u00fcn h\u00e2l\u00e2 y\u00fczle\u015fmemiz gereken ger\u00e7eklerdir. Deprem korkusunun, g\u00fcvenli kentler yaratmak i\u00e7in de\u011fil; rant odakl\u0131 uygulamalara me\u015fruiyet sa\u011flamak i\u00e7in kullan\u0131ld\u0131\u011f\u0131 bir anlay\u0131\u015fla kar\u015f\u0131 kar\u015f\u0131ya kald\u0131k. Bunun bedelini ise ne yaz\u0131k ki yurtta\u015flar\u0131m\u0131z canlar\u0131yla \u00f6dedi\u201d ifadelerini kulland\u0131.<\/p>\n<p><b>AFETLER\u0130N \u0130LK 72 SAAT\u0130, HAYAT\u0130 \u00d6NEME SAH\u0130PT\u0130R<\/b><\/p>\n<p>Afetlerle ba\u015f etmenin yolunun yaln\u0131zca kriz anlar\u0131nda de\u011fil, afet \u00f6ncesinde do\u011fru ve bilimsel ad\u0131mlar atmaktan ge\u00e7ti\u011fine i\u015faret eden \u00a0K\u00f6ymen \u201cAfet y\u00f6netimi bir b\u00fct\u00fcnd\u00fcr. Bu b\u00fct\u00fcn; zarar azaltma, haz\u0131rl\u0131k, m\u00fcdahale ve iyile\u015ftirme a\u015famalar\u0131ndan olu\u015fur. Ne yaz\u0131k ki \u00fclkemizde bu d\u00f6ng\u00fcn\u00fcn ilk iki a\u015famas\u0131n\u0131n uzun y\u0131llard\u0131r sa\u011fl\u0131kl\u0131 i\u015flemedi\u011fini biliyoruz. 6 \u015eubat depremlerinden sonra ise, m\u00fcdahale ve iyile\u015ftirme s\u00fcre\u00e7lerinde de ciddi eksiklikler ya\u015fand\u0131\u011f\u0131n\u0131 hep birlikte deneyimledik. \u00d6zellikle afetlerin ilk 72 saati, hayati \u00f6neme sahiptir. Ancak bu konuda yeterli haz\u0131rl\u0131\u011fa sahip olmad\u0131\u011f\u0131m\u0131z\u0131 ac\u0131 bir \u015fekilde g\u00f6rd\u00fck. Bu nedenle mahalle bazl\u0131 \u00f6rg\u00fctlenme, afet g\u00f6n\u00fcll\u00fcl\u00fc\u011f\u00fc ve yerel dayan\u0131\u015fma a\u011flar\u0131, hayati bir \u00f6neme sahiptir. Bu noktada muhtarlar\u0131m\u0131za, sivil toplum kurulu\u015flar\u0131m\u0131za ve yurtta\u015flar\u0131m\u0131za b\u00fcy\u00fck sorumluluk d\u00fc\u015fmektedir. Bizler de Maltepe Belediyesi olarak bu sorumlulu\u011fun gere\u011fini yerine getirmek i\u00e7in kararl\u0131l\u0131kla \u00e7al\u0131\u015f\u0131yoruz\u201d diye konu\u015ftu.<\/p>\n<p><b>\u2018AFETLERE D\u0130REN\u00c7L\u0130 B\u0130R MALTEPE HEDEF\u0130 \u0130\u00c7\u0130N \u00c7ALI\u015eIYORUZ\u2019<\/b><\/p>\n<p>G\u00f6reve gelirken verdikleri s\u00f6z do\u011frultusunda; deprem g\u00fcvenli, afetlere diren\u00e7li bir Maltepe hedefiyle hareket ettiklerini ve bunu kararl\u0131l\u0131kla s\u00fcrd\u00fcrmeye devam edeceklerine vurgu yapan Ba\u015fkan K\u00f6ymen \u201cAfet toplanma alanlar\u0131n\u0131n ve ge\u00e7ici bar\u0131nma alanlar\u0131n\u0131n belirlenmesi, altyap\u0131 haz\u0131rl\u0131klar\u0131n\u0131n tamamlanmas\u0131, afet risk haritalar\u0131n\u0131n \u00e7\u0131kar\u0131lmas\u0131, mikro b\u00f6lgeleme \u00e7al\u0131\u015fmalar\u0131 ve yap\u0131 envanterinin olu\u015fturulmas\u0131 i\u00e7in yo\u011fun bir emek veriyoruz. Zarar azaltma ve haz\u0131rl\u0131k \u00e7al\u0131\u015fmalar\u0131n\u0131 merkeze alan bir anlay\u0131\u015fla; afet odakl\u0131 e\u011fitimlerimizi art\u0131r\u0131yor, mahalle afet g\u00f6n\u00fcll\u00fclerimizin say\u0131s\u0131n\u0131 \u00e7o\u011faltmay\u0131 hedefliyoruz. Kentsel d\u00f6n\u00fc\u015f\u00fcm konusunda ise, yaln\u0131zca bina yenilemeyi de\u011fil; can g\u00fcvenli\u011fini, sosyal adaleti ve yerinde ya\u015fam\u0131 esas alan bir yakla\u015f\u0131m\u0131 benimsiyoruz. Maltepe\u2019de, emsal art\u0131\u015f\u0131 olmadan yenilemeye olanak tan\u0131yan se\u00e7eneklerimiz mevcuttur. G\u00fc\u00e7lendirme ise, yeterince konu\u015fulmayan ama son derece \u00f6nemli bir alternatiftir. \u015eunu a\u00e7\u0131k\u00e7a ifade etmek isterim: Bir dairenin birka\u00e7 metrekare k\u00fc\u00e7\u00fclmesi de\u011fil, bir can\u0131n yitirilmesi asla kabul edilemez. Bizim i\u00e7in \u00f6ncelik, yurtta\u015flar\u0131m\u0131z\u0131n g\u00fcvenli\u011fidir. G\u00fclsuyu, G\u00fclensu ve Ba\u015f\u0131b\u00fcy\u00fck ba\u015fta olmak \u00fczere; eskimi\u015f ve y\u0131pranm\u0131\u015f yap\u0131 stoklar\u0131n\u0131n yenilenmesi konusunda kooperatifle\u015fme, maliyet art\u0131 kar gibi farkl\u0131 yap\u0131m modellerini de hayata ge\u00e7irme konusunda \u00e7al\u0131\u015fmalar\u0131m\u0131z\u0131 s\u00fcrd\u00fcr\u00fcyoruz\u201d dedi.<\/p>\n<p>K\u00f6ymen daha sonra program alan\u0131nda afetlerde g\u00f6rev alan kamu kurumlar\u0131, sivil toplum kurulu\u015flar\u0131 ve g\u00f6n\u00fcll\u00fc yurtta\u015flar\u0131n kat\u0131ld\u0131\u011f\u0131 bilgilendirme ve tan\u0131t\u0131m stantlar\u0131n\u0131 ziyaret etti. K\u00f6ymen, enkaz alt\u0131nda kalan canl\u0131lar\u0131 tespit etmek \u00fczere \u00f6zel olarak e\u011fitilen, Maltepe\u2019nin ilk akredite arama kurtarma k\u00f6pe\u011fi Zeyna\u2019n\u0131n, bir arama faaliyeti s\u0131ras\u0131nda nas\u0131l kazazede yer tespiti yapt\u0131\u011f\u0131n\u0131 g\u00f6steren bir \u00e7al\u0131\u015fmas\u0131n\u0131 izledi. Programda k\u00fcrs\u00fcde haz\u0131r bulunan an\u0131 defterine vatanda\u015flar 6 \u015eubat depremlerine dair duygu, d\u00fc\u015f\u00fcnce ve an\u0131lar\u0131n\u0131 payla\u015ft\u0131.<\/p>\n<p>\u00a0<\/p>\n<p>\u00a0<\/p>\n<p>Kaynak: (BYZHA) Beyaz Haber Ajans\u0131<\/p>\n","protected":false},"excerpt":{"rendered":"<p>Maltepe Belediyesi\u2019nce 6 \u015eubat 2023\u2019te meydana gelen Kahramanmara\u015f merkezli depremlerin y\u0131l d\u00f6n\u00fcm\u00fcnde hayat\u0131n\u0131 kaybeden yurtta\u015flar Maltepe\u2019de d\u00fczenlenen t\u00f6renle an\u0131ld\u0131.<\/p>\n","protected":false},"author":1,"featured_media":19669,"comment_status":"open","ping_status":"open","sticky":false,"template":"","format":"standard","meta":{"footnotes":""},"categories":[4],"tags":[3419,1194,382,60,2756],"class_list":["post-19668","post","type-post","status-publish","format-standard","has-post-thumbnail","hentry","category-gundem","tag-6-subat","tag-afet","tag-alan","tag-deprem","tag-maltepe"],"_links":{"self":[{"href":"https:\/\/bihavadis.com\/index.php\/wp-json\/wp\/v2\/posts\/19668","targetHints":{"allow":["GET"]}}],"collection":[{"href":"https:\/\/bihavadis.com\/index.php\/wp-json\/wp\/v2\/posts"}],"about":[{"href":"https:\/\/bihavadis.com\/index.php\/wp-json\/wp\/v2\/types\/post"}],"author":[{"embeddable":true,"href":"https:\/\/bihavadis.com\/index.php\/wp-json\/wp\/v2\/users\/1"}],"replies":[{"embeddable":true,"href":"https:\/\/bihavadis.com\/index.php\/wp-json\/wp\/v2\/comments?post=19668"}],"version-history":[{"count":1,"href":"https:\/\/bihavadis.com\/index.php\/wp-json\/wp\/v2\/posts\/19668\/revisions"}],"predecessor-version":[{"id":19670,"href":"https:\/\/bihavadis.com\/index.php\/wp-json\/wp\/v2\/posts\/19668\/revisions\/19670"}],"wp:featuredmedia":[{"embeddable":true,"href":"https:\/\/bihavadis.com\/index.php\/wp-json\/wp\/v2\/media\/19669"}],"wp:attachment":[{"href":"https:\/\/bihavadis.com\/index.php\/wp-json\/wp\/v2\/media?parent=19668"}],"wp:term":[{"taxonomy":"category","embeddable":true,"href":"https:\/\/bihavadis.com\/index.php\/wp-json\/wp\/v2\/categories?post=19668"},{"taxonomy":"post_tag","embeddable":true,"href":"https:\/\/bihavadis.com\/index.php\/wp-json\/wp\/v2\/tags?post=19668"}],"curies":[{"name":"wp","href":"https:\/\/api.w.org\/{rel}","templated":true}]}}