{"id":19711,"date":"2026-02-07T06:15:07","date_gmt":"2026-02-07T06:15:07","guid":{"rendered":"https:\/\/bihavadis.com\/?p=19711"},"modified":"2026-02-07T06:15:07","modified_gmt":"2026-02-07T06:15:07","slug":"saba-tumer-uyardi-ufuk-beydemir-sasirdi","status":"publish","type":"post","link":"https:\/\/bihavadis.com\/index.php\/2026\/02\/07\/saba-tumer-uyardi-ufuk-beydemir-sasirdi\/","title":{"rendered":"Saba T\u00fcmer uyard\u0131! Ufuk Beydemir \u015fa\u015f\u0131rd\u0131"},"content":{"rendered":"<p>\u0130pek Filiz Yaz\u0131c\u0131 ve Ufuk Beydemir \u00e7ifti, 2025 y\u0131l\u0131n\u0131n Ekim ay\u0131nda sessiz sedas\u0131z bo\u015fanm\u0131\u015ft\u0131.<\/p>\n<p>Beydemir, ayr\u0131l\u0131k sonras\u0131 \u00f6zel hayat\u0131 ve m\u00fczik \u00e7al\u0131\u015fmalar\u0131yla dikkat \u00e7ekmeye devam ediyor.<\/p>\n<p><strong>H\u0130TAP \u015eEKL\u0130N\u0130 UYARDI<\/strong><\/p>\n<p>Saba T\u00fcmer\u2019in program\u0131na konuk olan\u00a0Beydemir, samimi itiraflarda bulundu. \u00dcnl\u00fc isim, kendini anlat\u0131rken bir anda\u00a0 hitap \u015fekli nedeniyle Saba T\u00fcmer\u2019in uyar\u0131s\u0131yla kar\u015f\u0131la\u015ft\u0131.<\/p>\n<p><img decoding=\"async\" src=\"https:\/\/bihavadis.com\/wp-content\/uploads\/2026\/02\/saba-tumer-uyardi-ufuk-beydemir-sasirdi-0-HODa91EN.jpg\"\/><\/p>\n<p><strong>&#8220;BANA SABA DE&#8221;<\/strong><\/p>\n<p>Konu\u015fmas\u0131 s\u0131ras\u0131nda T\u00fcmer\u2019e <b><em>&#8220;Saba Han\u0131m&#8221; <\/em><\/b>diye hitap eden Beydemir, ald\u0131\u011f\u0131 yan\u0131tla k\u0131sa s\u00fcreli bir \u015fa\u015fk\u0131nl\u0131k ya\u015fad\u0131. \u00dcnl\u00fc sunucu, Beydemir\u2019in s\u00f6z\u00fcn\u00fc keserek, <b>&#8220;Bana han\u0131m deme, Saba de&#8221; <\/b>uyar\u0131s\u0131nda bulundu.<\/p>\n<p><img decoding=\"async\" src=\"https:\/\/bihavadis.com\/wp-content\/uploads\/2026\/02\/saba-tumer-uyardi-ufuk-beydemir-sasirdi-1-qBE6q6Q4.jpg\"\/><\/p>\n<p>Saba T\u00fcmer\u2019in Beydemir hakk\u0131ndaki yorumlar\u0131 dikkatlerden ka\u00e7mad\u0131. \u00dcnl\u00fc \u015fark\u0131c\u0131y\u0131 \u00e7ok yak\u0131\u015f\u0131kl\u0131 buldu\u011funu a\u00e7\u0131k\u00e7a dile getiren T\u00fcmer, program boyunca Beydemir ile benzer y\u00f6nlerinin \u00e7ok fazla oldu\u011funu vurgulad\u0131.<\/p>\n<p><img decoding=\"async\" src=\"https:\/\/bihavadis.com\/wp-content\/uploads\/2026\/02\/saba-tumer-uyardi-ufuk-beydemir-sasirdi-2-xiU8AVys.jpg\"\/><\/p>\n","protected":false},"excerpt":{"rendered":"<p>\u015eark\u0131c\u0131 Ufuk Beydemir, Saba T\u00fcmer\u2019in program\u0131na konuk oldu. T\u00fcmer\u2019in Beydemir\u2019e y\u00f6nelik \u201cHan\u0131m deme\u201d \u00e7\u0131k\u0131\u015f\u0131 dikkat \u00e7ekti.<\/p>\n","protected":false},"author":1,"featured_media":19712,"comment_status":"open","ping_status":"open","sticky":false,"template":"","format":"standard","meta":{"footnotes":""},"categories":[1],"tags":[3612,3613],"class_list":["post-19711","post","type-post","status-publish","format-standard","has-post-thumbnail","hentry","category-uncategorized","tag-beydemir","tag-saba"],"_links":{"self":[{"href":"https:\/\/bihavadis.com\/index.php\/wp-json\/wp\/v2\/posts\/19711","targetHints":{"allow":["GET"]}}],"collection":[{"href":"https:\/\/bihavadis.com\/index.php\/wp-json\/wp\/v2\/posts"}],"about":[{"href":"https:\/\/bihavadis.com\/index.php\/wp-json\/wp\/v2\/types\/post"}],"author":[{"embeddable":true,"href":"https:\/\/bihavadis.com\/index.php\/wp-json\/wp\/v2\/users\/1"}],"replies":[{"embeddable":true,"href":"https:\/\/bihavadis.com\/index.php\/wp-json\/wp\/v2\/comments?post=19711"}],"version-history":[{"count":1,"href":"https:\/\/bihavadis.com\/index.php\/wp-json\/wp\/v2\/posts\/19711\/revisions"}],"predecessor-version":[{"id":19716,"href":"https:\/\/bihavadis.com\/index.php\/wp-json\/wp\/v2\/posts\/19711\/revisions\/19716"}],"wp:featuredmedia":[{"embeddable":true,"href":"https:\/\/bihavadis.com\/index.php\/wp-json\/wp\/v2\/media\/19712"}],"wp:attachment":[{"href":"https:\/\/bihavadis.com\/index.php\/wp-json\/wp\/v2\/media?parent=19711"}],"wp:term":[{"taxonomy":"category","embeddable":true,"href":"https:\/\/bihavadis.com\/index.php\/wp-json\/wp\/v2\/categories?post=19711"},{"taxonomy":"post_tag","embeddable":true,"href":"https:\/\/bihavadis.com\/index.php\/wp-json\/wp\/v2\/tags?post=19711"}],"curies":[{"name":"wp","href":"https:\/\/api.w.org\/{rel}","templated":true}]}}