{"id":19720,"date":"2026-02-07T06:21:05","date_gmt":"2026-02-07T06:21:05","guid":{"rendered":"https:\/\/bihavadis.com\/?p=19720"},"modified":"2026-02-07T06:21:05","modified_gmt":"2026-02-07T06:21:05","slug":"niluferde-kentsel-donusumde-yeni-model","status":"publish","type":"post","link":"https:\/\/bihavadis.com\/index.php\/2026\/02\/07\/niluferde-kentsel-donusumde-yeni-model\/","title":{"rendered":"Nil\u00fcfer&#8217;de kentsel d\u00f6n\u00fc\u015f\u00fcmde yeni model"},"content":{"rendered":"<p><b>Nil\u00fcfer Belediyesi, kentsel d\u00f6n\u00fc\u015f\u00fcm s\u00fcrecinde vatanda\u015f\u0131 y\u00fcklenici firmalarla ba\u015f ba\u015fa b\u0131rakmayan, belediye g\u00fcvenceli modeli hayata ge\u00e7iriyor. Nil\u00fcfer\u2019de ilk defa belediye taraf\u0131ndan uygulanacak kentsel d\u00f6n\u00fc\u015f\u00fcm \u00e7al\u0131\u015fmas\u0131n\u0131n tan\u0131t\u0131m toplant\u0131s\u0131nda konu\u015fan Ba\u015fkan \u015eadi \u00d6zdemir, \u201cAmac\u0131m\u0131z h\u0131zl\u0131 de\u011fil, yar\u0131m kalmayan g\u00fcvenli bir d\u00f6n\u00fc\u015f\u00fcm\u201d dedi.<\/b><\/p>\n<p>\u00dclke tarihimizin en b\u00fcy\u00fck do\u011fal felaketlerinden olan 6 \u015eubat Kahramanmara\u015f Depremleri\u2019nin 3\u2019\u00fcnc\u00fc y\u0131l d\u00f6n\u00fcm\u00fcnde Nil\u00fcfer \u0130l\u00e7e Afet ve Acil Durum Y\u00f6netim Merkezi\u2019nde d\u00fczenlenen toplant\u0131da, Nil\u00fcfer Belediyesi\u2019nin kentsel d\u00f6n\u00fc\u015f\u00fcm ve afet haz\u0131rl\u0131klar\u0131 ele al\u0131nd\u0131. Toplant\u0131ya Nil\u00fcfer Belediye Ba\u015fkan\u0131 \u015eadi \u00d6zdemir, Bursa B\u00fcy\u00fck\u015fehir Belediye Ba\u015fkan Vekili Baran G\u00fcne\u015f, CHP Nil\u00fcfer \u0130l\u00e7e Ba\u015fkan\u0131 \u00d6zg\u00fcr \u015eahin ile Nil\u00fcfer Belediye Ba\u015fkan Yard\u0131mc\u0131lar\u0131, meclis \u00fcyeleri ve \u00e7ok say\u0131da davetli kat\u0131ld\u0131.<\/p>\n<p><b>N\u0130L\u00dcFER TAR\u0130H\u0130NDE \u0130LK B\u00d6LGESEL D\u00d6N\u00dc\u015e\u00dcM<\/b><\/p>\n<p>Toplant\u0131da yap\u0131lan sunumda, Nil\u00fcfer Belediye Meclisi\u2019nin Kas\u0131m 2025\u2019te oybirli\u011fiyle ald\u0131\u011f\u0131 kararla Bar\u0131\u015f Mahallesi\u2019nde 1,17 hektarl\u0131k ve Esentepe Mahallesi\u2019nde 10,22 hektarl\u0131k olmak \u00fczere toplam 11,39 hektarl\u0131k iki b\u00f6lgenin \u201cKentsel D\u00f6n\u00fc\u015f\u00fcm ve Geli\u015fim Alan\u0131\u201d ilan edildi\u011fi duyuruldu. Bursa B\u00fcy\u00fck\u015fehir Belediyesi\u2019nden sa\u011flanan yetki devriyle ger\u00e7ekle\u015ftirilen bu ad\u0131m, Nil\u00fcfer Belediyesi tarihinde b\u00f6lgesel \u00f6l\u00e7ekte ilk kentsel d\u00f6n\u00fc\u015f\u00fcm uygulamas\u0131 olma \u00f6zelli\u011fi ta\u015f\u0131yacak.<\/p>\n<p>Sunumda, kentsel d\u00f6n\u00fc\u015f\u00fcm\u00fcn iki mahalleyle s\u0131n\u0131rl\u0131 tutulmayaca\u011f\u0131n\u0131n bilgisi de payla\u015f\u0131ld\u0131. Bursa B\u00fcy\u00fck\u015fehir Belediyesi\u2019nin kentsel d\u00f6n\u00fc\u015f\u00fcm strateji belgesi \u00e7al\u0131\u015fmalar\u0131 kapsam\u0131nda il\u00e7e genelinde 26 riskli b\u00f6lge belirlendi. Bu b\u00f6lgeler risk d\u00fczeyi, aciliyet ve uygulanabilirlik kriterlerine g\u00f6re \u00f6nceliklendirildi. D\u00f6n\u00fc\u015f\u00fcm \u00e7al\u0131\u015fmalar\u0131n\u0131n ilk etapta yap\u0131la\u015fma ge\u00e7mi\u015fi daha eski ve zemin riskleri belirgin olan do\u011fu hatt\u0131ndaki Bar\u0131\u015f Mahallesi ile \u0130hsaniye-Esentepe-Karaman hatt\u0131ndan ba\u015flanaca\u011f\u0131 duyuruldu.<\/p>\n<p><b>N\u0130LKENT KENTSEL D\u00d6N\u00dc\u015e\u00dcM A.\u015e. KURULDU<\/b><\/p>\n<p>Nil\u00fcfer Belediyesi, kentsel d\u00f6n\u00fc\u015f\u00fcm s\u00fcrecini y\u00fcr\u00fctmek \u00fczere Nilkent Kentsel D\u00f6n\u00fc\u015f\u00fcm A.\u015e.\u2019yi kurdu. Belediye b\u00fcnyesinde ayr\u0131ca ilk olarak Kentsel Tasar\u0131m M\u00fcd\u00fcrl\u00fc\u011f\u00fc kuruldu ve Kentsel D\u00f6n\u00fc\u015f\u00fcm B\u00fcrosu da faaliyete ge\u00e7irildi. B\u00f6ylece uzla\u015fma, s\u00f6zle\u015fme, uygulama ve denetim s\u00fcre\u00e7leri tek merkezden, \u015feffaf bi\u00e7imde y\u00fcr\u00fct\u00fclecek.<\/p>\n<p>Ba\u015fkan \u015eadi \u00d6zdemir, modelin 1990\u2019da Ankara\u2019da uygulanan Portakal \u00c7i\u00e7e\u011fi Vadisi kentsel d\u00f6n\u00fc\u015f\u00fcm projesinden esinlendi\u011fini belirtti. O d\u00f6nem Ankara B\u00fcy\u00fck\u015fehir Belediye Ba\u015fkan\u0131 olan Murat Karayal\u00e7\u0131n ile projenin genel m\u00fcd\u00fcrl\u00fc\u011f\u00fcn\u00fc yapan Faruk G\u00f6ksu\u2019nun da Nil\u00fcfer\u2019deki kentsel d\u00f6n\u00fc\u015f\u00fcm \u00e7al\u0131\u015fmalar\u0131na fahri dan\u0131\u015fmanl\u0131k yapaca\u011f\u0131n\u0131 a\u00e7\u0131klad\u0131.<\/p>\n<p><b>\u201cVATANDA\u015eLA Y\u00dcKLEN\u0130C\u0130 KAR\u015eI KAR\u015eIYA GELMEMEL\u0130\u201d<\/b><\/p>\n<p>Parsel bazl\u0131 kentsel d\u00f6n\u00fc\u015f\u00fcm\u00fcn sorunu \u00e7\u00f6zemedi\u011fini uzun s\u00fcredir dile getirdi\u011fini vurgulayan Ba\u015fkan \u015eadi \u00d6zdemir, \u201cBelki binay\u0131 sa\u011flamla\u015ft\u0131r\u0131yorsunuz ama o binan\u0131n alt\u0131ndan ne ge\u00e7iyor? Oraya kimse bakm\u0131yor. Bir de onu y\u00fckselterek ya\u015fam kalitesini d\u00fc\u015f\u00fcr\u00fcyoruz\u201d dedi.<\/p>\n<p>Ge\u00e7mi\u015fte vatanda\u015fla y\u00fcklenici firmalar\u0131n do\u011frudan kar\u015f\u0131 kar\u015f\u0131ya b\u0131rak\u0131lmas\u0131n\u0131n a\u011f\u0131r sonu\u00e7lar do\u011furdu\u011funu ifade eden Ba\u015fkan \u015eadi \u00d6zdemir, \u201c\u015eu anda evlerinde olmayan, 8 \u2013 9 senedir yap\u0131s\u0131 tamamlanmam\u0131\u015f, belediyeden ruhsat almam\u0131\u015f ka\u00e7ak yap\u0131lar var. Vatanda\u015flar evsiz durumda, evlerinin bitmesini bekliyorlar\u201d diye konu\u015ftu.<\/p>\n<p>Ba\u015fkan \u015eadi \u00d6zdemir, yeni modelde vatanda\u015fla s\u00f6zle\u015fmeleri ve birebir g\u00f6r\u00fc\u015fmeleri belediyenin \u00fcstlenece\u011fini, in\u015faat i\u015flerini belediye \u015firketinin y\u00fcr\u00fctece\u011fini anlatt\u0131. Vatanda\u015f\u0131n muhatab\u0131n\u0131n art\u0131k belediye olaca\u011f\u0131n\u0131 belirterek \u015funlar\u0131 s\u00f6yledi: \u201cVatanda\u015f i\u015fine bakar, muhatab\u0131 belediyedir ve g\u00fcn\u00fcn sonunda belediye o i\u015fi bitirip vatanda\u015flara hak sahibi olarak verir.\u201d<\/p>\n<p><b>BARI\u015e MAHALLES\u0130 P\u0130LOT B\u00d6LGE OLARAK BEL\u0130RLEND\u0130<\/b><\/p>\n<p>D\u00f6n\u00fc\u015f\u00fcme Bar\u0131\u015f Mahallesi\u2019nden ba\u015flanaca\u011f\u0131n\u0131n bilgisini veren Ba\u015fkan \u015eadi \u00d6zdemir, bu tercihte mahalledeki m\u00fclkiyet say\u0131s\u0131n\u0131n az olmas\u0131 ve yap\u0131lar\u0131n daha zay\u0131f durumda bulunmas\u0131n\u0131n belirleyici oldu\u011funu s\u00f6yledi. Ba\u015fkan \u015eadi \u00d6zdemir, \u201cBirka\u00e7 vatanda\u015f oradaki m\u00fclkiyetin y\u00fczde 50\u2019sinden fazlas\u0131na sahip. Hem de oradaki yap\u0131lar daha zay\u0131f \u201c dedi. Ba\u015fkan \u015eadi \u00d6zdemir, Bar\u0131\u015f Mahallesi\u2019ndeki d\u00f6n\u00fc\u015f\u00fcmde ta\u015f\u0131nmazlarda yap\u0131 bulunup bulunmad\u0131\u011f\u0131, yap\u0131n\u0131n niteli\u011fi ve kat say\u0131s\u0131na bak\u0131larak bir d\u00f6n\u00fc\u015f\u00fcm planland\u0131\u011f\u0131n\u0131 ve vatanda\u015fa fazla y\u00fck \u00e7\u0131kar\u0131lmadan s\u00fcrecin tamamlanabilece\u011fini ifade etti.<\/p>\n<p>Bar\u0131\u015f Mahallesi\u2019ndeki kentsel d\u00f6n\u00fc\u015f\u00fcm projesinin uzla\u015fma, planlama ve uygulama s\u00fcre\u00e7leriyle birlikte yakla\u015f\u0131k 24 ay i\u00e7inde tamamlanmas\u0131 \u00f6ng\u00f6r\u00fcl\u00fcyor. Ard\u0131ndan \u0130hsaniye \u2013 Karaman \u2013 Esentepe hatt\u0131nda yakla\u015f\u0131k 70 hektarl\u0131k geni\u015f \u00f6l\u00e7ekli alana 4 etap halinde ge\u00e7ilecek.<\/p>\n<p><b>BA\u015eK\u00d6Y\u2019E DEPREM LOJ\u0130ST\u0130K MERKEZ\u0130 PLANLANIYOR<\/b><\/p>\n<p>Toplant\u0131da kentsel d\u00f6n\u00fc\u015f\u00fcm\u00fcn yan\u0131 s\u0131ra afet haz\u0131rl\u0131klar\u0131 da ele al\u0131nd\u0131. Ba\u015fkan \u015eadi \u00d6zdemir, 6 \u015eubat depremlerinde saha edindi\u011fi g\u00f6zlemleri payla\u015farak, afet sonras\u0131n\u0131n en az kadar deprem kadar y\u0131k\u0131c\u0131 olabildi\u011fini vurgulad\u0131. Ba\u015fkan \u015eadi \u00d6zdemir, \u201cBir deprem oluyor, arkadan \u00fc\u00e7-be\u015f g\u00fcn ba\u015fka bir deprem daha oluyor. G\u00f6z\u00fcn\u00fcn \u00f6n\u00fcnde kurtar\u0131lacak var, alet yok, insanlar annesini, karde\u015fini, \u00e7ocu\u011funu kaydediyor\u201d dedi.<\/p>\n<p>Olas\u0131 bir Marmara depreminde \u0130stanbul\u2019un da etkilenece\u011fini ve Bursa\u2019n\u0131n ba\u015flang\u0131\u00e7ta yeterli destek alamayabilece\u011fini belirten Ba\u015fkan \u015eadi \u00d6zdemir, Ba\u015fk\u00f6y\u2019de 300 d\u00f6n\u00fcml\u00fck hazineye ait bir alanda deprem lojistik merkezi kurulmas\u0131 i\u00e7in talepte bulunduklar\u0131n\u0131 a\u00e7\u0131klayarak, \u201cMerkezde arama-kurtarma ekipmanlar\u0131, g\u0131da stoklar\u0131, ge\u00e7ici bar\u0131nma malzemeleri, i\u015f makineleri park\u0131 ve TIR park\u0131n\u0131 bir arada planlad\u0131k. Bir afet durumunda burada bulunan merkezden ihtiya\u00e7lar\u0131 kar\u015f\u0131layabilece\u011fiz\u201d diye konu\u015ftu<\/p>\n<p>Ba\u015fkan \u015eadi \u00d6zdemir konu\u015fmas\u0131n\u0131, \u201c\u0130n\u015fallah ba\u015far\u0131l\u0131 oluruz, ba\u015fkalar\u0131na da \u00f6rnek oluruz\u201d diyerek tamamlad\u0131.<\/p>\n<p>\u00a0<\/p>\n<p>\u00a0<\/p>\n<p>\u00a0<\/p>\n<p>Kaynak: (BYZHA) Beyaz Haber Ajans\u0131<\/p>\n","protected":false},"excerpt":{"rendered":"<p>Nil\u00fcfer Belediyesi, kentsel d\u00f6n\u00fc\u015f\u00fcm s\u00fcrecinde vatanda\u015f\u0131 y\u00fcklenici firmalarla ba\u015f ba\u015fa b\u0131rakmayan, belediye g\u00fcvenceli modeli hayata ge\u00e7iriyor.<\/p>\n","protected":false},"author":1,"featured_media":19721,"comment_status":"open","ping_status":"open","sticky":false,"template":"","format":"standard","meta":{"footnotes":""},"categories":[4],"tags":[469,372,60,1685,587],"class_list":["post-19720","post","type-post","status-publish","format-standard","has-post-thumbnail","hentry","category-gundem","tag-bas","tag-belediye","tag-deprem","tag-kentsel-donusum","tag-yapi"],"_links":{"self":[{"href":"https:\/\/bihavadis.com\/index.php\/wp-json\/wp\/v2\/posts\/19720","targetHints":{"allow":["GET"]}}],"collection":[{"href":"https:\/\/bihavadis.com\/index.php\/wp-json\/wp\/v2\/posts"}],"about":[{"href":"https:\/\/bihavadis.com\/index.php\/wp-json\/wp\/v2\/types\/post"}],"author":[{"embeddable":true,"href":"https:\/\/bihavadis.com\/index.php\/wp-json\/wp\/v2\/users\/1"}],"replies":[{"embeddable":true,"href":"https:\/\/bihavadis.com\/index.php\/wp-json\/wp\/v2\/comments?post=19720"}],"version-history":[{"count":1,"href":"https:\/\/bihavadis.com\/index.php\/wp-json\/wp\/v2\/posts\/19720\/revisions"}],"predecessor-version":[{"id":19722,"href":"https:\/\/bihavadis.com\/index.php\/wp-json\/wp\/v2\/posts\/19720\/revisions\/19722"}],"wp:featuredmedia":[{"embeddable":true,"href":"https:\/\/bihavadis.com\/index.php\/wp-json\/wp\/v2\/media\/19721"}],"wp:attachment":[{"href":"https:\/\/bihavadis.com\/index.php\/wp-json\/wp\/v2\/media?parent=19720"}],"wp:term":[{"taxonomy":"category","embeddable":true,"href":"https:\/\/bihavadis.com\/index.php\/wp-json\/wp\/v2\/categories?post=19720"},{"taxonomy":"post_tag","embeddable":true,"href":"https:\/\/bihavadis.com\/index.php\/wp-json\/wp\/v2\/tags?post=19720"}],"curies":[{"name":"wp","href":"https:\/\/api.w.org\/{rel}","templated":true}]}}