{"id":19727,"date":"2026-02-07T06:27:07","date_gmt":"2026-02-07T06:27:07","guid":{"rendered":"https:\/\/bihavadis.com\/?p=19727"},"modified":"2026-02-07T06:27:07","modified_gmt":"2026-02-07T06:27:07","slug":"mihalgazi-ilce-danisma-meclisi-toplantisi-duzenlendi","status":"publish","type":"post","link":"https:\/\/bihavadis.com\/index.php\/2026\/02\/07\/mihalgazi-ilce-danisma-meclisi-toplantisi-duzenlendi\/","title":{"rendered":"Mihalgazi \u0130l\u00e7e Dan\u0131\u015fma Meclisi Toplant\u0131s\u0131 d\u00fczenlendi"},"content":{"rendered":"<p> Eski\u015fehir&#8217;de AK Parti \u0130l Ba\u015fkanl\u0131\u011f\u0131 taraf\u0131ndan Mihalgazi \u0130l\u00e7e Dan\u0131\u015fma Meclisi Toplant\u0131s\u0131 ger\u00e7ekle\u015ftirildi.<\/p>\n<p>AK Parti \u0130l Ba\u015fkan\u0131 G\u00fcrhan Albayrak ve te\u015fkilat mensuplar\u0131n\u0131n kat\u0131ld\u0131\u011f\u0131 programda, y\u00fcr\u00fct\u00fclen \u00e7al\u0131\u015fmalarla ilgili de\u011ferlendirmelerde bulunuldu. Ba\u015fkan Albayrak, program\u0131n ard\u0131ndan sosyal medya hesab\u0131ndan a\u00e7\u0131klama yapt\u0131. Albayrak&#8217;\u0131n a\u00e7\u0131klamas\u0131nda, &#8220;Sakarya Vadisi&#8217;nin incisi, g\u00fczel il\u00e7emiz Mihalgazi&#8217;deyiz&#8230;. Mihalgazi il\u00e7emiz i\u00e7in ilk g\u00fcnk\u00fc heyecan\u0131m\u0131zla yola devam ediyoruz. Mihalgazi \u0130l\u00e7e Dan\u0131\u015fma Meclisi Toplant\u0131m\u0131zda; ge\u00e7mi\u015fin tecr\u00fcbesini, bug\u00fcn\u00fcn enerjisiyle birle\u015ftirdik ve davam\u0131z\u0131n emektarlar\u0131 ve te\u015fkilat\u0131m\u0131z\u0131n k\u0131ymetli \u00fcyeleriyle bir araya geldik. Misafirperverlikleri i\u00e7in \u0130l\u00e7e Ba\u015fkan\u0131m\u0131z Ali Akkar&#8217;a, Belediye Ba\u015fkan\u0131m\u0131z Zeynep Akg\u00fcn&#8217;e ve heyecanlar\u0131 i\u00e7in k\u0131ymetli te\u015fkilat mensuplar\u0131m\u0131za te\u015fekk\u00fcr ediyorum&#8221; ifadeleri yer ald\u0131. &#8211; ESK\u0130\u015eEH\u0130R<\/p>\n","protected":false},"excerpt":{"rendered":"<p>Eski\u015fehir&#8217;de AK Parti \u0130l Ba\u015fkan\u0131 G\u00fcrhan Albayrak&#8217;\u0131n kat\u0131l\u0131m\u0131yla Mihalgazi \u0130l\u00e7e Dan\u0131\u015fma Meclisi Toplant\u0131s\u0131 yap\u0131ld\u0131. Albayrak, toplant\u0131da ge\u00e7mi\u015fin tecr\u00fcbesi ve bug\u00fcn\u00fcn enerjisinin birle\u015ftirildi\u011fini vurgulad\u0131.<\/p>\n","protected":false},"author":1,"featured_media":19728,"comment_status":"open","ping_status":"open","sticky":false,"template":"","format":"standard","meta":{"footnotes":""},"categories":[12],"tags":[516],"class_list":["post-19727","post","type-post","status-publish","format-standard","has-post-thumbnail","hentry","category-siyaset","tag-baskan"],"_links":{"self":[{"href":"https:\/\/bihavadis.com\/index.php\/wp-json\/wp\/v2\/posts\/19727","targetHints":{"allow":["GET"]}}],"collection":[{"href":"https:\/\/bihavadis.com\/index.php\/wp-json\/wp\/v2\/posts"}],"about":[{"href":"https:\/\/bihavadis.com\/index.php\/wp-json\/wp\/v2\/types\/post"}],"author":[{"embeddable":true,"href":"https:\/\/bihavadis.com\/index.php\/wp-json\/wp\/v2\/users\/1"}],"replies":[{"embeddable":true,"href":"https:\/\/bihavadis.com\/index.php\/wp-json\/wp\/v2\/comments?post=19727"}],"version-history":[{"count":1,"href":"https:\/\/bihavadis.com\/index.php\/wp-json\/wp\/v2\/posts\/19727\/revisions"}],"predecessor-version":[{"id":19729,"href":"https:\/\/bihavadis.com\/index.php\/wp-json\/wp\/v2\/posts\/19727\/revisions\/19729"}],"wp:featuredmedia":[{"embeddable":true,"href":"https:\/\/bihavadis.com\/index.php\/wp-json\/wp\/v2\/media\/19728"}],"wp:attachment":[{"href":"https:\/\/bihavadis.com\/index.php\/wp-json\/wp\/v2\/media?parent=19727"}],"wp:term":[{"taxonomy":"category","embeddable":true,"href":"https:\/\/bihavadis.com\/index.php\/wp-json\/wp\/v2\/categories?post=19727"},{"taxonomy":"post_tag","embeddable":true,"href":"https:\/\/bihavadis.com\/index.php\/wp-json\/wp\/v2\/tags?post=19727"}],"curies":[{"name":"wp","href":"https:\/\/api.w.org\/{rel}","templated":true}]}}