{"id":19759,"date":"2026-02-07T06:57:07","date_gmt":"2026-02-07T06:57:07","guid":{"rendered":"https:\/\/bihavadis.com\/?p=19759"},"modified":"2026-02-07T06:57:07","modified_gmt":"2026-02-07T06:57:07","slug":"adanada-eski-esini-darbetti-yetmedi-sikayetci-oldu","status":"publish","type":"post","link":"https:\/\/bihavadis.com\/index.php\/2026\/02\/07\/adanada-eski-esini-darbetti-yetmedi-sikayetci-oldu\/","title":{"rendered":"Adana&#8217;da eski e\u015fini darbetti, yetmedi \u015fikayet\u00e7i oldu"},"content":{"rendered":"<p>Adana&#8217;n\u0131n Y\u00fcre\u011fir il\u00e7esine ba\u011fl\u0131 Ye\u015filba\u011flar Mahallesi\u2019nde Tu\u011fba Do\u011fan, yar\u0131y\u0131l tatilini 7 y\u0131l \u00f6nce bo\u015fand\u0131\u011f\u0131 e\u015fi Y.E.D.\u2019de olan 9 ve 14 ya\u015flar\u0131ndaki \u00e7ocuklar\u0131yla ge\u00e7irdi.<\/p>\n<p>Tatilin bitmesi \u00fczerine Y.E.D., \u00e7ocuklar\u0131n\u0131 teslim almak i\u00e7in yeni e\u015fiyle birlikte otomobille Tu\u011fba Do\u011fan\u2019\u0131n evine gitti.<\/p>\n<p>Do\u011fan\u2019\u0131n, Y.E.D.\u2019ye <em><b>\u2018\u00c7ocuklara iyi bak\u2019 <\/b><\/em>demesi \u00fczerine taraflar aras\u0131nda tart\u0131\u015fma \u00e7\u0131kt\u0131.<\/p>\n<p>K\u0131sa s\u00fcrede b\u00fcy\u00fcyen tart\u0131\u015fmada Y.E.D., otomobilden inerek Do\u011fan\u2019\u0131 \u00e7ocuklar\u0131n\u0131n g\u00f6z\u00fc \u00f6n\u00fcnde darbetti.<\/p>\n<p><strong>HEM DARBETT\u0130 HEM \u015e\u0130KAYET\u00c7\u0130 OLDU<\/strong><\/p>\n<p>Y.E.D., olay\u0131n ard\u0131ndan \u00e7ocuklardan birini alarak otomobile bindirdi. Ya\u015fananlar \u00e7evredekiler taraf\u0131ndan cep telefonu kameras\u0131yla kaydedildi.<\/p>\n<p>G\u00f6r\u00fcnt\u00fclerde, Y.E.D.\u2019nin Do\u011fan\u2019\u0131 darbetti\u011fi, Do\u011fan\u2019\u0131n ise kendini savunmak amac\u0131yla Y.E.D.\u2019ye ve otomobilin cam\u0131na vurdu\u011fu anlar yer ald\u0131.<\/p>\n<p>Olay\u0131n ard\u0131ndan hastaneye giden Tu\u011fba Do\u011fan, darp raporu alarak Y.E.D. hakk\u0131nda su\u00e7 duyurusunda bulundu.<\/p>\n<p>\u015eikayet \u00fczerine harekete ge\u00e7en polis ekipleri, Y.E.D.\u2019yi g\u00f6zalt\u0131na ald\u0131. Y.E.D. de parma\u011f\u0131n\u0131n k\u0131r\u0131ld\u0131\u011f\u0131 gerek\u00e7esiyle Tu\u011fba Do\u011fan\u2019dan \u015fikayet\u00e7i oldu.<\/p>\n<p>Bunun \u00fczerine Do\u011fan da g\u00f6zalt\u0131na al\u0131nd\u0131.<\/p>\n<p><strong>ADL\u0130 KONTROL \u015eARTIYLA SERBEST BIRAKILDILAR<\/strong><\/p>\n<p>Emniyetteki sorgular\u0131nda Tu\u011fba Do\u011fan\u2019\u0131n, \u201c<em><b>\u00c7ocu\u011fuma vurdu\u011fu i\u00e7in sald\u0131rd\u0131m\u201d <\/b><\/em>dedi\u011fi, Y.E.D.\u2019nin ise \u201c<em><b>Bana sald\u0131r\u0131nca kendimi savundum. O s\u0131rada parma\u011f\u0131m k\u0131r\u0131ld\u0131.\u201d<\/b><\/em> dedi\u011fi \u00f6\u011frenildi.<\/p>\n<p>\u0130\u015flemleri tamamlanan Y.E.D. ile Tu\u011fba Do\u011fan, adliyeye sevk edildi.<\/p>\n<p>\u015e\u00fcpheliler, \u00e7\u0131kar\u0131ld\u0131klar\u0131 mahkeme taraf\u0131ndan adli kontrol \u015fart\u0131yla serbest b\u0131rak\u0131ld\u0131.\u00a0<\/p>\n<p><img decoding=\"async\" src=\"https:\/\/bihavadis.com\/wp-content\/uploads\/2026\/02\/adanada-eski-esini-darbetti-yetmedi-sikayetci-oldu-0-REaTwv6Z.jpg\"\/><\/p>\n<p><img decoding=\"async\" src=\"https:\/\/bihavadis.com\/wp-content\/uploads\/2026\/02\/adanada-eski-esini-darbetti-yetmedi-sikayetci-oldu-1-xlFMKjSy.jpg\"\/><\/p>\n<p><img decoding=\"async\" src=\"https:\/\/bihavadis.com\/wp-content\/uploads\/2026\/02\/adanada-eski-esini-darbetti-yetmedi-sikayetci-oldu-2-hdVGiS9f.jpg\"\/><\/p>\n<p><img decoding=\"async\" src=\"https:\/\/bihavadis.com\/wp-content\/uploads\/2026\/02\/adanada-eski-esini-darbetti-yetmedi-sikayetci-oldu-3-tNapwmIu.jpg\"\/><\/p>\n<p><img decoding=\"async\" src=\"https:\/\/bihavadis.com\/wp-content\/uploads\/2026\/02\/adanada-eski-esini-darbetti-yetmedi-sikayetci-oldu-4-XiwNR6mz.jpg\"\/><\/p>\n<p><img decoding=\"async\" src=\"https:\/\/bihavadis.com\/wp-content\/uploads\/2026\/02\/adanada-eski-esini-darbetti-yetmedi-sikayetci-oldu-5-ZJuewWSV.jpg\"\/><\/p>\n","protected":false},"excerpt":{"rendered":"<p>\u00c7ocuklar\u0131n teslimi s\u0131ras\u0131nda \u00e7\u0131kan tart\u0131\u015fmada eski e\u015fi Y.E.D. taraf\u0131ndan darbedilen Tu\u011fba Do\u011fan, eski e\u015finin olay s\u0131ras\u0131nda parma\u011f\u0131n\u0131n k\u0131r\u0131ld\u0131\u011f\u0131 gerek\u00e7esiyle kendisinden \u015fikayet\u00e7i olmas\u0131 \u00fczerine g\u00f6zalt\u0131na al\u0131nd\u0131.<\/p>\n","protected":false},"author":1,"featured_media":19760,"comment_status":"open","ping_status":"open","sticky":false,"template":"","format":"standard","meta":{"footnotes":""},"categories":[4,13],"tags":[519,3616],"class_list":["post-19759","post","type-post","status-publish","format-standard","has-post-thumbnail","hentry","category-gundem","category-son-dakika","tag-dogan","tag-tugba"],"_links":{"self":[{"href":"https:\/\/bihavadis.com\/index.php\/wp-json\/wp\/v2\/posts\/19759","targetHints":{"allow":["GET"]}}],"collection":[{"href":"https:\/\/bihavadis.com\/index.php\/wp-json\/wp\/v2\/posts"}],"about":[{"href":"https:\/\/bihavadis.com\/index.php\/wp-json\/wp\/v2\/types\/post"}],"author":[{"embeddable":true,"href":"https:\/\/bihavadis.com\/index.php\/wp-json\/wp\/v2\/users\/1"}],"replies":[{"embeddable":true,"href":"https:\/\/bihavadis.com\/index.php\/wp-json\/wp\/v2\/comments?post=19759"}],"version-history":[{"count":1,"href":"https:\/\/bihavadis.com\/index.php\/wp-json\/wp\/v2\/posts\/19759\/revisions"}],"predecessor-version":[{"id":19767,"href":"https:\/\/bihavadis.com\/index.php\/wp-json\/wp\/v2\/posts\/19759\/revisions\/19767"}],"wp:featuredmedia":[{"embeddable":true,"href":"https:\/\/bihavadis.com\/index.php\/wp-json\/wp\/v2\/media\/19760"}],"wp:attachment":[{"href":"https:\/\/bihavadis.com\/index.php\/wp-json\/wp\/v2\/media?parent=19759"}],"wp:term":[{"taxonomy":"category","embeddable":true,"href":"https:\/\/bihavadis.com\/index.php\/wp-json\/wp\/v2\/categories?post=19759"},{"taxonomy":"post_tag","embeddable":true,"href":"https:\/\/bihavadis.com\/index.php\/wp-json\/wp\/v2\/tags?post=19759"}],"curies":[{"name":"wp","href":"https:\/\/api.w.org\/{rel}","templated":true}]}}