{"id":19847,"date":"2026-02-07T08:03:04","date_gmt":"2026-02-07T08:03:04","guid":{"rendered":"https:\/\/bihavadis.com\/?p=19847"},"modified":"2026-02-07T08:03:04","modified_gmt":"2026-02-07T08:03:04","slug":"karabaglar-da-6-subat-unutulmadi","status":"publish","type":"post","link":"https:\/\/bihavadis.com\/index.php\/2026\/02\/07\/karabaglar-da-6-subat-unutulmadi\/","title":{"rendered":"Karaba\u011flar &#8216;da 6 \u015eubat Unutulmad\u0131"},"content":{"rendered":"<p>Karaba\u011flar Belediyesi, 6 \u015eubat depremlerinin y\u0131l d\u00f6n\u00fcm\u00fcnde d\u00fczenledi\u011fi panel ve 6 \u015eubat An\u0131 Park\u0131\u2019nda anma program\u0131yla hem depremde ya\u015fam\u0131n\u0131 yitirenleri sayg\u0131yla and\u0131 hem de Mahalle Afet G\u00f6n\u00fcll\u00fcleri e\u011fitimlerini tamamlayan 100 g\u00f6n\u00fcll\u00fc vatanda\u015fa sertifikalar\u0131n\u0131 takdim etti. G\u00f6n\u00fcll\u00fcler, yeleklerini giyerek sahada g\u00f6rev yapmaya haz\u0131r h\u00e2le geldi.<\/p>\n<p>Karaba\u011flar Belediyesi Mobilya Akademisi\u2019nde d\u00fczenlenen \u201cAfetlerde G\u00f6n\u00fcll\u00fcl\u00fck\u201d panelinin moderat\u00f6rl\u00fc\u011f\u00fcn\u00fc Belediye Ba\u015fkan Yard\u0131mc\u0131s\u0131 Arda Soner Tatl\u0131 \u00fcstlendi. TMMOB \u0130n\u015faat M\u00fchendisleri Odas\u0131, AKUT, AFAD ve TRAC i\u015f birli\u011fiyle y\u00fcr\u00fct\u00fclen programda, uzmanlar deneyimlerini payla\u015farak afetlere kar\u015f\u0131 nas\u0131l daha g\u00fc\u00e7l\u00fc olunabilece\u011fini anlatt\u0131.<\/p>\n<p><b>Ba\u015fkan K\u0131nay: \u201cKaraba\u011flar\u2019\u0131n Her Soka\u011f\u0131na Bu Projeyi Ta\u015f\u0131yaca\u011f\u0131z\u201d<\/b><\/p>\n<p>Karaba\u011flar Belediye Ba\u015fkan\u0131 Helil K\u0131nay, panelde yapt\u0131\u011f\u0131 konu\u015fmada, 6 \u015eubat depremlerinde ya\u015fanan ac\u0131lar\u0131n unutulmamas\u0131 gerekti\u011fini vurgulayarak \u201cAfetler bu \u00fclkenin ger\u00e7e\u011fi. Engellenemez, ama do\u011fru planlama, bilimsel yakla\u015f\u0131m ve \u00f6rg\u00fctl\u00fc toplumla kay\u0131plar\u0131 azaltabiliriz\u201d diye konu\u015ftu<\/p>\n<p>K\u0131nay, Karaba\u011flar\u2019\u0131n sosyal a\u00e7\u0131dan k\u0131r\u0131lgan bir il\u00e7e oldu\u011funa dikkat \u00e7ekerek, kentsel d\u00f6n\u00fc\u015f\u00fcm \u00e7al\u0131\u015fmalar\u0131n\u0131n yaln\u0131zca binalar\u0131 yenilemek de\u011fil, ya\u015fam\u0131 d\u00f6n\u00fc\u015ft\u00fcrmek anlam\u0131na geldi\u011fini belirtti. Afetlere haz\u0131rl\u0131k s\u00fcrecinde risk y\u00f6netimi, planlama ve mahalle temelli dayan\u0131\u015fman\u0131n \u00f6nemine vurgu yapt\u0131. Mahalle Afet G\u00f6n\u00fcll\u00fcleri projesiyle il\u00e7ede g\u00fc\u00e7l\u00fc bir dayan\u0131\u015fma k\u00fclt\u00fcr\u00fc olu\u015fturmay\u0131 hedeflediklerini dile getirdi.<\/p>\n<p>K\u0131nay, Mahalle Afet G\u00f6n\u00fcll\u00fcleri projesinin amac\u0131n\u0131 \u201cAfet an\u0131nda profesyonel ekipler ula\u015fana kadar en b\u00fcy\u00fck destek kom\u015fulardan gelir. Bu nedenle \u2018yard\u0131m bekleyen de\u011fil, yard\u0131m\u0131 \u00fcreten mahalleler\u2019 yaratmak istiyoruz. K\u0131rm\u0131z\u0131 yelekler, bilin\u00e7, haz\u0131rl\u0131k ve dayan\u0131\u015fman\u0131n simgesi. Kaybedilen canlara kar\u015f\u0131 b\u00fcy\u00fck bir sorumluluk ta\u015f\u0131yoruz ve bunu \u00e7ocuklar\u0131m\u0131za daha g\u00fcvenli bir gelecek b\u0131rakma hedefiyle birle\u015ftiriyoruz. Bu daha ba\u015flang\u0131\u00e7! G\u00f6n\u00fcll\u00fc say\u0131m\u0131z\u0131 art\u0131rarak Karaba\u011flar\u2019\u0131n her soka\u011f\u0131na bu projeyi ta\u015f\u0131yaca\u011f\u0131z\u201d dedi.<\/p>\n<p><b>G\u00f6n\u00fcll\u00fcler Kentin Vicdan\u0131<\/b><\/p>\n<p>Mahalle Afet G\u00f6n\u00fcll\u00fcleri projesini payda\u015flarla hayata ge\u00e7iren Karaba\u011flar Kent Konseyi Ba\u015fkan\u0131 \u0130brahim Y\u0131lmaz ise, afet g\u00f6n\u00fcll\u00fcl\u00fc\u011f\u00fc e\u011fitimlerini tamamlayan vatanda\u015flara te\u015fekk\u00fcr etti ve afetlerin kader olmad\u0131\u011f\u0131n\u0131 vurgulad\u0131. Y\u0131lmaz, g\u00f6n\u00fcll\u00fclerin kentin vicdan\u0131 oldu\u011funu ve g\u00fcvenli bir gelecek i\u00e7in birlikte \u00e7al\u0131\u015fmaya devam edeceklerini belirtti.<\/p>\n<p><b>Uzmanlar Deneyimlerini Payla\u015ft\u0131<\/b><\/p>\n<p>Panelde; AFAD G\u00f6n\u00fcll\u00fc Koordinat\u00f6r\u00fc \u00d6yk\u00fcm Terzio\u011flu, AKUT Ekip Lideri Ramazan Ergut, TRAC Denetim Kurulu Ba\u015fkan\u0131 Nilay \u00d6z\u00e7etin ve Jeoloji M\u00fchendisleri Odas\u0131 \u0130zmir \u015eube Ba\u015fkan\u0131 Koray \u00c7etin \u00d6nalan deneyimlerini aktard\u0131.<\/p>\n<p>\u00d6yk\u00fcm Terzio\u011flu, AFAD g\u00f6n\u00fcll\u00fclerinin afet an\u0131nda ilk yard\u0131m, psikososyal destek, yang\u0131n ve arama-kurtarma gibi g\u00f6revlerde kritik rol oynad\u0131\u011f\u0131n\u0131 belirtti.<\/p>\n<p>Nilay \u00d6z\u00e7etin, afetlerde haberle\u015fmenin \u00f6nemine dikkat \u00e7ekti ve amat\u00f6r telsizcilik e\u011fitimleriyle g\u00f6n\u00fcll\u00fclerin ileti\u015fim altyap\u0131s\u0131n\u0131n g\u00fc\u00e7lendi\u011fini aktard\u0131.<\/p>\n<p>Ramazan Ergut, kurulu\u015flar\u0131ndan bu yana y\u00fcr\u00fctt\u00fckleri kurtarma operasyonlar\u0131ndan \u00f6rnekler verdi. Marmara, Mara\u015f ve Van depremlerinde h\u0131zl\u0131 m\u00fcdahale sa\u011flad\u0131klar\u0131n\u0131 s\u00f6yledi. Ayr\u0131ca, Karaba\u011flar Belediyesi\u2019nin deste\u011fi ve yerle\u015fkesinin tahsisi sayesinde e\u011fitim ve sahaya haz\u0131rl\u0131k s\u00fcre\u00e7lerinin \u00e7ok daha verimli y\u00fcr\u00fct\u00fcld\u00fc\u011f\u00fcn\u00fc vurgulad\u0131.<\/p>\n<p>Koray \u00c7etin \u00d6nalan, afetlerin do\u011frudan ka\u00e7\u0131n\u0131lmaz olmad\u0131\u011f\u0131n\u0131, esas tehlikenin haz\u0131rl\u0131ks\u0131z yakalanmak ve sistem eksiklikleri oldu\u011funu belirtti. Do\u011fal kaynaklar\u0131n yanl\u0131\u015f kullan\u0131m\u0131 nedeniyle yang\u0131n ve sel gibi afetlerin tetiklendi\u011fine dikkat \u00e7ekti ve kurumlar, sivil toplum kurulu\u015flar\u0131 ile odalar\u0131n s\u00fcrekli ileti\u015fim ve koordinasyon i\u00e7inde olmas\u0131 gerekti\u011fini vurgulad\u0131.<\/p>\n<p><b>Sertifikalar ve Anma Program\u0131<\/b><\/p>\n<p>Program kapsam\u0131nda, Mahalle Afet G\u00f6n\u00fcll\u00fcleri Projesi\u2019ne katk\u0131 sunan Karaba\u011flar Kent Konseyi Ba\u015fkan\u0131 \u0130brahim Y\u0131lmaz, AKUT ad\u0131na Esra P\u00fcll\u00fc ve \u0130n\u015faat M\u00fchendisleri Odas\u0131 \u0130zmir \u015eubesi Afet Komisyonu \u00fcyesi ve \u0130zmir Afet Derne\u011fi Ba\u015fkan\u0131 Selma Nalbanto\u011flu ve di\u011fer panelistlere plaketleri Ba\u015fkan K\u0131nay taraf\u0131ndan takdim edildi. K\u0131nay ayr\u0131ca e\u011fitimlerini tamamlayan mahalle afet g\u00f6n\u00fcll\u00fclerine de sertifikalar\u0131n\u0131 verdi; g\u00f6n\u00fcll\u00fcler yeleklerini giyerek sahada g\u00f6rev almaya haz\u0131r h\u00e2le geldi.<\/p>\n<p><b>6 \u015eubat An\u0131 Park\u0131\u2019nda Anma T\u00f6reni<\/b><\/p>\n<p>Karaba\u011flar Belediyesi taraf\u0131ndan hayata ge\u00e7irilen 6 \u015eubat An\u0131 Park\u0131, depremin y\u0131l d\u00f6n\u00fcm\u00fcnde duygu dolu bir anma t\u00f6renine ev sahipli\u011fi yapt\u0131.<\/p>\n<p>Deprem \u015fehitlerini anmak ve toplumsal haf\u0131zay\u0131 diri tutmak amac\u0131yla d\u00fczenlenen t\u00f6rene; Karaba\u011flar Belediye Ba\u015fkan\u0131 Helil K\u0131nay, CHP \u0130l\u00e7e Ba\u015fkan\u0131 Volkan G\u00fcrbo\u011fa, siyasi parti temsilcileri, meclis \u00fcyeleri, muhtarlar ve sivil toplum kurulu\u015flar\u0131 kat\u0131ld\u0131. T\u00f6rende ayr\u0131ca KARKUT, AKUT ve Mahalle Afet G\u00f6n\u00fcll\u00fcleri, Depremin ac\u0131s\u0131n\u0131 y\u00fcre\u011finde ta\u015f\u0131yan ailelerden Abdullah-Akg\u00fcl Karame\u015fe, L\u00fctfiye Nas\u0131ro\u011flu ve \u0130S\u0130AS Otel facias\u0131nda evlad\u0131n\u0131 kaybeden Z\u00fcbeyde Kalayc\u0131 da yer ald\u0131.<\/p>\n<p><b>Ba\u015fkan K\u0131nay: &#8220;Bu Park Bizim Vicdan N\u00f6betimizdir&#8221;<\/b><\/p>\n<p>T\u00f6rende konu\u015fan Ba\u015fkan Helil K\u0131nay, 6 \u015eubat\u2019\u0131n sadece fiziksel bir y\u0131k\u0131m de\u011fil, toplumun adalet ve g\u00fcven duygusunda a\u00e7\u0131lan derin bir yara oldu\u011funu ifade etti. Kaybedilen her can\u0131n bir say\u0131dan ibaret olmad\u0131\u011f\u0131n\u0131 hat\u0131rlatan K\u0131nay &#8220;Bu park\u0131 sadece bir an\u0131 mekan\u0131 olarak de\u011fil, Karaba\u011flar\u2019\u0131n ve \u00fclkemizin bir &#8216;vicdan n\u00f6beti&#8217; olarak g\u00f6r\u00fcyoruz. Bilimden, emekten ve adaletten yana bir kent anlay\u0131\u015f\u0131n\u0131 kurmak zorunday\u0131z. Unutmamak, yeni ac\u0131lar\u0131n \u00f6n\u00fcne ge\u00e7menin tek yoludur&#8221; diye konu\u015ftu.<\/p>\n<p>T\u00f6rende ayr\u0131ca AKUT Ekip Lider Yard\u0131mc\u0131s\u0131 \u00d6zg\u00fcr \u00d6zmen<b>,\u00a0<\/b>T\u00fcrkiye\u2019de her ku\u015fa\u011f\u0131n bir deprem travmas\u0131 ya\u015fad\u0131\u011f\u0131n\u0131 hat\u0131rlatarak, &#8220;Riskli binalarda ya\u015famaktan vazge\u00e7meli, \u00f6nleyici yakla\u015f\u0131mlar\u0131 hayata ge\u00e7irmeliyiz&#8221; ifadelerini kulland\u0131.<\/p>\n<p>Kent Konseyi Ba\u015fkan\u0131 \u0130brahim Y\u0131lmaz ise \u00d6rg\u00fctl\u00fc g\u00f6n\u00fcll\u00fcl\u00fc\u011f\u00fcn hayat kurtar\u0131c\u0131 rol\u00fcne dikkat \u00e7ekerek t\u00fcm sa\u011fl\u0131k \u00e7al\u0131\u015fanlar\u0131 ve g\u00f6n\u00fcll\u00fclere te\u015fekk\u00fcr etti.<\/p>\n<p><b>Dualar ve Karanfillerle Veda<\/b><\/p>\n<p>Anma program\u0131, Karaba\u011flar M\u00fcft\u00fcl\u00fc\u011f\u00fc\u2019nden Abdullah Alt\u0131nta\u015f\u2019\u0131n okudu\u011fu dualarla devam etti. T\u00f6renin sonunda protokol \u00fcyeleri ve vatanda\u015flar, depremde hayat\u0131n\u0131 kaybedenlerin an\u0131s\u0131na haz\u0131rlanan b\u00fcste karanfiller b\u0131rakt\u0131.<\/p>\n<p>\u00a0<\/p>\n<p>Kaynak: (BYZHA) Beyaz Haber Ajans\u0131<\/p>\n","protected":false},"excerpt":{"rendered":"<p>Karaba\u011flar Belediyesi, 6 \u015eubat depremlerinin y\u0131l d\u00f6n\u00fcm\u00fcnde d\u00fczenledi\u011fi panel ve 6 \u015eubat An\u0131 Park\u0131\u2019nda anma program\u0131yla hem depremde ya\u015fam\u0131n\u0131 yitirenleri sayg\u0131yla and\u0131 hem de Mahalle Afet G\u00f6n\u00fcll\u00fcleri e\u011fitimlerini tamamlayan 100 g\u00f6n\u00fcll\u00fc vatanda\u015fa sertifikalar\u0131n\u0131 takdim etti. G\u00f6n\u00fcll\u00fcler, yeleklerini giyerek sahada g\u00f6rev yapmaya haz\u0131r h\u00e2le geldi.<\/p>\n","protected":false},"author":1,"featured_media":19848,"comment_status":"open","ping_status":"open","sticky":false,"template":"","format":"standard","meta":{"footnotes":""},"categories":[4],"tags":[1194,516,60,1048,1004],"class_list":["post-19847","post","type-post","status-publish","format-standard","has-post-thumbnail","hentry","category-gundem","tag-afet","tag-baskan","tag-deprem","tag-gonullu","tag-karabaglar"],"_links":{"self":[{"href":"https:\/\/bihavadis.com\/index.php\/wp-json\/wp\/v2\/posts\/19847","targetHints":{"allow":["GET"]}}],"collection":[{"href":"https:\/\/bihavadis.com\/index.php\/wp-json\/wp\/v2\/posts"}],"about":[{"href":"https:\/\/bihavadis.com\/index.php\/wp-json\/wp\/v2\/types\/post"}],"author":[{"embeddable":true,"href":"https:\/\/bihavadis.com\/index.php\/wp-json\/wp\/v2\/users\/1"}],"replies":[{"embeddable":true,"href":"https:\/\/bihavadis.com\/index.php\/wp-json\/wp\/v2\/comments?post=19847"}],"version-history":[{"count":1,"href":"https:\/\/bihavadis.com\/index.php\/wp-json\/wp\/v2\/posts\/19847\/revisions"}],"predecessor-version":[{"id":19849,"href":"https:\/\/bihavadis.com\/index.php\/wp-json\/wp\/v2\/posts\/19847\/revisions\/19849"}],"wp:featuredmedia":[{"embeddable":true,"href":"https:\/\/bihavadis.com\/index.php\/wp-json\/wp\/v2\/media\/19848"}],"wp:attachment":[{"href":"https:\/\/bihavadis.com\/index.php\/wp-json\/wp\/v2\/media?parent=19847"}],"wp:term":[{"taxonomy":"category","embeddable":true,"href":"https:\/\/bihavadis.com\/index.php\/wp-json\/wp\/v2\/categories?post=19847"},{"taxonomy":"post_tag","embeddable":true,"href":"https:\/\/bihavadis.com\/index.php\/wp-json\/wp\/v2\/tags?post=19847"}],"curies":[{"name":"wp","href":"https:\/\/api.w.org\/{rel}","templated":true}]}}