{"id":19856,"date":"2026-02-07T08:09:11","date_gmt":"2026-02-07T08:09:11","guid":{"rendered":"https:\/\/bihavadis.com\/?p=19856"},"modified":"2026-02-07T08:09:11","modified_gmt":"2026-02-07T08:09:11","slug":"mustafa-alkayisin-adiyaman-temaslari","status":"publish","type":"post","link":"https:\/\/bihavadis.com\/index.php\/2026\/02\/07\/mustafa-alkayisin-adiyaman-temaslari\/","title":{"rendered":"Mustafa Alkay\u0131\u015f&#8217;\u0131n Ad\u0131yaman Temaslar\u0131"},"content":{"rendered":"<p> AK Parti Te\u015fkilat Ba\u015fkan Yard\u0131mc\u0131s\u0131 ve Ad\u0131yaman Milletvekili Mustafa Alkay\u0131\u015f, Ad\u0131yaman temaslar\u0131 kapsam\u0131nda siyasi parti il ba\u015fkanl\u0131klar\u0131n\u0131 ziyaret ederek de\u011ferlendirmelerde bulundu.<\/p>\n<p>Milletvekili Mustafa Alkay\u0131\u015f, Cumhuriyet Halk Partisi Ad\u0131yaman \u0130l Ba\u015fkan\u0131 Engin Do\u011fan, Saadet Partisi Ad\u0131yaman \u0130l Ba\u015fkan\u0131 Ha\u015fim Asnuk, Milliyet\u00e7i Hareket Partisi Ad\u0131yaman \u0130l Ba\u015fkan\u0131 Ali \u00d6nat, Yeniden Refah Partisi Ad\u0131yaman \u0130l Ba\u015fkan\u0131 \u0130smail Demir ve B\u00fcy\u00fck Birlik Partisi Ad\u0131yaman \u0130l Ba\u015fkan\u0131 Basri At\u00e7\u0131 ile bir araya geldi.<\/p>\n<p>Ziyaretlerde Alkay\u0131\u015f&#8217;a; AK Parti Ad\u0131yaman \u0130l Ba\u015fkan\u0131 Ekrem \u00c7ad\u0131r, Merkez \u0130l\u00e7e Ba\u015fkan\u0131 Mehmet Fatih Olgun, Gen\u00e7lik Kollar\u0131 Ba\u015fkan\u0131 Hasan \u00dcnsal ve te\u015fkilat mensuplar\u0131 e\u015flik etti.<\/p>\n<p>Ziyaretlere ili\u015fkin a\u00e7\u0131klamalarda bulunan Mustafa Alkay\u0131\u015f, &#8220;Siyasi partiler, halk iradesinin siyasal sisteme yans\u0131d\u0131\u011f\u0131; farkl\u0131 d\u00fc\u015f\u00fcncelerin, g\u00f6r\u00fc\u015flerin ve yakla\u015f\u0131mlar\u0131n temsil edildi\u011fi demokrasimizin temel unsurlar\u0131d\u0131r. Bu y\u00f6n\u00fcyle siyasi partiler birbirlerinin d\u00fc\u015fman\u0131 de\u011fil, millete hizmet yar\u0131\u015f\u0131nda rakibidir.<\/p>\n<p>Siyasi rekabet; ayr\u0131\u015ft\u0131ran bir dil \u00fczerinden de\u011fil, hizmeti ve \u00e7\u00f6z\u00fcm\u00fc esas alan bir anlay\u0131\u015fla y\u00fcr\u00fct\u00fclmelidir. Ad\u0131yaman&#8217;\u0131m\u0131z; iyi g\u00fcnde de zor g\u00fcnde de bir araya gelmeyi bilen, karde\u015flik hukukunu g\u00fc\u00e7l\u00fc \u015fekilde ya\u015fatan m\u00fcstesna \u015fehirlerimizden biridir&#8221; dedi.<\/p>\n<p>Ger\u00e7ekle\u015ftirilen ziyaretlerde il ba\u015fkanlar\u0131 ve te\u015fkilat mensuplar\u0131n\u0131n g\u00f6r\u00fc\u015f, talep ve de\u011ferlendirmelerini dikkatle dinlediklerini belirten Alkay\u0131\u015f, &#8220;Kar\u015f\u0131l\u0131kl\u0131 isti\u015fare anlay\u0131\u015f\u0131yla hem y\u00fcr\u00fctt\u00fc\u011f\u00fcm\u00fcz \u00e7al\u0131\u015fmalar\u0131 payla\u015ft\u0131k hem de yap\u0131c\u0131 ele\u015ftiri ve \u00f6nerileri de\u011ferlendirme imkan\u0131 bulduk. Bu temaslar\u0131n Ad\u0131yaman&#8217;\u0131m\u0131za, demokrasimize ve toplumsal birlikteli\u011fimize katk\u0131 sunmas\u0131n\u0131 temenni ediyorum&#8221; diye konu\u015ftu. &#8211; ADIYAMAN<\/p>\n","protected":false},"excerpt":{"rendered":"<p>Milletvekili Alkay\u0131\u015f, Ad\u0131yaman&#8217;da siyasi parti ba\u015fkanlar\u0131yla bir araya gelerek de\u011ferlendirmelerde bulundu.<\/p>\n","protected":false},"author":1,"featured_media":19857,"comment_status":"open","ping_status":"open","sticky":false,"template":"","format":"standard","meta":{"footnotes":""},"categories":[12],"tags":[2191,516,563],"class_list":["post-19856","post","type-post","status-publish","format-standard","has-post-thumbnail","hentry","category-siyaset","tag-adiyaman","tag-baskan","tag-parti"],"_links":{"self":[{"href":"https:\/\/bihavadis.com\/index.php\/wp-json\/wp\/v2\/posts\/19856","targetHints":{"allow":["GET"]}}],"collection":[{"href":"https:\/\/bihavadis.com\/index.php\/wp-json\/wp\/v2\/posts"}],"about":[{"href":"https:\/\/bihavadis.com\/index.php\/wp-json\/wp\/v2\/types\/post"}],"author":[{"embeddable":true,"href":"https:\/\/bihavadis.com\/index.php\/wp-json\/wp\/v2\/users\/1"}],"replies":[{"embeddable":true,"href":"https:\/\/bihavadis.com\/index.php\/wp-json\/wp\/v2\/comments?post=19856"}],"version-history":[{"count":1,"href":"https:\/\/bihavadis.com\/index.php\/wp-json\/wp\/v2\/posts\/19856\/revisions"}],"predecessor-version":[{"id":19858,"href":"https:\/\/bihavadis.com\/index.php\/wp-json\/wp\/v2\/posts\/19856\/revisions\/19858"}],"wp:featuredmedia":[{"embeddable":true,"href":"https:\/\/bihavadis.com\/index.php\/wp-json\/wp\/v2\/media\/19857"}],"wp:attachment":[{"href":"https:\/\/bihavadis.com\/index.php\/wp-json\/wp\/v2\/media?parent=19856"}],"wp:term":[{"taxonomy":"category","embeddable":true,"href":"https:\/\/bihavadis.com\/index.php\/wp-json\/wp\/v2\/categories?post=19856"},{"taxonomy":"post_tag","embeddable":true,"href":"https:\/\/bihavadis.com\/index.php\/wp-json\/wp\/v2\/tags?post=19856"}],"curies":[{"name":"wp","href":"https:\/\/api.w.org\/{rel}","templated":true}]}}