{"id":19881,"date":"2026-02-07T08:30:06","date_gmt":"2026-02-07T08:30:06","guid":{"rendered":"https:\/\/bihavadis.com\/?p=19881"},"modified":"2026-02-07T08:30:06","modified_gmt":"2026-02-07T08:30:06","slug":"baskan-buyukakin-kacmaz-ailesinin-acisina-ortak-oldu","status":"publish","type":"post","link":"https:\/\/bihavadis.com\/index.php\/2026\/02\/07\/baskan-buyukakin-kacmaz-ailesinin-acisina-ortak-oldu\/","title":{"rendered":"Ba\u015fkan B\u00fcy\u00fckak\u0131n, Ka\u00e7maz ailesinin ac\u0131s\u0131na ortak oldu"},"content":{"rendered":"<p>Kocaelispor-Be\u015fikta\u015f ma\u00e7\u0131 s\u0131ras\u0131nda ya\u015fanan elim olayda hayat\u0131n\u0131 kaybeden Harda Ka\u00e7maz topra\u011fa verildi. Baba Fethi Ka\u00e7maz ve ailesinin ac\u0131s\u0131na ortak olan Ba\u015fkan B\u00fcy\u00fckak\u0131n, \u201cHarda karde\u015fimizi asla unutmayaca\u011f\u0131z\u201d dedi.<\/p>\n<p>Kocaelispor-Be\u015fikta\u015f aras\u0131nda oynanan Ziraat T\u00fcrkiye Kupas\u0131 ma\u00e7\u0131nda ya\u015fanan elim olayda, 20 ya\u015f\u0131ndaki Harda Ka\u00e7maz hayat\u0131n\u0131 kaybetti. \u00d6l\u00fcm\u00fc ile herkesi yasa bo\u011fan Ka\u00e7maz i\u00e7in \u0130zmit Fatih Mahallesi Zeytinlik Camii\u2019nde cenaze t\u00f6reni d\u00fczenlendi. Cenaze t\u00f6renine Kocaeli Valisi \u0130lhami Akta\u015f, AK Parti Kocaeli Milletvekili Veysel Tipio\u011flu, Kocaeli B\u00fcy\u00fck\u015fehir Belediye Ba\u015fkan\u0131 Tahir B\u00fcy\u00fckak\u0131n ve AK Parti \u0130l Ba\u015fkan\u0131 Dr. \u015eahin Talus da kat\u0131ld\u0131.<\/p>\n<p><b>\u201cHARDA KARDE\u015e\u0130M\u0130Z\u0130 UNUTMAYACA\u011eIZ<\/b><\/p>\n<p>Ba\u015fkan B\u00fcy\u00fckak\u0131n tabutun ba\u015f\u0131ndan bir an olsun ayr\u0131lmazken baba Fethi Ka\u00e7maz\u2019a sar\u0131ld\u0131, teselli ederek ac\u0131s\u0131na ortak oldu. Harda Ka\u00e7maz\u2019\u0131 unutmayacaklar\u0131n\u0131 belirten Ba\u015fkan B\u00fcy\u00fckak\u0131n sosyal medya hesab\u0131ndan yapt\u0131\u011f\u0131 payla\u015f\u0131mda ise, \u201cS\u00f6ylenecek s\u00f6z, bu ac\u0131y\u0131 hafifletecek teselli yok. Karde\u015fimizin mekan\u0131 cennet olsun. Ailesine, sevenlerine ve t\u00fcm camiam\u0131za sab\u0131r diliyoruz. Ba\u015f\u0131m\u0131z sa\u011f olsun. Seni asla unutmayaca\u011f\u0131z\u201d dedi.<\/p>\n<p>\u00a0<\/p>\n<p>Kaynak: (BYZHA) Beyaz Haber Ajans\u0131<\/p>\n","protected":false},"excerpt":{"rendered":"<p>Kocaelispor-Be\u015fikta\u015f ma\u00e7\u0131 s\u0131ras\u0131nda ya\u015fanan elim olayda hayat\u0131n\u0131 kaybeden Harda Ka\u00e7maz topra\u011fa verildi.<\/p>\n","protected":false},"author":1,"featured_media":19882,"comment_status":"open","ping_status":"open","sticky":false,"template":"","format":"standard","meta":{"footnotes":""},"categories":[4],"tags":[],"class_list":["post-19881","post","type-post","status-publish","format-standard","has-post-thumbnail","hentry","category-gundem"],"_links":{"self":[{"href":"https:\/\/bihavadis.com\/index.php\/wp-json\/wp\/v2\/posts\/19881","targetHints":{"allow":["GET"]}}],"collection":[{"href":"https:\/\/bihavadis.com\/index.php\/wp-json\/wp\/v2\/posts"}],"about":[{"href":"https:\/\/bihavadis.com\/index.php\/wp-json\/wp\/v2\/types\/post"}],"author":[{"embeddable":true,"href":"https:\/\/bihavadis.com\/index.php\/wp-json\/wp\/v2\/users\/1"}],"replies":[{"embeddable":true,"href":"https:\/\/bihavadis.com\/index.php\/wp-json\/wp\/v2\/comments?post=19881"}],"version-history":[{"count":1,"href":"https:\/\/bihavadis.com\/index.php\/wp-json\/wp\/v2\/posts\/19881\/revisions"}],"predecessor-version":[{"id":19883,"href":"https:\/\/bihavadis.com\/index.php\/wp-json\/wp\/v2\/posts\/19881\/revisions\/19883"}],"wp:featuredmedia":[{"embeddable":true,"href":"https:\/\/bihavadis.com\/index.php\/wp-json\/wp\/v2\/media\/19882"}],"wp:attachment":[{"href":"https:\/\/bihavadis.com\/index.php\/wp-json\/wp\/v2\/media?parent=19881"}],"wp:term":[{"taxonomy":"category","embeddable":true,"href":"https:\/\/bihavadis.com\/index.php\/wp-json\/wp\/v2\/categories?post=19881"},{"taxonomy":"post_tag","embeddable":true,"href":"https:\/\/bihavadis.com\/index.php\/wp-json\/wp\/v2\/tags?post=19881"}],"curies":[{"name":"wp","href":"https:\/\/api.w.org\/{rel}","templated":true}]}}