{"id":19920,"date":"2026-02-07T09:03:06","date_gmt":"2026-02-07T09:03:06","guid":{"rendered":"https:\/\/bihavadis.com\/?p=19920"},"modified":"2026-02-07T09:03:06","modified_gmt":"2026-02-07T09:03:06","slug":"ozgur-ozelden-devlet-bahceliye-ahmaklik-sozunu-uzerime-alinmadim","status":"publish","type":"post","link":"https:\/\/bihavadis.com\/index.php\/2026\/02\/07\/ozgur-ozelden-devlet-bahceliye-ahmaklik-sozunu-uzerime-alinmadim\/","title":{"rendered":"\u00d6zg\u00fcr \u00d6zel&#8217;den Devlet Bah\u00e7eli&#8217;ye: &#8216;Ahmakl\u0131k&#8217; s\u00f6z\u00fcn\u00fc \u00fczerime al\u0131nmad\u0131m"},"content":{"rendered":"<p>Siyaset arenas\u0131nda erken se\u00e7im g\u00fcndemi yeniden \u00fcst s\u0131ralara \u00e7\u0131kt\u0131.<\/p>\n<p>D\u00fczenledi\u011fi her mitingde erken se\u00e7im \u00e7a\u011fr\u0131s\u0131 yapan CHP Genel Ba\u015fkan\u0131 \u00d6zg\u00fcr \u00d6zel&#8217;e cevap Cumhur \u0130ttifak\u0131 orta\u011f\u0131 MHP Genel Ba\u015fkan\u0131 Devlet Bah\u00e7eli&#8217;den geldi.<\/p>\n<p><strong>ERKEN SE\u00c7\u0130M POLEM\u0130\u011e\u0130<\/strong><\/p>\n<p>Erken se\u00e7im istemenin siyasi ahmakl\u0131k oldu\u011funu s\u00f6yleyen Bah\u00e7eli, kap\u0131y\u0131 tamamen kapatt\u0131.<\/p>\n<p>NOW TV&#8217;de \u0130lker Karag\u00f6z ile \u00c7alar Saat program\u0131na kat\u0131lan \u00d6zel, Bah\u00e7eli&#8217;nin bu s\u00f6zlerine cevap verdi.<\/p>\n<p>S\u00f6ylenilen hi\u00e7bir s\u00f6z\u00fc \u00fczerine al\u0131nmad\u0131\u011f\u0131n\u0131 belirten \u00d6zel, Devlet Bah\u00e7eli&#8217;nin \u00f6nceki y\u0131llarda konuyla alakal\u0131 s\u00f6ylemlerini hat\u0131rlatt\u0131.<\/p>\n<p><strong>&#8220;S\u00d6ZLER\u0130N\u0130 \u00dcZER\u0130ME ALINMADIM&#8221;<\/strong><\/p>\n<p>\u00d6zel \u015fu ifadeleri kulland\u0131:<\/p>\n<p><em><b>&#8220;\u015e\u00f6yle bir d\u00f6k\u00fcm var elimde; Say\u0131n Bah\u00e7eli 2018 y\u0131l\u0131nda erken se\u00e7im istemenin vatana ihanet oldu\u011funu s\u00f6ylemi\u015ftir. 2018&#8217;de nisan ay\u0131nda grup toplant\u0131s\u0131na \u00e7\u0131k\u0131p a\u011fustos ay\u0131nda erken se\u00e7im yapal\u0131m demi\u015ftir. Ertesi g\u00fcn Erdo\u011fan ile bir araya gelmi\u015fler ve 24 Haziran erken se\u00e7imini ilan etmi\u015flerdir.\u00a0<\/b><\/em><\/p>\n<p><b><em>Say\u0131n Bah\u00e7eli bir hafta \u00f6nce &#8216;erken se\u00e7im istemek vatan hainli\u011fidir&#8217; deyip bir hafta sonra erken se\u00e7ime tarih veren bir siyaset\u00e7idir.<\/em><\/b><\/p>\n<p><img decoding=\"async\" src=\"https:\/\/bihavadis.com\/wp-content\/uploads\/2026\/02\/ozgur-ozelden-devlet-bahceliye-ahmaklik-sozunu-uzerime-alinmadim-0-tygecqBx.jpg\"\/><\/p>\n<p><strong>&#8220;YA ERKEN SE\u00c7\u0130M \u00c7A\u011eRISI YAPACAK YA DA ERDO\u011eAN&#8217;A MESAJ VER\u0130YOR&#8221;<\/strong><\/p>\n<p><b><em>O y\u00fczden tan\u0131mlamalar\u0131n\u0131n hi\u00e7birini \u00fczerime al\u0131nm\u0131yorum. O s\u00f6zleri bana s\u00f6yl\u00fcyor olamaz. O s\u00f6zleri erken se\u00e7im olmayaca\u011f\u0131n\u0131 ispatlamak i\u00e7in de kullanamaz.\u00a0<\/em><\/b><\/p>\n<p><em><b>Ya bir erken se\u00e7im \u00e7a\u011fr\u0131s\u0131 yapacak, ge\u00e7mi\u015fteki gibi lastikleri \u0131s\u0131nd\u0131r\u0131yor olabilir. Ya da Erdo\u011fan&#8217;\u0131n adayl\u0131\u011f\u0131na kar\u015f\u0131 \u00e7\u0131kacak, erken se\u00e7im olursa Erdo\u011fan aday olabiliyor, ona bir mesaj veriyor olabilir.<\/b><\/em><\/p>\n<p><b><em>Ben hi\u00e7 \u00fczerime al\u0131nmad\u0131m.&#8221;<\/em><\/b><\/p>\n<p><strong>BAH\u00c7EL\u0130&#8217;N\u0130N SERT S\u00d6ZLER\u0130<\/strong><\/p>\n<p>Erken se\u00e7imin T\u00fcrkiye&#8217;nin g\u00fcndeminde olmad\u0131\u011f\u0131n\u0131 kaydeden Bah\u00e7eli, <em><b>&#8220;CHP Genel Ba\u015fkan\u0131&#8217;n\u0131n erken se\u00e7im \u00e7a\u011fr\u0131s\u0131 tam bir siyasi ahmakl\u0131kt\u0131r.&#8221; <\/b><\/em>ifadelerini kullanm\u0131\u015f, s\u00f6zlerine \u015f\u00f6yle devam etmi\u015fti:<\/p>\n<p>CHP Genel Ba\u015fkan\u0131 merak etmesin, se\u00e7im g\u00fcn\u00fc geldi\u011finde T\u00fcrk milleti y\u00fcksek iradesiyle inkarc\u0131, r\u00fc\u015fvet\u00e7i, kumarc\u0131, komisyoncu, organize yolsuzluk \u00e7etesine T\u00fcrkiye&#8217;nin ka\u00e7 bucak oldu\u011funu g\u00f6sterecek.<\/p>\n","protected":false},"excerpt":{"rendered":"<p>Devlet Bah\u00e7eli&#8217;nin &#8216;erken se\u00e7im \u00e7a\u011fr\u0131s\u0131 tam bir siyasi ahmakl\u0131kt\u0131r&#8217; s\u00f6zlerini \u00fczerine al\u0131nmad\u0131\u011f\u0131n\u0131 belirten \u00d6zg\u00fcr \u00d6zel, Bah\u00e7eli&#8217;nin tam aksine erken se\u00e7im \u00e7a\u011fr\u0131s\u0131 haz\u0131rl\u0131\u011f\u0131nda olabilece\u011fini s\u00f6yledi.<\/p>\n","protected":false},"author":1,"featured_media":19921,"comment_status":"open","ping_status":"open","sticky":false,"template":"","format":"standard","meta":{"footnotes":""},"categories":[9,4,12],"tags":[2621,3287,3634],"class_list":["post-19920","post","type-post","status-publish","format-standard","has-post-thumbnail","hentry","category-genel","category-gundem","category-siyaset","tag-bahceli","tag-erken-secim","tag-sozleri"],"_links":{"self":[{"href":"https:\/\/bihavadis.com\/index.php\/wp-json\/wp\/v2\/posts\/19920","targetHints":{"allow":["GET"]}}],"collection":[{"href":"https:\/\/bihavadis.com\/index.php\/wp-json\/wp\/v2\/posts"}],"about":[{"href":"https:\/\/bihavadis.com\/index.php\/wp-json\/wp\/v2\/types\/post"}],"author":[{"embeddable":true,"href":"https:\/\/bihavadis.com\/index.php\/wp-json\/wp\/v2\/users\/1"}],"replies":[{"embeddable":true,"href":"https:\/\/bihavadis.com\/index.php\/wp-json\/wp\/v2\/comments?post=19920"}],"version-history":[{"count":1,"href":"https:\/\/bihavadis.com\/index.php\/wp-json\/wp\/v2\/posts\/19920\/revisions"}],"predecessor-version":[{"id":19923,"href":"https:\/\/bihavadis.com\/index.php\/wp-json\/wp\/v2\/posts\/19920\/revisions\/19923"}],"wp:featuredmedia":[{"embeddable":true,"href":"https:\/\/bihavadis.com\/index.php\/wp-json\/wp\/v2\/media\/19921"}],"wp:attachment":[{"href":"https:\/\/bihavadis.com\/index.php\/wp-json\/wp\/v2\/media?parent=19920"}],"wp:term":[{"taxonomy":"category","embeddable":true,"href":"https:\/\/bihavadis.com\/index.php\/wp-json\/wp\/v2\/categories?post=19920"},{"taxonomy":"post_tag","embeddable":true,"href":"https:\/\/bihavadis.com\/index.php\/wp-json\/wp\/v2\/tags?post=19920"}],"curies":[{"name":"wp","href":"https:\/\/api.w.org\/{rel}","templated":true}]}}