{"id":19942,"date":"2026-02-07T09:21:07","date_gmt":"2026-02-07T09:21:07","guid":{"rendered":"https:\/\/bihavadis.com\/?p=19942"},"modified":"2026-02-07T09:21:07","modified_gmt":"2026-02-07T09:21:07","slug":"yusuf-tekin-milli-birligimizi-ve-beraberligimizi-guclendirecek-guzel-etkinlikler-yapacagiz","status":"publish","type":"post","link":"https:\/\/bihavadis.com\/index.php\/2026\/02\/07\/yusuf-tekin-milli-birligimizi-ve-beraberligimizi-guclendirecek-guzel-etkinlikler-yapacagiz\/","title":{"rendered":"Yusuf Tekin: Milli birli\u011fimizi ve beraberli\u011fimizi g\u00fc\u00e7lendirecek g\u00fczel etkinlikler yapaca\u011f\u0131z"},"content":{"rendered":"<p>Milli E\u011fitim Bakan\u0131 Yusuf Tekin, 2025-2026 e\u011fitim \u00f6\u011fretim y\u0131l\u0131n\u0131n ikinci d\u00f6nemine ili\u015fkin a\u00e7\u0131klamada bulundu.<\/p>\n<p>Bakan Tekin, okul \u00f6ncesi, ilkokul, ortaokul ve liselerde e\u011fitim g\u00f6ren yakla\u015f\u0131k 18 milyon \u00f6\u011frencinin, 2 haftal\u0131k yar\u0131y\u0131l tatilinin ard\u0131ndan 2025-2026 e\u011fitim \u00f6\u011fretim y\u0131l\u0131n\u0131n ikinci d\u00f6nemine &#8216;Bayrak sevgisi&#8217; temas\u0131yla ba\u015flamas\u0131na ili\u015fkin mesajlar verdi.<\/p>\n<p><strong>&#8220;BAYRA\u011eIMIZLA \u0130LG\u0130L\u0130 \u00c7OCUKLARIMIZIN DUYGULARINI FARKINDALIK ORTAMIYLA HATIRLATACA\u011eIZ&#8221;<\/strong><\/p>\n<p>Bakan Tekin, \u015funlar\u0131 s\u00f6yledi:<\/p>\n<p>\u00d6nce iki haftal\u0131k tatil in\u015fallah \u00e7ocuklar\u0131m\u0131z, gen\u00e7lerimiz ve \u00f6\u011fretmenlerimiz i\u00e7in g\u00fczel ge\u00e7mi\u015ftir. \u0130ki hafta az da olsa bir dinlenme alan\u0131 olmu\u015ftur kendileri i\u00e7in. \u015eimdi tekrar bahar yar\u0131y\u0131l\u0131, ikinci yar\u0131y\u0131la ba\u015flad\u0131k.<\/p>\n<p>Tevafuk; ikinci yar\u0131y\u0131la Berat Kandil\u2019inin bereketiyle ba\u015flad\u0131k.<\/p>\n<p>Biz T\u00fcrkiye&#8217;nin \u015fu anda etraf\u0131m\u0131zda ya\u015fanan sava\u015flar, d\u00fcnyan\u0131n i\u00e7erisinde bulundu\u011fu insan haklar\u0131 ihlalleri, d\u00fcnyan\u0131n i\u00e7erisinde bulundu\u011fu bu problemler yuma\u011f\u0131 i\u00e7erisinde T\u00fcrkiye&#8217;nin sahip oldu\u011fu, T\u00fcrkiye&#8217;nin bulundu\u011fu pozisyon, b\u00fct\u00fcn bunlar\u0131 g\u00f6z \u00f6n\u00fcnde bulundurarak \u00fclkemizde milli birli\u011fin ve beraberli\u011fin, gurur duymam\u0131z gereken bunca olay\u0131n, T\u00fcrkiye&#8217;nin bar\u0131\u015f anlam\u0131nda, Gazi Mustafa Kemal Atat\u00fcrk&#8217;\u00fcn &#8216;Yurtta ve d\u00fcnyada bar\u0131\u015f&#8217; mesaj\u0131 verdi\u011fi bir T\u00fcrkiye Cumhuriyeti&#8217;nin bug\u00fcn yurtta\u015flar\u0131 olarak, i\u00e7inde bulundu\u011fumuz bu ortamda, \u00e7ocuklar\u0131m\u0131z da bu gururu ya\u015fas\u0131nlar istedik.<\/p>\n<p>Ve bayra\u011f\u0131m\u0131z\u0131, bayra\u011f\u0131m\u0131zla ilgili \u00e7ocuklar\u0131m\u0131z\u0131n duygular\u0131n\u0131, d\u00fc\u015f\u00fcncelerini bir fark\u0131ndal\u0131k ortam\u0131yla hat\u0131rlatal\u0131m istedik.<\/p>\n<p><img decoding=\"async\" src=\"https:\/\/bihavadis.com\/wp-content\/uploads\/2026\/02\/yusuf-tekin-milli-birligimizi-ve-beraberligimizi-guclendirecek-guzel-etkinlikler-yapacagiz-0-I8ifufvK.jpg\"\/><\/p>\n<p><strong>&#8220;E\u011e\u0130T\u0130M \u00d6\u011eRET\u0130M YILINA &#8216;BAYRAK SEVG\u0130S\u0130&#8217; TEMASIYLA BA\u015eLADIK&#8221;<\/strong><\/p>\n<p>&#8216;Bayrak sevgisi&#8217; temas\u0131n\u0131n ramazan ay\u0131nda da s\u00fcrece\u011fini belirten Bakan Tekin, \u015f\u00f6yle devam etti:<\/p>\n<p>E\u011fitim \u00f6\u011fretim y\u0131l\u0131na &#8216;Bayrak sevgisi&#8217; temas\u0131yla ba\u015flad\u0131k. Pazartesi g\u00fcn\u00fc itibar\u0131yla T\u00fcrkiye&#8217;de b\u00fct\u00fcn okullar\u0131m\u0131zda bayrakla ilgili etkinlikler oldu. Sosyal medyada \u00f6\u011fretmenlerimiz, okullar\u0131m\u0131z bayrakla ilgili faaliyetlerini, etkinliklerini payla\u015ft\u0131lar.<\/p>\n<p>Alt\u0131nda ya\u015famaktan, g\u00f6lgesinde ya\u015famaktan, \u00fczerimizde dalgalanmas\u0131ndan onur duydu\u011fumuz T\u00fcrk bayra\u011f\u0131n\u0131n, ay y\u0131ld\u0131zl\u0131 bayra\u011f\u0131m\u0131z\u0131n, \u00e7ocuklar\u0131m\u0131za ve gen\u00e7lerimize en iyi \u015fekilde o fark\u0131ndal\u0131\u011f\u0131 verebilmek a\u00e7\u0131s\u0131ndan g\u00fczel etkinlikler yapt\u0131k.<\/p>\n<p><img decoding=\"async\" src=\"https:\/\/bihavadis.com\/wp-content\/uploads\/2026\/02\/yusuf-tekin-milli-birligimizi-ve-beraberligimizi-guclendirecek-guzel-etkinlikler-yapacagiz-1-aIjPyQIw.jpg\"\/><\/p>\n<p><strong>&#8220;M\u0130LL\u0130 B\u0130RL\u0130K VE BERABERL\u0130\u011e\u0130M\u0130Z\u0130 G\u00dc\u00c7LEND\u0130RECEK ETK\u0130NL\u0130KLER YAPACA\u011eIZ&#8221;<\/strong><\/p>\n<p>\u0130n\u015fallah d\u00f6nem i\u00e7erisinde de bu anlamda milli birli\u011fimizi ve beraberli\u011fimizi g\u00fc\u00e7lendirecek g\u00fczel etkinlikler yapaca\u011f\u0131z.<\/p>\n<p>\u015eimdi ramazan ay\u0131 yakla\u015f\u0131yor. Ramazan da bizim i\u00e7in yine milli birli\u011fimiz ve beraberli\u011fimiz a\u00e7\u0131s\u0131ndan, k\u00fclt\u00fcrel birlikteli\u011fimiz a\u00e7\u0131s\u0131ndan \u00e7ok \u00f6nemli bir ay.<\/p>\n<p>Ramazan ay\u0131nda da yine ayn\u0131 \u015fekilde, ayn\u0131 temayla \u00e7ocuklar\u0131m\u0131z\u0131n bu anlamda milli birli\u011fimiz, geleneklerimiz, g\u00f6reneklerimiz, k\u00fclt\u00fcr\u00fcm\u00fcze sahip \u00e7\u0131kacaklar\u0131 bir ortam olu\u015fturmaya \u00e7aba sarf edece\u011fiz.<\/p>\n<p><img decoding=\"async\" src=\"https:\/\/bihavadis.com\/wp-content\/uploads\/2026\/02\/yusuf-tekin-milli-birligimizi-ve-beraberligimizi-guclendirecek-guzel-etkinlikler-yapacagiz-2-R6Cjee3Y.jpg\"\/><\/p>\n<p><img decoding=\"async\" src=\"https:\/\/bihavadis.com\/wp-content\/uploads\/2026\/02\/yusuf-tekin-milli-birligimizi-ve-beraberligimizi-guclendirecek-guzel-etkinlikler-yapacagiz-3-3cTifqwh.jpg\"\/><\/p>\n<p><img decoding=\"async\" src=\"https:\/\/bihavadis.com\/wp-content\/uploads\/2026\/02\/yusuf-tekin-milli-birligimizi-ve-beraberligimizi-guclendirecek-guzel-etkinlikler-yapacagiz-4-gwsgwOax.jpg\"\/><\/p>\n","protected":false},"excerpt":{"rendered":"<p>Milli E\u011fitim Bakan\u0131 Yusuf Tekin, 2025-2026 e\u011fitim-\u00f6\u011fretim y\u0131l\u0131n\u0131n ikinci d\u00f6neminin &#8216;Bayrak sevgisi&#8217; temas\u0131yla ba\u015flamas\u0131na ili\u015fkin, &#8220;T\u00fcrkiye&#8217;de b\u00fct\u00fcn okullar\u0131m\u0131zda bayrakla ilgili etkinlikler oldu. \u0130n\u015fallah d\u00f6nem i\u00e7erisinde de bu anlamda milli birli\u011fimizi ve beraberli\u011fimizi g\u00fc\u00e7lendirecek g\u00fczel etkinlikler yapaca\u011f\u0131z&#8221; dedi.<\/p>\n","protected":false},"author":1,"featured_media":19943,"comment_status":"open","ping_status":"open","sticky":false,"template":"","format":"standard","meta":{"footnotes":""},"categories":[7],"tags":[3636,233,1001,1907,197],"class_list":["post-19942","post","type-post","status-publish","format-standard","has-post-thumbnail","hentry","category-egitim","tag-cocuklarimiz","tag-egitim","tag-etkinlikler","tag-milli","tag-turkiye"],"_links":{"self":[{"href":"https:\/\/bihavadis.com\/index.php\/wp-json\/wp\/v2\/posts\/19942","targetHints":{"allow":["GET"]}}],"collection":[{"href":"https:\/\/bihavadis.com\/index.php\/wp-json\/wp\/v2\/posts"}],"about":[{"href":"https:\/\/bihavadis.com\/index.php\/wp-json\/wp\/v2\/types\/post"}],"author":[{"embeddable":true,"href":"https:\/\/bihavadis.com\/index.php\/wp-json\/wp\/v2\/users\/1"}],"replies":[{"embeddable":true,"href":"https:\/\/bihavadis.com\/index.php\/wp-json\/wp\/v2\/comments?post=19942"}],"version-history":[{"count":1,"href":"https:\/\/bihavadis.com\/index.php\/wp-json\/wp\/v2\/posts\/19942\/revisions"}],"predecessor-version":[{"id":19949,"href":"https:\/\/bihavadis.com\/index.php\/wp-json\/wp\/v2\/posts\/19942\/revisions\/19949"}],"wp:featuredmedia":[{"embeddable":true,"href":"https:\/\/bihavadis.com\/index.php\/wp-json\/wp\/v2\/media\/19943"}],"wp:attachment":[{"href":"https:\/\/bihavadis.com\/index.php\/wp-json\/wp\/v2\/media?parent=19942"}],"wp:term":[{"taxonomy":"category","embeddable":true,"href":"https:\/\/bihavadis.com\/index.php\/wp-json\/wp\/v2\/categories?post=19942"},{"taxonomy":"post_tag","embeddable":true,"href":"https:\/\/bihavadis.com\/index.php\/wp-json\/wp\/v2\/tags?post=19942"}],"curies":[{"name":"wp","href":"https:\/\/api.w.org\/{rel}","templated":true}]}}