{"id":19953,"date":"2026-02-07T09:27:05","date_gmt":"2026-02-07T09:27:05","guid":{"rendered":"https:\/\/bihavadis.com\/?p=19953"},"modified":"2026-02-07T09:27:05","modified_gmt":"2026-02-07T09:27:05","slug":"deprem-gercegi-bakirkoyde-uzmanlarla-masaya-yatirildi","status":"publish","type":"post","link":"https:\/\/bihavadis.com\/index.php\/2026\/02\/07\/deprem-gercegi-bakirkoyde-uzmanlarla-masaya-yatirildi\/","title":{"rendered":"Deprem Ger\u00e7e\u011fi Bak\u0131rk\u00f6y&#8217;de Uzmanlarla Masaya Yat\u0131r\u0131ld\u0131"},"content":{"rendered":"<p>Bak\u0131rk\u00f6y Belediyesi taraf\u0131ndan d\u00fczenlenen \u201cBak\u0131rk\u00f6y depreme haz\u0131r m\u0131?\u201d panelinde, \u0130stanbul\u2019un deprem ger\u00e7e\u011fi bilimsel veriler \u0131\u015f\u0131\u011f\u0131nda ele al\u0131nd\u0131. Panel \u00f6ncesinde belediyenin fuaye alan\u0131nda a\u00e7\u0131lan \u201c6 \u015eubat: O G\u00fcnden Kalanlar\u201d sergisi ise depreme dair g\u00f6rsel haf\u0131zay\u0131 g\u00fc\u00e7lendirdi.<\/p>\n<p>Bak\u0131rk\u00f6y Belediyesi, olas\u0131 \u0130stanbul depremine y\u00f6nelik fark\u0131ndal\u0131\u011f\u0131 art\u0131rmak amac\u0131yla \u201cBak\u0131rk\u00f6y depreme haz\u0131r m\u0131?\u201d ba\u015fl\u0131kl\u0131 bir panel d\u00fczenledi. Bak\u0131rk\u00f6y Belediyesi Konferans Salonu\u2019nda ger\u00e7ekle\u015ftirilen panele, Bak\u0131rk\u00f6y Belediye Ba\u015fkan\u0131 Do\u00e7. Dr. Ay\u015feg\u00fcl Oval\u0131o\u011flu\u2019nun yan\u0131 s\u0131ra alan\u0131nda uzman akademisyenler kat\u0131ld\u0131. Panelde; Prof. Dr. Haluk Eyido\u011fan, Do\u00e7. Dr. Burcu Zeybek ve Dr. \u00d6\u011fr. B\u00fclent Tansel, deprem riski, kentsel dayan\u0131kl\u0131l\u0131k, yap\u0131 g\u00fcvenli\u011fi, afetlere haz\u0131rl\u0131k ve afet durumunda sa\u011fl\u0131kl\u0131 ileti\u015fim konular\u0131nda de\u011ferlendirmelerde bulundu. Moderat\u00f6rl\u00fc\u011f\u00fcn\u00fc Bak\u0131rk\u00f6y Belediyesi Meclis \u00dcyesi Nesrin S\u00fcmeyye \u00d6zbay\u2019\u0131n \u00fcstlendi\u011fi panelde, Bak\u0131rk\u00f6y \u00f6zelinde y\u00fcr\u00fct\u00fclen \u00e7al\u0131\u015fmalar ve at\u0131lmas\u0131 gereken ad\u0131mlar ele al\u0131nd\u0131.<\/p>\n<p><b>Depreme dair g\u00f6rsel haf\u0131za g\u00fc\u00e7lendirildi<\/b><\/p>\n<p>Panel \u00f6ncesinde ise belediyenin fuaye alan\u0131nda \u201c6 \u015eubat: O G\u00fcnden Kalanlar\u201d adl\u0131 sergi ziyaret\u00e7ilere a\u00e7\u0131ld\u0131. Kahramanmara\u015f merkezli depremlerin ard\u0131ndan ya\u015fananlar\u0131 g\u00f6rsel anlat\u0131mlarla aktaran sergi, depremin b\u0131rakt\u0131\u011f\u0131 izleri ve toplumsal haf\u0131zadaki yerini g\u00f6zler \u00f6n\u00fcne serdi. Sergiye Bak\u0131rk\u00f6y Belediye Ba\u015fkan\u0131 Do\u00e7. Dr. Ay\u015feg\u00fcl Oval\u0131o\u011flu da kat\u0131ld\u0131.<\/p>\n<p><b>\u201cT\u00fcm kurumlar\u0131m\u0131z dayan\u0131\u015fma ve sorumluluk bilinciyle \u00e7al\u0131\u015fmal\u0131\u201d<\/b><\/p>\n<p>6 \u015eubat depremlerinde yitirilen canlar\u0131 rahmetle anarak konu\u015fmas\u0131na ba\u015flayan Bak\u0131rk\u00f6y Belediye Ba\u015fkan\u0131 Do\u00e7. Dr. Ay\u015feg\u00fcl Oval\u0131o\u011flu, \u201cDepremin \u00fczerinden tam 3 y\u0131l ge\u00e7ti,\u00a0bug\u00fcn hala daha konteynerlerde ya\u015fayan vatanda\u015flar\u0131m\u0131z\u0131n ya\u015fad\u0131\u011f\u0131 s\u0131k\u0131nt\u0131lar\u0131 konu\u015fuyoruz. Hem depremle m\u00fccadele konusunda hem de deprem b\u00f6lgesindeki vatanda\u015flar\u0131m\u0131z\u0131n ya\u015famsal ko\u015fullar\u0131 hakk\u0131nda t\u00fcm kurumlar\u0131m\u0131z\u0131n dayan\u0131\u015fma ve sorumluluk bilinciyle \u00e7al\u0131\u015fmas\u0131 gerekti\u011fini d\u00fc\u015f\u00fcn\u00fcyorum. Depremin hemen ard\u0131ndan Bak\u0131rk\u00f6y Belediyesi taraf\u0131ndan dayan\u0131\u015fma a\u011f\u0131 kuruldu ve binlerce kom\u015fumuzun deste\u011fiyle Sanat\u00e7\u0131lar Park\u0131\u2019nda temel ihtiya\u00e7 malzemeleri ve k\u0131yafetler topland\u0131. Ayr\u0131ca Hatay\u2019\u0131n Samanda\u011f il\u00e7esinde belediyemiz taraf\u0131ndan a\u015fevi, revir ve kre\u015f kuruldu. A\u015fevinden \u00f6\u011flen ve ak\u015fam olmak \u00fczere her g\u00fcn iki \u00f6\u011f\u00fcn 1000 ki\u015filik s\u0131cak yemek da\u011f\u0131t\u0131m\u0131 ger\u00e7ekle\u015ftirildi. Kre\u015fimiz g\u00fcnde 20 \u00e7ocu\u011fun yuvas\u0131 oldu. T\u00fcm bu hizmetlerimiz Haziran ay\u0131 itibariyle Samanda\u011f Belediyesi\u2019ne devredildi\u201d dedi.<\/p>\n<p><b>\u201c\u00d6nceli\u011fimiz deprem g\u00fcvenli\u011fi ve kentsel d\u00f6n\u00fc\u015f\u00fcm\u201d<\/b><\/p>\n<p>G\u00f6reve geldikten itibaren deprem g\u00fcvenli\u011fi ve kentsel d\u00f6n\u00fc\u015f\u00fcm konusunda yapt\u0131klar\u0131 \u00e7al\u0131\u015fmalardan bahseden Ba\u015fkan Oval\u0131o\u011flu, \u201c6 \u015eubat depremlerinden tam bir y\u0131l sonra g\u00f6reve geldi\u011fimiz Bak\u0131rk\u00f6y\u2019de ilk\u00a0\u00f6nceli\u011fimiz deprem g\u00fcvenli\u011fi ve kentsel d\u00f6n\u00fc\u015f\u00fcm oldu. \u00a0G\u00f6reve gelir gelmez Kentsel D\u00f6n\u00fc\u015f\u00fcm M\u00fcd\u00fcrl\u00fc\u011f\u00fc ve Afet \u0130\u015fleri M\u00fcd\u00fcrl\u00fc\u011f\u00fc kurduk. Arama Kurtarma Ekibimiz BAKUT\u2019u g\u00fc\u00e7lendirdik. 1999 depreminden sonra, 25 y\u0131l boyunca \u00e7\u00f6z\u00fcms\u00fczl\u00fc\u011fe terk edilen, kentsel d\u00f6n\u00fc\u015f\u00fcm sorunumuzu Bak\u0131rk\u00f6y Belediyesi ve \u0130stanbul B\u00fcy\u00fck\u015fehir Belediyesi i\u015fbirli\u011fi ile bir y\u0131l gibi k\u0131sa bir s\u00fcrede \u00e7\u00f6zd\u00fck. \u0130stanbul B\u00fcy\u00fck\u015fehir Belediye Ba\u015fkan\u0131m\u0131z Ekrem \u0130mamo\u011flu\u2019nun deste\u011fi ile 13 Mart 2025 tarihinde imar planlar\u0131m\u0131z \u0130BB Meclisimizde onayland\u0131. Y\u0131llard\u0131r binalar\u0131m\u0131z\u0131 d\u00f6n\u00fc\u015ft\u00fcrmemize engel olan pek \u00e7ok sorunu imar planlar\u0131m\u0131z sayesinde ortadan kald\u0131rd\u0131k\u201d diye konu\u015ftu.<\/p>\n<p><b>\u201cDeprem diren\u00e7li bir gelece\u011fi in\u015fa etmeye kararl\u0131y\u0131z\u201d<\/b><\/p>\n<p>Olas\u0131 \u0130stanbul depremine kar\u015f\u0131 ger\u00e7ekle\u015ftirilen \u00e7al\u0131\u015fmalardan da bahseden Ba\u015fkan Oval\u0131o\u011flu \u015funlar\u0131 s\u00f6yledi: \u201cBak\u0131rk\u00f6y\u2019deki \u00e7ok hasarl\u0131 bina say\u0131s\u0131 782, a\u011f\u0131r hasarl\u0131 bina say\u0131s\u0131 bin 306, orta hasarl\u0131 bina say\u0131s\u0131 3 bin 394, hafif hasarl\u0131 bina say\u0131s\u0131 3 bin 939 olarak tahmin edilmektedir. Bu verileri \u00f6\u011frenir \u00f6\u011frenmez harekete ge\u00e7tik. \u0130stanbul B\u00fcy\u00fck\u015fehir Belediyesi taraf\u0131ndan ger\u00e7ekle\u015ftirilen H\u0131zl\u0131 Tarama Sistemi\u2019ni Bak\u0131rk\u00f6y\u2019de uygulamaya ba\u015flad\u0131k. H\u0131zl\u0131 Tarama Sistemi ile risk \u00f6nceli\u011fini tespit etti\u011fimiz 200 bina i\u00e7in belediye olarak karot alma i\u015flemlerini ba\u015flatt\u0131k. Planlar\u0131m\u0131z\u0131n onaylanmas\u0131yla birlikte belediyemize ba\u015fvurulara ba\u011fl\u0131 olarak riskli yap\u0131 tespitinde %100\u2019\u00fcn \u00fczerinde bir art\u0131\u015f ya\u015fand\u0131. Son bir y\u0131l i\u00e7inde 261 binada riskli yap\u0131 tespit ettik, 122\u2019sinin y\u0131k\u0131m\u0131n\u0131 ger\u00e7ekle\u015ftirdik. 1268 \u0130mar durum belgesi d\u00fczenledik. Toplam 84 milyon 587 bin 594 TL kira deste\u011fi sa\u011flad\u0131k. Afetle m\u00fccadele kapsam\u0131nda, en ba\u015fta personelimize ve Bak\u0131rk\u00f6yl\u00fc kom\u015fular\u0131m\u0131za afetle m\u00fccadele ve temel ilk yard\u0131m e\u011fitimleri verdik. 17 e\u011fitim kurumunda 3 bin 555 \u00f6\u011frencimize afet e\u011fitimi verdik. Sorumlulu\u011fumuzun bilinciyle hareket ediyoruz. Bak\u0131rk\u00f6yl\u00fc kom\u015fular\u0131m\u0131zla birlikte kentimizi d\u00f6n\u00fc\u015ft\u00fcrmeye, g\u00fcvenli, deprem diren\u00e7li bir gelece\u011fi in\u015fa etmeye kararl\u0131y\u0131z.\u201d<\/p>\n<p>\u00a0<\/p>\n<p>\u00a0<\/p>\n<p>Kaynak: (BYZHA) Beyaz Haber Ajans\u0131<\/p>\n","protected":false},"excerpt":{"rendered":"<p>Bak\u0131rk\u00f6y Belediyesi taraf\u0131ndan d\u00fczenlenen \u201cBak\u0131rk\u00f6y depreme haz\u0131r m\u0131?\u201d panelinde, \u0130stanbul\u2019un deprem ger\u00e7e\u011fi bilimsel veriler \u0131\u015f\u0131\u011f\u0131nda ele al\u0131nd\u0131.<\/p>\n","protected":false},"author":1,"featured_media":19954,"comment_status":"open","ping_status":"open","sticky":false,"template":"","format":"standard","meta":{"footnotes":""},"categories":[4],"tags":[3637,516,372,1656,60],"class_list":["post-19953","post","type-post","status-publish","format-standard","has-post-thumbnail","hentry","category-gundem","tag-bakirkoy","tag-baskan","tag-belediye","tag-bina","tag-deprem"],"_links":{"self":[{"href":"https:\/\/bihavadis.com\/index.php\/wp-json\/wp\/v2\/posts\/19953","targetHints":{"allow":["GET"]}}],"collection":[{"href":"https:\/\/bihavadis.com\/index.php\/wp-json\/wp\/v2\/posts"}],"about":[{"href":"https:\/\/bihavadis.com\/index.php\/wp-json\/wp\/v2\/types\/post"}],"author":[{"embeddable":true,"href":"https:\/\/bihavadis.com\/index.php\/wp-json\/wp\/v2\/users\/1"}],"replies":[{"embeddable":true,"href":"https:\/\/bihavadis.com\/index.php\/wp-json\/wp\/v2\/comments?post=19953"}],"version-history":[{"count":1,"href":"https:\/\/bihavadis.com\/index.php\/wp-json\/wp\/v2\/posts\/19953\/revisions"}],"predecessor-version":[{"id":19955,"href":"https:\/\/bihavadis.com\/index.php\/wp-json\/wp\/v2\/posts\/19953\/revisions\/19955"}],"wp:featuredmedia":[{"embeddable":true,"href":"https:\/\/bihavadis.com\/index.php\/wp-json\/wp\/v2\/media\/19954"}],"wp:attachment":[{"href":"https:\/\/bihavadis.com\/index.php\/wp-json\/wp\/v2\/media?parent=19953"}],"wp:term":[{"taxonomy":"category","embeddable":true,"href":"https:\/\/bihavadis.com\/index.php\/wp-json\/wp\/v2\/categories?post=19953"},{"taxonomy":"post_tag","embeddable":true,"href":"https:\/\/bihavadis.com\/index.php\/wp-json\/wp\/v2\/tags?post=19953"}],"curies":[{"name":"wp","href":"https:\/\/api.w.org\/{rel}","templated":true}]}}