{"id":19963,"date":"2026-02-07T09:36:06","date_gmt":"2026-02-07T09:36:06","guid":{"rendered":"https:\/\/bihavadis.com\/?p=19963"},"modified":"2026-02-07T09:36:06","modified_gmt":"2026-02-07T09:36:06","slug":"edremit-belediyesinden-temel-afet-bilinclendirme-egitimi","status":"publish","type":"post","link":"https:\/\/bihavadis.com\/index.php\/2026\/02\/07\/edremit-belediyesinden-temel-afet-bilinclendirme-egitimi\/","title":{"rendered":"Edremit Belediyesi&#8217;nden &#8220;Temel Afet Bilin\u00e7lendirme E\u011fitimi&#8221;"},"content":{"rendered":"<p>Edremit Belediyesi, 6 \u015eubat Kahramanmara\u015f merkezli b\u00fcy\u00fck depremin 3. y\u0131l d\u00f6n\u00fcm\u00fcnde, afetlere kar\u015f\u0131 haz\u0131rl\u0131kl\u0131 olunmas\u0131 amac\u0131yla T\u00fcrkiye Belediyeler Birli\u011fi (TBB) ve AKUT Vakf\u0131 i\u015f birli\u011fiyle \u201cTemel Afet Bilin\u00e7lendirme E\u011fitimi\u201d d\u00fczenledi.<\/p>\n<p>Edremit Belediyesi, olas\u0131 afetlere kar\u015f\u0131 kurumsal kapasitesini g\u00fc\u00e7lendirmek, vatanda\u015flar\u0131 ve belediye personelini bilin\u00e7lendirmek amac\u0131yla e\u011fitim \u00e7al\u0131\u015fmalar\u0131n\u0131 s\u00fcrd\u00fcr\u00fcyor. Bu kapsamda, Edremit Belediyesi Afet \u0130\u015fleri ve Risk Y\u00f6netimi M\u00fcd\u00fcrl\u00fc\u011f\u00fc organizasyonunda ve T\u00fcrkiye Belediyeler Birli\u011fi i\u015f birli\u011fiyle, belediye personeline ve vatanda\u015flara y\u00f6nelik kapsaml\u0131 bir e\u011fitim program\u0131 ger\u00e7ekle\u015ftirildi.<\/p>\n<p>\u015e\u00fckr\u00fc Tunar K\u00fclt\u00fcr Merkezi\u2019nde d\u00fczenlenen e\u011fitime, belediye b\u00fcnyesinde kurulan Arama Kurtarma Ekibi ba\u015fta olmak \u00fczere belediyenin farkl\u0131 birimlerinden \u00e7ok say\u0131da personel ile birlikte vatanda\u015flar kat\u0131ld\u0131.<\/p>\n<p>Program\u0131n a\u00e7\u0131l\u0131\u015f\u0131nda konu\u015fan Afet \u0130\u015fleri ve Risk Y\u00f6netimi M\u00fcd\u00fcr\u00fc \u0130lhan Yazar, m\u00fcd\u00fcrl\u00fck olarak y\u00fcr\u00fct\u00fclen \u00e7al\u0131\u015fmalar hakk\u0131nda bilgi vererek, olas\u0131 bir afet durumunda Edremit\u2019te yap\u0131lmas\u0131 gerekenlere ili\u015fkin de\u011ferlendirmelerde bulundu. Yazar, Edremit Belediyesi Arama Kurtarma Ekibi\u2019nin kuruldu\u011funu, gerekli teorik ve uygulamal\u0131 e\u011fitimlerin tamamlanarak ekibin g\u00f6reve haz\u0131r hale getirildi\u011fini ifade etti.<\/p>\n<p>\u201cTemel Afet Bilin\u00e7lendirme E\u011fitimi\u201d ba\u015fl\u0131\u011f\u0131yla d\u00fczenlenen programda, AKUT Vakf\u0131 e\u011fitmenleri Feridun Y\u00fckselen ve Sadettin Uslu taraf\u0131ndan kat\u0131l\u0131mc\u0131lara bilgilendirmelerde bulunuldu. E\u011fitim kapsam\u0131nda; deprem, yang\u0131n ve sel gibi afet t\u00fcrleri \u00f6ncesinde al\u0131nmas\u0131 gereken \u00f6nlemler, afet an\u0131nda do\u011fru davran\u0131\u015f bi\u00e7imleri ve afet sonras\u0131nda yap\u0131lmas\u0131 gereken ilk m\u00fcdahale s\u00fcre\u00e7leri detayl\u0131 \u015fekilde aktar\u0131ld\u0131.<\/p>\n<p>E\u011fitime kat\u0131lan Edremit Belediye Ba\u015fkan\u0131 Mehmet Erta\u015f, yapt\u0131\u011f\u0131 konu\u015fmada afetlere kar\u015f\u0131 bilin\u00e7lenmenin, haz\u0131rl\u0131kl\u0131 olman\u0131n ve birlikte hareket etmenin hayati bir sorumluluk oldu\u011funa dikkat \u00e7ekti. Erta\u015f, 6 \u015eubat 2023\u2019te ya\u015fanan ve t\u00fcm T\u00fcrkiye\u2019yi derinden etkileyen b\u00fcy\u00fck depremlerin 3. y\u0131l d\u00f6n\u00fcm\u00fcnde hayat\u0131n\u0131 kaybeden vatanda\u015flar\u0131 rahmetle and\u0131.<\/p>\n<p>Son d\u00f6nemde Bal\u0131kesir\u2019in S\u0131nd\u0131rg\u0131 il\u00e7esinde meydana gelen depremler ile Edremit K\u00f6rfezi\u2019ne kom\u015fu \u00c7anakkale Ayvac\u0131k\u2013Assos b\u00f6lgesinde 2017 y\u0131l\u0131nda ya\u015fanan depremlerin, b\u00f6lgenin deprem ger\u00e7e\u011finin g\u00f6z ard\u0131 edilemeyece\u011fini a\u00e7\u0131k\u00e7a ortaya koydu\u011funu belirten Ba\u015fkan Erta\u015f, Edremit Belediyesi olarak afetlere yaln\u0131zca m\u00fcdahale eden de\u011fil; \u00f6nceden haz\u0131rlanan, riskleri azaltan ve toplumsal fark\u0131ndal\u0131\u011f\u0131 art\u0131ran bir anlay\u0131\u015fla \u00e7al\u0131\u015ft\u0131klar\u0131n\u0131 ifade etti.<\/p>\n<p>AKUT Vakf\u0131 ve T\u00fcrkiye Belediyeler Birli\u011fi i\u015f birli\u011fiyle d\u00fczenlenen bu t\u00fcr e\u011fitimlerin, deprem, yang\u0131n ve sel gibi afetlerde do\u011fru davran\u0131\u015f bi\u00e7imlerini \u00f6\u011fretmeyi ama\u00e7lad\u0131\u011f\u0131n\u0131 vurgulayan Erta\u015f, bilgiyle g\u00fc\u00e7lenen bir toplumun afetler kar\u015f\u0131s\u0131nda \u00e7ok daha diren\u00e7li olaca\u011f\u0131na inand\u0131\u011f\u0131n\u0131 s\u00f6yledi.<\/p>\n<p>Program\u0131n sonunda Edremit Belediye Ba\u015fkan\u0131 Mehmet Erta\u015f, T\u00fcrkiye Radyo Amat\u00f6rleri Cemiyeti (TRAC) haberle\u015fme a\u011f\u0131na ait telsizler \u00fczerinden farkl\u0131 illerdeki TRAC temsilcileriyle ba\u011flant\u0131 kurdu. Bu s\u0131rada Erzincan TRAC temsilcisiyle yap\u0131lan g\u00f6r\u00fc\u015fme s\u0131ras\u0131nda Erzincan\u2019da deprem meydana geldi\u011fi bilgisi payla\u015f\u0131ld\u0131. Belediye Ba\u015fkan\u0131 Erta\u015f, ya\u015fanan deprem nedeniyle Erzincan halk\u0131na ge\u00e7mi\u015f olsun dileklerini ileterek, afetlere kar\u015f\u0131 g\u00fc\u00e7l\u00fc ileti\u015fim ve koordinasyonun \u00f6nemine bir kez daha dikkat \u00e7ekti.<\/p>\n<p>\u00a0<\/p>\n<p>Kaynak: (BYZHA) Beyaz Haber Ajans\u0131<\/p>\n","protected":false},"excerpt":{"rendered":"<p>Edremit Belediyesi, 6 \u015eubat Kahramanmara\u015f merkezli b\u00fcy\u00fck depremin 3. y\u0131l d\u00f6n\u00fcm\u00fcnde, afetlere kar\u015f\u0131 haz\u0131rl\u0131kl\u0131 olunmas\u0131 amac\u0131yla T\u00fcrkiye Belediyeler Birli\u011fi (TBB) ve AKUT Vakf\u0131 i\u015f birli\u011fiyle \u201cTemel Afet Bilin\u00e7lendirme E\u011fitimi\u201d d\u00fczenledi.<\/p>\n","protected":false},"author":1,"featured_media":19964,"comment_status":"open","ping_status":"open","sticky":false,"template":"","format":"standard","meta":{"footnotes":""},"categories":[4],"tags":[1194,372,60,233,583],"class_list":["post-19963","post","type-post","status-publish","format-standard","has-post-thumbnail","hentry","category-gundem","tag-afet","tag-belediye","tag-deprem","tag-egitim","tag-ertas"],"_links":{"self":[{"href":"https:\/\/bihavadis.com\/index.php\/wp-json\/wp\/v2\/posts\/19963","targetHints":{"allow":["GET"]}}],"collection":[{"href":"https:\/\/bihavadis.com\/index.php\/wp-json\/wp\/v2\/posts"}],"about":[{"href":"https:\/\/bihavadis.com\/index.php\/wp-json\/wp\/v2\/types\/post"}],"author":[{"embeddable":true,"href":"https:\/\/bihavadis.com\/index.php\/wp-json\/wp\/v2\/users\/1"}],"replies":[{"embeddable":true,"href":"https:\/\/bihavadis.com\/index.php\/wp-json\/wp\/v2\/comments?post=19963"}],"version-history":[{"count":1,"href":"https:\/\/bihavadis.com\/index.php\/wp-json\/wp\/v2\/posts\/19963\/revisions"}],"predecessor-version":[{"id":19965,"href":"https:\/\/bihavadis.com\/index.php\/wp-json\/wp\/v2\/posts\/19963\/revisions\/19965"}],"wp:featuredmedia":[{"embeddable":true,"href":"https:\/\/bihavadis.com\/index.php\/wp-json\/wp\/v2\/media\/19964"}],"wp:attachment":[{"href":"https:\/\/bihavadis.com\/index.php\/wp-json\/wp\/v2\/media?parent=19963"}],"wp:term":[{"taxonomy":"category","embeddable":true,"href":"https:\/\/bihavadis.com\/index.php\/wp-json\/wp\/v2\/categories?post=19963"},{"taxonomy":"post_tag","embeddable":true,"href":"https:\/\/bihavadis.com\/index.php\/wp-json\/wp\/v2\/tags?post=19963"}],"curies":[{"name":"wp","href":"https:\/\/api.w.org\/{rel}","templated":true}]}}