{"id":19986,"date":"2026-02-07T09:54:06","date_gmt":"2026-02-07T09:54:06","guid":{"rendered":"https:\/\/bihavadis.com\/?p=19986"},"modified":"2026-02-07T09:54:06","modified_gmt":"2026-02-07T09:54:06","slug":"baskan-cercioglundan-incirliovaya-1-milyar-750-milyon-liralik-yeni-yatirimlar","status":"publish","type":"post","link":"https:\/\/bihavadis.com\/index.php\/2026\/02\/07\/baskan-cercioglundan-incirliovaya-1-milyar-750-milyon-liralik-yeni-yatirimlar\/","title":{"rendered":"Ba\u015fkan \u00c7er\u00e7io\u011flu&#8217;ndan \u0130ncirliova&#8217;ya 1 Milyar 750 Milyon Liral\u0131k Yeni Yat\u0131r\u0131mlar"},"content":{"rendered":"<p>Ayd\u0131n B\u00fcy\u00fck\u015fehir Belediye Ba\u015fkan\u0131 \u00d6zlem \u00c7er\u00e7io\u011flu, Ayd\u0131n\u2019\u0131n t\u00fcm il\u00e7elerini yat\u0131r\u0131m ve projeler ile bulu\u015fturmaya devam ediyor.<\/p>\n<p>Ayd\u0131n B\u00fcy\u00fck\u015fehir Belediyesi ve \u0130ncirliova Belediyesi i\u015f birli\u011fiyle 100 milyon T\u00fcrk liras\u0131n\u0131n \u00fczerinde bir maliyetle hayata ge\u00e7irilecek olan Cumhuriyet Meydan\u0131 projesi ile \u0130ncirliova&#8217;ya meydan ve otopark kazand\u0131r\u0131lacak. Protokol, Ayd\u0131n B\u00fcy\u00fck\u015fehir Belediye Ba\u015fkan\u0131 \u00d6zlem \u00c7er\u00e7io\u011flu ile \u0130ncirliova Belediye Ba\u015fkan\u0131 Aytekin Kaya taraf\u0131ndan imzaland\u0131.<\/p>\n<p>Ba\u015fkan \u00c7er\u00e7io\u011flu, Ayd\u0131n\u2019\u0131n t\u00fcm il\u00e7elerinde oldu\u011fu gibi \u0130ncirliova\u2019da da devam eden ve planlanan yat\u0131r\u0131mlarla vatanda\u015flar\u0131n ya\u015fam kalitesini art\u0131rmaya devam ediyor. Bu kapsamda, 100 ara\u00e7l\u0131k bir alana sahip olacak yeralt\u0131 otopark\u0131 ile kafe ve restoranlar\u0131n da hizmet verece\u011fi meydan, vatanda\u015flar\u0131n kullan\u0131m\u0131na sunulacak.\u00a0<\/p>\n<p><b>Sand\u0131kl\u0131 Mahallesi&#8217;nde altyap\u0131 yat\u0131r\u0131m\u0131<\/b><\/p>\n<p>Ba\u015fkan \u00c7er\u00e7io\u011flu\u2019nun \u00f6nc\u00fcl\u00fc\u011f\u00fcnde \u0130ncirliova\u2019n\u0131n Sand\u0131kl\u0131 Mahallesi\u2019nde 1.3 milyar T\u00fcrk liras\u0131 maliyetle altyap\u0131 \u00e7al\u0131\u015fmas\u0131 ger\u00e7ekle\u015ftirilecek.<\/p>\n<p>Proje kapsam\u0131nda; 35 bin 900 metre uzunlu\u011funda kanalizasyon hatt\u0131 ve 9 bin 900 metre uzunlu\u011funda ya\u011fmur suyu hatt\u0131 in\u015fa edilecek. Dev proje; 10 \u015eubat g\u00fcn\u00fc ihaleye \u00e7\u0131kacak, 2027 y\u0131l\u0131n\u0131n Kas\u0131m ay\u0131na kadar tamamlanm\u0131\u015f olacak.<\/p>\n<p><b>Ba\u015fkan \u00c7er\u00e7io\u011flu&#8217;ndan gen\u00e7lere m\u00fcjde!<\/b><\/p>\n<p>Ayd\u0131n B\u00fcy\u00fck\u015fehir Belediye Ba\u015fkan\u0131 \u00d6zlem \u00c7er\u00e7io\u011flu\u2019nun gen\u00e7lere m\u00fcjde olarak duyurdu\u011fu Motor Sporlar\u0131 Merkezi projesi, \u0130ncirliova Belediyesi ile i\u015f birli\u011fi i\u00e7erisinde hayata ge\u00e7iriliyor. \u0130kizdere Mahallesi\u2019nde in\u015fa edilecek Rekreasyon ve Motor Sporlar\u0131 Merkezi, yakla\u015f\u0131k 473 bin metrekarelik alan \u00fczerinde y\u00fckselecek. \u0130ncirliova ve Efeler aras\u0131nda dev bir rekreasyon alan\u0131 olacak proje, motor sporlar\u0131n\u0131n Ege b\u00f6lgesindeki merkezi olacak. Ulusal yar\u0131\u015flar ve amat\u00f6r motor sporcular\u0131na y\u00f6nelik aktivitelerin de yer alaca\u011f\u0131 motor sporlar\u0131 alan\u0131nda yakla\u015f\u0131k 2.7 kilometre uzunlu\u011funda motor sporlar\u0131 pisti, trafik park\u0131 ve karting pisti de yer alacak.<\/p>\n<p>Proje kapsam\u0131nda; 240 bin metrekare sportif alan ve 233 bin metrekare rekreasyon alan\u0131 yer alacak. Rekreasyon alan\u0131nda a\u00e7\u0131k spor alanlar\u0131, piknik alanlar\u0131, a\u00e7\u0131k d\u00fc\u011f\u00fcn salonlar\u0131, ko\u015fu ve bisiklet yollar\u0131 da yer alacak.<\/p>\n<p><b>\u00dc\u00e7 projenin toplam yat\u0131r\u0131m maliyeti 1 milyar 750 milyon T\u00fcrk liras\u0131 olacak<\/b><\/p>\n<p>Yat\u0131r\u0131mlar\u0131n \u0130ncirliova&#8217;ya ve Ayd\u0131n&#8217;a hay\u0131rl\u0131 olmas\u0131n\u0131 dileyen Ba\u015fkan \u00c7er\u00e7io\u011flu, &#8220;<b>Ayd\u0131n\u0131m\u0131z\u0131 hizmetlerimiz ile b\u00fcy\u00fct\u00fcyor, yat\u0131r\u0131mlar\u0131m\u0131z\u0131 hem\u015fehrilerimizle bulu\u015fturuyoruz. T\u00fcm il\u00e7elerimizde kentimize de\u011fer katan projelerimizi hayata ge\u00e7irmeye devam edece\u011fiz<\/b>&#8221; ifadelerini kulland\u0131.<\/p>\n<p>\u00a0<\/p>\n<p>Kaynak: (BYZHA) Beyaz Haber Ajans\u0131<\/p>\n","protected":false},"excerpt":{"rendered":"<p>Ayd\u0131n B\u00fcy\u00fck\u015fehir Belediye Ba\u015fkan\u0131 \u00d6zlem \u00c7er\u00e7io\u011flu, Ayd\u0131n\u2019\u0131n t\u00fcm il\u00e7elerini yat\u0131r\u0131m ve projeler ile bulu\u015fturmaya devam ediyor.<\/p>\n","protected":false},"author":1,"featured_media":19987,"comment_status":"open","ping_status":"open","sticky":false,"template":"","format":"standard","meta":{"footnotes":""},"categories":[4],"tags":[382,562,372,1845,3642],"class_list":["post-19986","post","type-post","status-publish","format-standard","has-post-thumbnail","hentry","category-gundem","tag-alan","tag-aydin","tag-belediye","tag-cercioglu","tag-incirliova"],"_links":{"self":[{"href":"https:\/\/bihavadis.com\/index.php\/wp-json\/wp\/v2\/posts\/19986","targetHints":{"allow":["GET"]}}],"collection":[{"href":"https:\/\/bihavadis.com\/index.php\/wp-json\/wp\/v2\/posts"}],"about":[{"href":"https:\/\/bihavadis.com\/index.php\/wp-json\/wp\/v2\/types\/post"}],"author":[{"embeddable":true,"href":"https:\/\/bihavadis.com\/index.php\/wp-json\/wp\/v2\/users\/1"}],"replies":[{"embeddable":true,"href":"https:\/\/bihavadis.com\/index.php\/wp-json\/wp\/v2\/comments?post=19986"}],"version-history":[{"count":1,"href":"https:\/\/bihavadis.com\/index.php\/wp-json\/wp\/v2\/posts\/19986\/revisions"}],"predecessor-version":[{"id":19988,"href":"https:\/\/bihavadis.com\/index.php\/wp-json\/wp\/v2\/posts\/19986\/revisions\/19988"}],"wp:featuredmedia":[{"embeddable":true,"href":"https:\/\/bihavadis.com\/index.php\/wp-json\/wp\/v2\/media\/19987"}],"wp:attachment":[{"href":"https:\/\/bihavadis.com\/index.php\/wp-json\/wp\/v2\/media?parent=19986"}],"wp:term":[{"taxonomy":"category","embeddable":true,"href":"https:\/\/bihavadis.com\/index.php\/wp-json\/wp\/v2\/categories?post=19986"},{"taxonomy":"post_tag","embeddable":true,"href":"https:\/\/bihavadis.com\/index.php\/wp-json\/wp\/v2\/tags?post=19986"}],"curies":[{"name":"wp","href":"https:\/\/api.w.org\/{rel}","templated":true}]}}