{"id":20019,"date":"2026-02-07T10:18:09","date_gmt":"2026-02-07T10:18:09","guid":{"rendered":"https:\/\/bihavadis.com\/?p=20019"},"modified":"2026-02-07T10:18:09","modified_gmt":"2026-02-07T10:18:09","slug":"adiyamanda-zaman-3-yil-once-04-17de-durdu","status":"publish","type":"post","link":"https:\/\/bihavadis.com\/index.php\/2026\/02\/07\/adiyamanda-zaman-3-yil-once-04-17de-durdu\/","title":{"rendered":"Ad\u0131yaman&#8217;da zaman 3 y\u0131l \u00f6nce 04.17&#8217;de durdu"},"content":{"rendered":"<p>6 \u015eubat 2023&#8217;te saat 04.17&#8217;de meydana gelen 7,7 b\u00fcy\u00fckl\u00fc\u011f\u00fcndeki depremde Ad\u0131yaman&#8217;\u0131n simgesi olan saat kulesinde de zaman durdu.<\/p>\n<p>Depremin meydana geldi\u011fi 04.17&#8217;de duran saat, depremin simgesi haline geldi.<\/p>\n<p><strong>BELED\u0130YE KARAR ALDI: B\u00d6YLE KALACAK<\/strong><\/p>\n<p>Ad\u0131yaman Belediyesi, vatanda\u015flar\u0131n talebi ile Atat\u00fcrk Bulvar\u0131 Saat Kulesi Kav\u015fa\u011f\u0131&#8217;ndaki saatlerin 04.17&#8217;de b\u0131rak\u0131lmas\u0131na karar verdi.<\/p>\n<p>Kulede 4 farkl\u0131 y\u00f6ne bakan saatlerin bulundu\u011fu kav\u015fakta \u00e7evre d\u00fczenlemesi yap\u0131ld\u0131.<\/p>\n<p>Saat kulesinde depremin ilk iki y\u0131ld\u00f6n\u00fcm\u00fcnde anma etkinli\u011fi d\u00fczenlenmi\u015fti.<\/p>\n<p><img decoding=\"async\" src=\"https:\/\/bihavadis.com\/wp-content\/uploads\/2026\/02\/adiyamanda-zaman-3-yil-once-0417de-durdu-0-rWrrAlIv.jpg\"\/><\/p>\n<p><img decoding=\"async\" src=\"https:\/\/bihavadis.com\/wp-content\/uploads\/2026\/02\/adiyamanda-zaman-3-yil-once-0417de-durdu-1-Af2876k5.jpg\"\/><\/p>\n","protected":false},"excerpt":{"rendered":"<p>6 \u015eubat depremlerinde b\u00fcy\u00fck y\u0131k\u0131m ya\u015fayan Ad\u0131yaman\u2019da, kentin simgelerinden biri olan saat kulesi 3 y\u0131ld\u0131r 04.17\u2019yi g\u00f6steriyor.<\/p>\n","protected":false},"author":1,"featured_media":20020,"comment_status":"open","ping_status":"open","sticky":false,"template":"","format":"standard","meta":{"footnotes":""},"categories":[9,13],"tags":[304],"class_list":["post-20019","post","type-post","status-publish","format-standard","has-post-thumbnail","hentry","category-genel","category-son-dakika","tag-saat"],"_links":{"self":[{"href":"https:\/\/bihavadis.com\/index.php\/wp-json\/wp\/v2\/posts\/20019","targetHints":{"allow":["GET"]}}],"collection":[{"href":"https:\/\/bihavadis.com\/index.php\/wp-json\/wp\/v2\/posts"}],"about":[{"href":"https:\/\/bihavadis.com\/index.php\/wp-json\/wp\/v2\/types\/post"}],"author":[{"embeddable":true,"href":"https:\/\/bihavadis.com\/index.php\/wp-json\/wp\/v2\/users\/1"}],"replies":[{"embeddable":true,"href":"https:\/\/bihavadis.com\/index.php\/wp-json\/wp\/v2\/comments?post=20019"}],"version-history":[{"count":1,"href":"https:\/\/bihavadis.com\/index.php\/wp-json\/wp\/v2\/posts\/20019\/revisions"}],"predecessor-version":[{"id":20023,"href":"https:\/\/bihavadis.com\/index.php\/wp-json\/wp\/v2\/posts\/20019\/revisions\/20023"}],"wp:featuredmedia":[{"embeddable":true,"href":"https:\/\/bihavadis.com\/index.php\/wp-json\/wp\/v2\/media\/20020"}],"wp:attachment":[{"href":"https:\/\/bihavadis.com\/index.php\/wp-json\/wp\/v2\/media?parent=20019"}],"wp:term":[{"taxonomy":"category","embeddable":true,"href":"https:\/\/bihavadis.com\/index.php\/wp-json\/wp\/v2\/categories?post=20019"},{"taxonomy":"post_tag","embeddable":true,"href":"https:\/\/bihavadis.com\/index.php\/wp-json\/wp\/v2\/tags?post=20019"}],"curies":[{"name":"wp","href":"https:\/\/api.w.org\/{rel}","templated":true}]}}