{"id":20040,"date":"2026-02-07T10:33:38","date_gmt":"2026-02-07T10:33:38","guid":{"rendered":"https:\/\/bihavadis.com\/?p=20040"},"modified":"2026-02-07T10:33:38","modified_gmt":"2026-02-07T10:33:38","slug":"fenerbahce-divan-kurulu-toplantisi-yapildi","status":"publish","type":"post","link":"https:\/\/bihavadis.com\/index.php\/2026\/02\/07\/fenerbahce-divan-kurulu-toplantisi-yapildi\/","title":{"rendered":"Fenerbah\u00e7e Divan Kurulu Toplant\u0131s\u0131 Yap\u0131ld\u0131"},"content":{"rendered":"<p> Fenerbah\u00e7e Ola\u011fan Y\u00fcksek Divan Kurulu Toplant\u0131s\u0131 ba\u015flad\u0131.<\/p>\n<p>Fenerbah\u00e7e ekim ay\u0131 ola\u011fan y\u00fcksek divan kurulu toplant\u0131s\u0131, Fenerbah\u00e7e Spor Kul\u00fcb\u00fc Faruk Ilgaz Tesisleri&#8217;nde yap\u0131l\u0131yor. Toplant\u0131ya, Fenerbah\u00e7e Spor Kul\u00fcb\u00fc Ba\u015fkan\u0131 Sadettin Saran, Y\u00fcksek Divan Kurulu Ba\u015fkan\u0131 \u015eekip Mosturo\u011flu ve Divan Kurulu \u00fcyeleri kat\u0131ld\u0131. Sar\u0131-lacivertli kul\u00fcb\u00fcn eski ba\u015fkan\u0131 Ali Ko\u00e7 da toplant\u0131ya kat\u0131l\u0131m sa\u011flad\u0131. Toplant\u0131 sayg\u0131 duru\u015funda bulunulmas\u0131 ve \u0130stiklal Mar\u015f\u0131&#8217;n\u0131n okunmas\u0131yla ba\u015flad\u0131.<\/p>\n<p>\u015eekip Mosturo\u011flu: &#8220;Futbol tak\u0131m\u0131m\u0131z \u015fampiyonluk hedefine b\u00fcy\u00fck bir inan\u00e7la kararl\u0131l\u0131kla ilerlemektedir&#8221;<\/p>\n<p>Toplant\u0131da a\u00e7\u0131klamalarda bulunan Fenerbah\u00e7e Y\u00fcksek Divan Kurulu Ba\u015fkan\u0131 \u015eekip Mosturo\u011flu, camian\u0131n birlik ve beraberli\u011fine odaklanmas\u0131 gerekti\u011fine vurgu yapt\u0131. Yar\u0131\u015fmalar\u0131 gereken tek alan\u0131n Fenerbah\u00e7e&#8217;ye hizmet oldu\u011funu belirten Mosturo\u011flu, &#8220;Fenerbah\u00e7e sevgisinin bir \u00f6l\u00e7\u00fcs\u00fc, bu sevgiyi tartacak bir terazi yoktur. Dolay\u0131s\u0131yla bu sevgiyi de yar\u0131\u015ft\u0131rman\u0131n anlam\u0131 yoktur. As\u0131l yar\u0131\u015f kul\u00fcb\u00fcm\u00fcze kim daha fazla katk\u0131 suna yar\u0131\u015f\u0131 olmal\u0131d\u0131r. Bug\u00fcn kul\u00fcb\u00fcm\u00fcz\u00fcn tek ihtiyac\u0131 olan birlik ve beraberlik ortam\u0131n\u0131 korumak ve tek v\u00fccut halinde \u015fampiyonluklar, kupalar i\u00e7in tak\u0131mlar\u0131m\u0131z\u0131, sporcular\u0131m\u0131z\u0131 desteklemektir. Yap\u0131c\u0131 ele\u015ftiri elbette olmal\u0131d\u0131r ve yap\u0131c\u0131 ele\u015ftirileri her \u00fcyemizi ho\u015fg\u00f6r\u00fc ile dinlemeliyiz. Y\u00fcksek Divan Kurulu&#8217;nun kul\u00fcp \u00fcyelerimizin, camiam\u0131z\u0131n ortak sorumlulu\u011fu tam da bu noktada ba\u015flamaktad\u0131r. Bizler ki\u015fileri de\u011fil, Fenerbah\u00e7e&#8217;nin menfaatlerini ve uzun vadeli \u00e7\u0131karlar\u0131n\u0131 y\u00f6netmekle y\u00fck\u00fcml\u00fcy\u00fcz. Bug\u00fcn futbol tak\u0131m\u0131m\u0131z sahada son derece g\u00fc\u00e7l\u00fc bir performans ortaya koymakta camiam\u0131z\u0131n uzun s\u00fcredir \u00f6zlemle bekledi\u011fi \u015fampiyonluk hedefine b\u00fcy\u00fck bir inan\u00e7la kararl\u0131kla ilerlemektedir. Teknik heyetimiz ve futbolcular\u0131m\u0131z bu hedef do\u011frultusunda ciddi bir emek ve ciddi bir konsantrasyon g\u00f6stermektedir&#8221; dedi.<\/p>\n<p>&#8220;Kul\u00fcb\u00fcm\u00fcz mali ba\u011f\u0131ms\u0131zl\u0131\u011f\u0131n\u0131 kazanm\u0131\u015ft\u0131r&#8221;<\/p>\n<p>Sar\u0131-lacivertli camian\u0131n gelece\u011fi ad\u0131na proje geli\u015ftirme potansiyeli olan yeni gayrimenkuller oldu\u011funu s\u00f6yleyen \u015eekip Mosturo\u011flu, s\u00f6zlerine \u015f\u00f6yle devam etti: <\/p>\n<p>&#8220;Bug\u00fcn kul\u00fcb\u00fcm\u00fcz\u00fcn g\u00fcndemini, t\u00fcz\u00fck esaslar\u0131na ba\u011fl\u0131l\u0131k \u00e7er\u00e7evesinde ve so\u011fukkanl\u0131l\u0131kla ele al\u0131rken, oda\u011f\u0131m\u0131z\u0131n sportif ba\u015far\u0131, \u015fampiyonluk hedefi ve Fenerbah\u00e7e&#8217;nin gelece\u011fi olmal\u0131d\u0131r. Kul\u00fcb\u00fcm\u00fcz Bankalar Birli\u011fi ile olan anla\u015fmas\u0131n\u0131 sonland\u0131rarak mali ba\u011f\u0131ms\u0131zl\u0131\u011f\u0131n\u0131 kazanm\u0131\u015ft\u0131r. Bu s\u00fcre\u00e7te eme\u011fi ge\u00e7en eski ve yeni t\u00fcm ba\u015fkan ve y\u00f6netimlerimize \u015f\u00fckranlar\u0131m\u0131 sunuyorum. Kurumlarda devaml\u0131l\u0131k esas\u0131n\u0131n \u00e7ok g\u00fczel bir yans\u0131mas\u0131 olan Bankalar Birli\u011fi&#8217;nden \u00e7\u0131k\u0131\u015f s\u00fcrecimiz ayn\u0131 zamanda Fenerbah\u00e7e&#8217;ye hizmetin bir bayrak yar\u0131\u015f\u0131 niteli\u011findedir. Ata\u015fehir projesini kul\u00fcb\u00fcm\u00fcze kazand\u0131ran Murat \u00dclker&#8217;e de camiam\u0131z ad\u0131na te\u015fekk\u00fcr ediyorum. Elde edilen gelirlerin bir k\u0131sm\u0131 ile kul\u00fcb\u00fcm\u00fcz\u00fcn gelece\u011fini g\u00fcvence alt\u0131na alacak, s\u00fcrd\u00fcr\u00fclebilir ve gelir getirici yat\u0131r\u0131mlar yap\u0131lmas\u0131 b\u00fcy\u00fck \u00f6nem ta\u015f\u0131maktad\u0131r. T\u00fcrkiye&#8217;nin farkl\u0131 b\u00f6lgelerinde proje geli\u015ftirme potansiyeli olan yeni gayrimenkuller edinilmesi de kul\u00fcb\u00fcm\u00fcz\u00fcn uzun vadeli mali yap\u0131s\u0131n\u0131 g\u00fc\u00e7lendirecektir. Ancak bu \u015fekilde Fenerbah\u00e7e&#8217;nin gelece\u011fini sa\u011flam temeller \u00fczerine in\u015fa edebiliriz.&#8221;<\/p>\n<p>Mosturo\u011flu, konu\u015fmas\u0131n\u0131n sonunda Silivri Cezaevi&#8217;nde tutuklu bulunan Futbol A Tak\u0131m\u0131 Kaptan\u0131 Mert Hakan Yanda\u015f&#8217;a selamlar\u0131n\u0131 iletti. &#8211; \u0130STANBUL<\/p>\n","protected":false},"excerpt":{"rendered":"<p>Fenerbah\u00e7e Y\u00fcksek Divan Kurulu toplant\u0131s\u0131nda birlik ve mali ba\u011f\u0131ms\u0131zl\u0131k vurgusu yap\u0131ld\u0131.<\/p>\n","protected":false},"author":1,"featured_media":20041,"comment_status":"open","ping_status":"open","sticky":false,"template":"","format":"standard","meta":{"footnotes":""},"categories":[14],"tags":[516,1858,3647,1058,3648],"class_list":["post-20040","post","type-post","status-publish","format-standard","has-post-thumbnail","hentry","category-spor","tag-baskan","tag-fenerbahce","tag-mosturoglu","tag-toplanti","tag-yuksek-divan-kurulu"],"_links":{"self":[{"href":"https:\/\/bihavadis.com\/index.php\/wp-json\/wp\/v2\/posts\/20040","targetHints":{"allow":["GET"]}}],"collection":[{"href":"https:\/\/bihavadis.com\/index.php\/wp-json\/wp\/v2\/posts"}],"about":[{"href":"https:\/\/bihavadis.com\/index.php\/wp-json\/wp\/v2\/types\/post"}],"author":[{"embeddable":true,"href":"https:\/\/bihavadis.com\/index.php\/wp-json\/wp\/v2\/users\/1"}],"replies":[{"embeddable":true,"href":"https:\/\/bihavadis.com\/index.php\/wp-json\/wp\/v2\/comments?post=20040"}],"version-history":[{"count":1,"href":"https:\/\/bihavadis.com\/index.php\/wp-json\/wp\/v2\/posts\/20040\/revisions"}],"predecessor-version":[{"id":20042,"href":"https:\/\/bihavadis.com\/index.php\/wp-json\/wp\/v2\/posts\/20040\/revisions\/20042"}],"wp:featuredmedia":[{"embeddable":true,"href":"https:\/\/bihavadis.com\/index.php\/wp-json\/wp\/v2\/media\/20041"}],"wp:attachment":[{"href":"https:\/\/bihavadis.com\/index.php\/wp-json\/wp\/v2\/media?parent=20040"}],"wp:term":[{"taxonomy":"category","embeddable":true,"href":"https:\/\/bihavadis.com\/index.php\/wp-json\/wp\/v2\/categories?post=20040"},{"taxonomy":"post_tag","embeddable":true,"href":"https:\/\/bihavadis.com\/index.php\/wp-json\/wp\/v2\/tags?post=20040"}],"curies":[{"name":"wp","href":"https:\/\/api.w.org\/{rel}","templated":true}]}}