{"id":20103,"date":"2026-02-07T11:27:06","date_gmt":"2026-02-07T11:27:06","guid":{"rendered":"https:\/\/bihavadis.com\/?p=20103"},"modified":"2026-02-07T11:27:06","modified_gmt":"2026-02-07T11:27:06","slug":"hakan-tasiyanin-son-durumu-menajerinden-aciklama-geldi","status":"publish","type":"post","link":"https:\/\/bihavadis.com\/index.php\/2026\/02\/07\/hakan-tasiyanin-son-durumu-menajerinden-aciklama-geldi\/","title":{"rendered":"Hakan Ta\u015f\u0131yan&#8217;\u0131n son durumu! Menajerinden a\u00e7\u0131klama geldi"},"content":{"rendered":"<p>Arabesk m\u00fczi\u011finin ba\u015far\u0131l\u0131 ismi Hakan Ta\u015f\u0131yan, 2020 y\u0131l\u0131nda \u00f6l\u00fcmden d\u00f6nm\u00fc\u015ft\u00fc.<\/p>\n<p>B\u00f6brek ve karaci\u011fer nakli bekleyen Ta\u015f\u0131yan&#8217;a b\u00f6brek nakli i\u00e7in k\u0131z karde\u015fi don\u00f6r olmu\u015ftu. \u0130zmir&#8217;den de uygun karaci\u011fer bulunduktan sonra \u00fcnl\u00fc \u015fark\u0131c\u0131ya, hem b\u00f6brek hem karaci\u011fer nakli yap\u0131lm\u0131\u015ft\u0131.<\/p>\n<p><strong>HALA HASTANEDE<\/strong><\/p>\n<p>Sa\u011fl\u0131\u011f\u0131na kavu\u015fan ve bir s\u00fcredir g\u00f6zlerden uzak bir ya\u015fam s\u00fcren Hakan Ta\u015f\u0131yan, ge\u00e7ti\u011fimiz hafta kalp krizi \u015f\u00fcphesiyle hastaneye gitti.<\/p>\n<p>T\u00fcm bu ya\u015fananlardan g\u00fcnler sonra Hakan Ta\u015f\u0131yan&#8217;\u0131n menajeri H\u00fcseyin Canayaz, \u00fcnl\u00fc \u015fark\u0131c\u0131n\u0131n sa\u011fl\u0131k durumuyla ilgili bilgi verdi.<\/p>\n<p><strong>&#8220;NORMAL ODAYA ALINACAK&#8221;<\/strong><\/p>\n<p>\u015eark\u0131c\u0131n\u0131n tedavisinin olumlu seyretti\u011fini ve de\u011ferlerinin d\u00fc\u015ft\u00fc\u011f\u00fcn\u00fcn belirten menajer, <b><em>&#8220;Birka\u00e7 g\u00fcn i\u00e7inde normal odaya al\u0131nacak.&#8221; <\/em><\/b>\u015feklinde konu\u015ftu.<\/p>\n<p>\u00dcnl\u00fc sanat\u00e7\u0131 sa\u011fl\u0131k sorunlar\u0131 ya\u015farken devreye Cumhurba\u015fkan\u0131 Recep Tayyip Erdo\u011fan&#8217;\u0131n girdi\u011fi \u00f6\u011frenilmi\u015fti.<\/p>\n<p><img decoding=\"async\" src=\"https:\/\/bihavadis.com\/wp-content\/uploads\/2026\/02\/hakan-tasiyanin-son-durumu-menajerinden-aciklama-geldi-0-IGMTpQvL.jpg\"\/><\/p>\n","protected":false},"excerpt":{"rendered":"<p>Arabesk m\u00fczi\u011fin efsane ismi Hakan Ta\u015f\u0131yan, ge\u00e7ti\u011fimiz hafta kalp krizi \u015f\u00fcphesiyle hastaneye ba\u015fvurmu\u015ftu. Tedavisi devam eden \u00fcnl\u00fc ismin menajeri, son durum bilgisi verdi.<\/p>\n","protected":false},"author":1,"featured_media":20104,"comment_status":"open","ping_status":"open","sticky":false,"template":"","format":"standard","meta":{"footnotes":""},"categories":[1],"tags":[],"class_list":["post-20103","post","type-post","status-publish","format-standard","has-post-thumbnail","hentry","category-uncategorized"],"_links":{"self":[{"href":"https:\/\/bihavadis.com\/index.php\/wp-json\/wp\/v2\/posts\/20103","targetHints":{"allow":["GET"]}}],"collection":[{"href":"https:\/\/bihavadis.com\/index.php\/wp-json\/wp\/v2\/posts"}],"about":[{"href":"https:\/\/bihavadis.com\/index.php\/wp-json\/wp\/v2\/types\/post"}],"author":[{"embeddable":true,"href":"https:\/\/bihavadis.com\/index.php\/wp-json\/wp\/v2\/users\/1"}],"replies":[{"embeddable":true,"href":"https:\/\/bihavadis.com\/index.php\/wp-json\/wp\/v2\/comments?post=20103"}],"version-history":[{"count":1,"href":"https:\/\/bihavadis.com\/index.php\/wp-json\/wp\/v2\/posts\/20103\/revisions"}],"predecessor-version":[{"id":20106,"href":"https:\/\/bihavadis.com\/index.php\/wp-json\/wp\/v2\/posts\/20103\/revisions\/20106"}],"wp:featuredmedia":[{"embeddable":true,"href":"https:\/\/bihavadis.com\/index.php\/wp-json\/wp\/v2\/media\/20104"}],"wp:attachment":[{"href":"https:\/\/bihavadis.com\/index.php\/wp-json\/wp\/v2\/media?parent=20103"}],"wp:term":[{"taxonomy":"category","embeddable":true,"href":"https:\/\/bihavadis.com\/index.php\/wp-json\/wp\/v2\/categories?post=20103"},{"taxonomy":"post_tag","embeddable":true,"href":"https:\/\/bihavadis.com\/index.php\/wp-json\/wp\/v2\/tags?post=20103"}],"curies":[{"name":"wp","href":"https:\/\/api.w.org\/{rel}","templated":true}]}}