{"id":20178,"date":"2026-02-07T12:27:06","date_gmt":"2026-02-07T12:27:06","guid":{"rendered":"https:\/\/bihavadis.com\/?p=20178"},"modified":"2026-02-07T12:27:06","modified_gmt":"2026-02-07T12:27:06","slug":"tunceliye-10-milyon-tllik-proje-destegi","status":"publish","type":"post","link":"https:\/\/bihavadis.com\/index.php\/2026\/02\/07\/tunceliye-10-milyon-tllik-proje-destegi\/","title":{"rendered":"Tunceli&#8217;ye 10 Milyon TL&#8217;lik Proje Deste\u011fi"},"content":{"rendered":"<p> Sanayi ve Teknoloji Bakanl\u0131\u011f\u0131 taraf\u0131ndan y\u00fcr\u00fct\u00fclen SOGEP kapsam\u0131nda Tunceli&#8217;de toplam b\u00fct\u00e7esi 10 milyon TL olan iki proje desteklenmeye hak kazand\u0131. K\u00fclt\u00fcrel miras\u0131n dijitalle\u015fmesi ve engelli bireylere y\u00f6nelik sosyal hizmetlerin g\u00fc\u00e7lendirilmesini ama\u00e7layan projelerde s\u00f6zle\u015fme imzalama s\u00fcreci ba\u015flad\u0131.<\/p>\n<p>Sanayi ve Teknoloji Bakanl\u0131\u011f\u0131 taraf\u0131ndan y\u00fcr\u00fct\u00fclen Sosyal Geli\u015fmeyi Destekleme Program\u0131 (SOGEP) kapsam\u0131nda, F\u0131rat Kalk\u0131nma Ajans\u0131 taraf\u0131ndan bakanl\u0131\u011fa sunulan ve toplam b\u00fct\u00e7esi 10 milyon TL olan projelerin de\u011ferlendirme s\u00fcreci tamamland\u0131. Bakanl\u0131k oluru ile desteklenmesi uygun g\u00f6r\u00fclen projeler i\u00e7in kaynak aktar\u0131m s\u00fcreci ba\u015flat\u0131l\u0131rken, s\u00f6z konusu protokoller Tunceli Valili\u011fi&#8217;nde d\u00fczenlenen programla imzaland\u0131.<\/p>\n<p>2025 y\u0131l\u0131 SOGEP kapsam\u0131nda Tunceli&#8217;de destek almaya hak kazanan projelerden ilki, &#8220;Tunceli&#8217;nin K\u00fclt\u00fcrel Miras\u0131 Dijitalle\u015fiyor, Turizm Kazand\u0131r\u0131yor&#8221; projesi oldu. Tunceli \u0130l Milli E\u011fitim M\u00fcd\u00fcrl\u00fc\u011f\u00fc taraf\u0131ndan y\u00fcr\u00fct\u00fclecek proje ile kentin k\u00fclt\u00fcrel miras\u0131n\u0131n dijital ortama aktar\u0131lmas\u0131, turizm ve yerel ekonomiye kazand\u0131r\u0131lmas\u0131 hedefleniyor. Proje kapsam\u0131nda yerel motifler, simgeler ve do\u011fal unsurlar profesyonel tasar\u0131m s\u00fcre\u00e7lerinden ge\u00e7irilerek vekt\u00f6rel ve \u00fc\u00e7 boyutlu modellere d\u00f6n\u00fc\u015ft\u00fcr\u00fclecek. Elde edilen tasar\u0131mlar CNC, lazer, folyo kesici ve UV bask\u0131 makineleri kullan\u0131larak \u00fcretime aktar\u0131lacak. B\u00f6ylece geleneksel el sanatlar\u0131 modern \u00fcretim teknikleriyle bulu\u015fturulurken, kad\u0131n kooperatifleri ve gen\u00e7lerin istihdam\u0131na katk\u0131 sa\u011flanarak turizm odakl\u0131 ekonomik canl\u0131l\u0131k olu\u015fturulmas\u0131 ama\u00e7lan\u0131yor. Projenin toplam b\u00fct\u00e7esi 4 milyon TL olurken, 2 milyon TL destek sa\u011flanacak.<\/p>\n<p>Desteklenecek bir di\u011fer proje ise &#8220;Tunceli Engelsiz Nefes Evi&#8221; oldu. Tunceli Aile ve Sosyal Hizmetler \u0130l M\u00fcd\u00fcrl\u00fc\u011f\u00fc taraf\u0131ndan y\u00fcr\u00fct\u00fclecek proje ile engelli bireylerin ya\u015fam kalitesinin art\u0131r\u0131lmas\u0131, sosyal ve psikolojik ihtiya\u00e7lar\u0131n\u0131n kar\u015f\u0131lanmas\u0131 hedefleniyor. Proje kapsam\u0131nda Tunceli \u0130l Milli E\u011fitim M\u00fcd\u00fcrl\u00fc\u011f\u00fcne ait eri\u015filebilir, tek katl\u0131 bir binan\u0131n tadilat\u0131 yap\u0131larak g\u00fcnd\u00fczl\u00fc bak\u0131m, e\u011fitim ve sosyalle\u015fme merkezi kurulacak. Merkezde 50 engelli bireye y\u00f6nelik sosyal, k\u00fclt\u00fcrel, sportif ve beceri e\u011fitimleri sunulurken, ailelerine rehberlik ve psikososyal destek hizmetleri de verilecek. Toplam b\u00fct\u00e7esi 6 milyon TL olan projeye 4 milyon 400 bin TL destek sa\u011flanacak.<\/p>\n<p>\u00d6te yandan F\u0131rat Kalk\u0131nma Ajans\u0131n\u0131n 2025 y\u0131l\u0131 Y\u00f6netim Dan\u0131\u015fmanl\u0131\u011f\u0131 Teknik Destek Program\u0131 kapsam\u0131nda da iki proje destek almaya hak kazand\u0131. Bu projeler aras\u0131nda yer alan &#8220;Yapay Zeka Destekli Dijital Medya Okulu&#8221; projesi, Tunceli Valili\u011fi koordinasyonunda hayata ge\u00e7irilecek. Alt\u0131 g\u00fcn s\u00fcrecek program kapsam\u0131nda sosyal medya stratejileri, h\u0131zl\u0131 tasar\u0131m uygulamalar\u0131, kurgu teknikleri, podcast \u00fcretimi, teknopolitika perspektifi ve yapay zeka uygulamalar\u0131 ba\u015fl\u0131klar\u0131nda hem \u00e7evrim i\u00e7i hem de y\u00fcz y\u00fcze e\u011fitimler d\u00fczenlenecek. Alan\u0131nda uzman yedi farkl\u0131 e\u011fitmenin yer alaca\u011f\u0131 programla, kat\u0131l\u0131mc\u0131lar\u0131n dijital i\u00e7erik \u00fcretiminde yenilik\u00e7i, h\u0131zl\u0131 ve stratejik d\u00fc\u015f\u00fcnme becerilerinin geli\u015ftirilmesi hedefleniyor. &#8211; TUNCEL\u0130<\/p>\n","protected":false},"excerpt":{"rendered":"<p>SOGEP kapsam\u0131nda Tunceli&#8217;de dijitalle\u015fme ve engelli hizmetleri i\u00e7in iki projeye destek sa\u011fland\u0131.<\/p>\n","protected":false},"author":1,"featured_media":20179,"comment_status":"open","ping_status":"open","sticky":false,"template":"","format":"standard","meta":{"footnotes":""},"categories":[8],"tags":[498,237,172,1041,3675],"class_list":["post-20178","post","type-post","status-publish","format-standard","has-post-thumbnail","hentry","category-ekonomi","tag-destek","tag-proje","tag-sosyal","tag-tek","tag-tunceli"],"_links":{"self":[{"href":"https:\/\/bihavadis.com\/index.php\/wp-json\/wp\/v2\/posts\/20178","targetHints":{"allow":["GET"]}}],"collection":[{"href":"https:\/\/bihavadis.com\/index.php\/wp-json\/wp\/v2\/posts"}],"about":[{"href":"https:\/\/bihavadis.com\/index.php\/wp-json\/wp\/v2\/types\/post"}],"author":[{"embeddable":true,"href":"https:\/\/bihavadis.com\/index.php\/wp-json\/wp\/v2\/users\/1"}],"replies":[{"embeddable":true,"href":"https:\/\/bihavadis.com\/index.php\/wp-json\/wp\/v2\/comments?post=20178"}],"version-history":[{"count":1,"href":"https:\/\/bihavadis.com\/index.php\/wp-json\/wp\/v2\/posts\/20178\/revisions"}],"predecessor-version":[{"id":20180,"href":"https:\/\/bihavadis.com\/index.php\/wp-json\/wp\/v2\/posts\/20178\/revisions\/20180"}],"wp:featuredmedia":[{"embeddable":true,"href":"https:\/\/bihavadis.com\/index.php\/wp-json\/wp\/v2\/media\/20179"}],"wp:attachment":[{"href":"https:\/\/bihavadis.com\/index.php\/wp-json\/wp\/v2\/media?parent=20178"}],"wp:term":[{"taxonomy":"category","embeddable":true,"href":"https:\/\/bihavadis.com\/index.php\/wp-json\/wp\/v2\/categories?post=20178"},{"taxonomy":"post_tag","embeddable":true,"href":"https:\/\/bihavadis.com\/index.php\/wp-json\/wp\/v2\/tags?post=20178"}],"curies":[{"name":"wp","href":"https:\/\/api.w.org\/{rel}","templated":true}]}}