{"id":20246,"date":"2026-02-07T13:18:07","date_gmt":"2026-02-07T13:18:07","guid":{"rendered":"https:\/\/bihavadis.com\/?p=20246"},"modified":"2026-02-07T13:18:07","modified_gmt":"2026-02-07T13:18:07","slug":"fetonun-avukatligini-yapan-weingarten-epsteinin-de-avukati-cikti","status":"publish","type":"post","link":"https:\/\/bihavadis.com\/index.php\/2026\/02\/07\/fetonun-avukatligini-yapan-weingarten-epsteinin-de-avukati-cikti\/","title":{"rendered":"FET\u00d6&#8217;n\u00fcn avukatl\u0131\u011f\u0131n\u0131 yapan Weingarten, Epstein&#8217;in de avukat\u0131 \u00e7\u0131kt\u0131"},"content":{"rendered":"<p>ABD\u2019li milyarder Jeffrey Epstein, y\u0131llar boyunca kurdu\u011fu pedofili ve fuhu\u015f a\u011f\u0131 ile yaln\u0131zca bir adli bir dosya de\u011fil, \u00e7ok daha \u00f6tesi&#8230;<\/p>\n<p>Siyaset, i\u015f d\u00fcnyas\u0131 ve elit \u00e7evrelerle kurdu\u011fu ili\u015fkiler, Epstein dosyas\u0131n\u0131 s\u0131radan bir su\u00e7 soru\u015fturmas\u0131n\u0131n \u00f6tesine ta\u015f\u0131d\u0131.<\/p>\n<p>Son d\u00f6nemde kamuoyuna a\u00e7\u0131klanan yeni belge ve yaz\u0131\u015fmalar, Epstein\u2019in su\u00e7 a\u011f\u0131n\u0131n kapsam\u0131na ve temas etti\u011fi isimlere dair tart\u0131\u015fmalar\u0131 yeniden alevlendirdi.<\/p>\n<p>ABD Adalet Bakanl\u0131\u011f\u0131 taraf\u0131ndan yay\u0131nlanan belgelerde yeni detaylar ortaya \u00e7\u0131kmaya devam ederken dikkat \u00e7eken bir bilgi daha kamuoyuna bomba gibi d\u00fc\u015ft\u00fc.\u00a0<\/p>\n<p><strong>FET\u00d6 \u0130LE EPSTE\u0130N&#8217;\u0130N AVUKATI AYNI K\u0130\u015e\u0130<\/strong><\/p>\n<p>FET\u00d6 eleba\u015f\u0131 Fethullah G\u00fclen&#8217;in avukat\u0131 Reid Weingarten&#8217;in \u00e7ocuk istismar\u0131 ve fuhu\u015f a\u011f\u0131 lideri Jeffrey Epstein&#8217;in de avukatl\u0131\u011f\u0131n\u0131 yapt\u0131\u011f\u0131 ortaya \u00e7\u0131kt\u0131.<\/p>\n<p><img decoding=\"async\" src=\"https:\/\/bihavadis.com\/wp-content\/uploads\/2026\/02\/fetonun-avukatligini-yapan-weingarten-epsteinin-de-avukati-cikti-0-sFGzNYs4.jpg\"\/><\/p>\n<p><strong>RE\u0130D WE\u0130NGARTEN K\u0130MD\u0130R<\/strong><\/p>\n<p>Reid H. Weingarten, Amerika Birle\u015fik Devletleri\u2019ni merkez olarak uluslararas\u0131 ve y\u00fcksek profilli davalarda bilinen bir ceza ve beyaz-yaka su\u00e7lar (white-collar) avukat\u0131 olarak g\u00f6rev yap\u0131yor.\u00a0<\/p>\n<p>Weingarten, Washington, D.C. merkezli uluslararas\u0131 hukuk firmas\u0131 Steptoe &#038; Johnson LLP b\u00fcnyesinde Senior Counsel (K\u0131demli Dan\u0131\u015fman) olarak faaliyet g\u00f6steriyor.\u00a0<\/p>\n<p><img decoding=\"async\" src=\"https:\/\/bihavadis.com\/wp-content\/uploads\/2026\/02\/fetonun-avukatligini-yapan-weingarten-epsteinin-de-avukati-cikti-1-UFzDuIdU.jpg\"\/><\/p>\n<p><strong>DARBE G\u0130R\u0130\u015e\u0130M\u0130 SONRASI EPSTE\u0130N&#8217;E MA\u0130L ATMI\u015e<\/strong><\/p>\n<p>FET\u00d6 eleba\u015f\u0131 Fetullah G\u00fclen&#8217;in avukat\u0131 Reid Weingarten&#8217;in 15 Temmuz darbe giri\u015fiminden birka\u00e7 g\u00fcn sonra \u00e7ocuk istismar\u0131 ve fuhu\u015f a\u011f\u0131 lideri Jeffrey Epstein&#8217;e e-posta g\u00f6ndererek, G\u00fclen i\u00e7in yard\u0131m istedi\u011fi \u00f6\u011frenilmi\u015fti.\u00a0<\/p>\n<p>S\u00f6z konusu e-postada FET\u00d6 eleba\u015f\u0131n\u0131n avukat\u0131, \u00f6rg\u00fct liderinin hayat\u0131ndan endi\u015fe duyduklar\u0131n\u0131 belirterek, ABD makamlar\u0131n\u0131n harekete ge\u00e7irilmesi i\u00e7in Epstein\u2019\u0131n <em><b>&#8220;Amerikan siyasetindeki n\u00fcfuzunu kullanmas\u0131&#8221;<\/b><\/em> gerekti\u011fini ifade ediyor.<\/p>\n<p>Epstein\u2019e <em><b>&#8220;\u00d6nem derecesi y\u00fcksek&#8221;<\/b><\/em> notuyla at\u0131lan e-postaya Weingarten\u2019in FET\u00d6\u2019n\u00fcn ABD\u2019deki y\u00f6neticilerinden Y\u00fcksel Alp Aslando\u011fan\u2019\u0131 da ekledi\u011fi g\u00f6r\u00fcld\u00fc.\u00a0<\/p>\n<p><img decoding=\"async\" src=\"https:\/\/bihavadis.com\/wp-content\/uploads\/2026\/02\/fetonun-avukatligini-yapan-weingarten-epsteinin-de-avukati-cikti-2-yeyBwgcD.jpg\"\/><\/p>\n<p><strong>NE OLMU\u015eTU<\/strong><\/p>\n<p>En k\u00fc\u00e7\u00fc\u011f\u00fc 14 olmak \u00fczere 18 ya\u015f alt\u0131ndaki onlarca k\u0131z \u00e7ocu\u011funa cinsel istismarda bulunmak ve fuhu\u015f a\u011f\u0131 olu\u015fturmak su\u00e7lamas\u0131yla yarg\u0131lanan Epstein, tutuklu oldu\u011fu New York Manhattan Metropolitan Merkez Hapishanesindeki h\u00fccresinde 10 A\u011fustos 2019\u2019da \u00f6l\u00fc bulunmu\u015ftu.<\/p>\n<p>A\u00e7\u0131klanan Epstein dava dosyalar\u0131nda Prens Andrew, ABD Ba\u015fkan\u0131 Donald Trump, eski ABD Ba\u015fkan\u0131 Bill Clinton, eski \u0130srail Ba\u015fbakan\u0131 Ehud Barak, eski ABD Ba\u015fkan Yard\u0131mc\u0131s\u0131 Al Gore, akt\u00f6r Kevin Spacey, \u015fark\u0131c\u0131 Michael Jackson, ill\u00fczyonist David Copperfield, avukat Alan Dershowitz ve eski New Mexico Valisi Bill Richardson gibi \u00fcnl\u00fc isimler yer alm\u0131\u015ft\u0131.<\/p>\n<p><img decoding=\"async\" src=\"https:\/\/bihavadis.com\/wp-content\/uploads\/2026\/02\/fetonun-avukatligini-yapan-weingarten-epsteinin-de-avukati-cikti-3-Vt722pjx.jpg\"\/><\/p>\n","protected":false},"excerpt":{"rendered":"<p>FET\u00d6 eleba\u015f\u0131 Fethullah G\u00fclen&#8217;in avukat\u0131 Reid Weingarten&#8217;in ayn\u0131 zamanda \u00e7ocuk istismar\u0131 ve fuhu\u015f a\u011f\u0131 lideri Jeffrey Epstein&#8217;in de avukatl\u0131\u011f\u0131n\u0131 yapt\u0131\u011f\u0131 \u00f6\u011frenildi.<\/p>\n","protected":false},"author":1,"featured_media":20247,"comment_status":"open","ping_status":"open","sticky":false,"template":"","format":"standard","meta":{"footnotes":""},"categories":[6],"tags":[272,3688,3686,2183,3687],"class_list":["post-20246","post","type-post","status-publish","format-standard","has-post-thumbnail","hentry","category-dunya","tag-abd","tag-agi","tag-avukati","tag-epstein","tag-feto"],"_links":{"self":[{"href":"https:\/\/bihavadis.com\/index.php\/wp-json\/wp\/v2\/posts\/20246","targetHints":{"allow":["GET"]}}],"collection":[{"href":"https:\/\/bihavadis.com\/index.php\/wp-json\/wp\/v2\/posts"}],"about":[{"href":"https:\/\/bihavadis.com\/index.php\/wp-json\/wp\/v2\/types\/post"}],"author":[{"embeddable":true,"href":"https:\/\/bihavadis.com\/index.php\/wp-json\/wp\/v2\/users\/1"}],"replies":[{"embeddable":true,"href":"https:\/\/bihavadis.com\/index.php\/wp-json\/wp\/v2\/comments?post=20246"}],"version-history":[{"count":1,"href":"https:\/\/bihavadis.com\/index.php\/wp-json\/wp\/v2\/posts\/20246\/revisions"}],"predecessor-version":[{"id":20252,"href":"https:\/\/bihavadis.com\/index.php\/wp-json\/wp\/v2\/posts\/20246\/revisions\/20252"}],"wp:featuredmedia":[{"embeddable":true,"href":"https:\/\/bihavadis.com\/index.php\/wp-json\/wp\/v2\/media\/20247"}],"wp:attachment":[{"href":"https:\/\/bihavadis.com\/index.php\/wp-json\/wp\/v2\/media?parent=20246"}],"wp:term":[{"taxonomy":"category","embeddable":true,"href":"https:\/\/bihavadis.com\/index.php\/wp-json\/wp\/v2\/categories?post=20246"},{"taxonomy":"post_tag","embeddable":true,"href":"https:\/\/bihavadis.com\/index.php\/wp-json\/wp\/v2\/tags?post=20246"}],"curies":[{"name":"wp","href":"https:\/\/api.w.org\/{rel}","templated":true}]}}