{"id":20256,"date":"2026-02-07T13:24:06","date_gmt":"2026-02-07T13:24:06","guid":{"rendered":"https:\/\/bihavadis.com\/?p=20256"},"modified":"2026-02-07T13:24:06","modified_gmt":"2026-02-07T13:24:06","slug":"30-bin-lira-altin-kurali-nasil-isleyecek-uzmani-cevaplandirdi","status":"publish","type":"post","link":"https:\/\/bihavadis.com\/index.php\/2026\/02\/07\/30-bin-lira-altin-kurali-nasil-isleyecek-uzmani-cevaplandirdi\/","title":{"rendered":"30 bin lira alt\u0131n kural\u0131 nas\u0131l i\u015fleyecek? Uzman\u0131 cevapland\u0131rd\u0131"},"content":{"rendered":"<p>Alt\u0131n fiyatlar\u0131 art\u0131nca endi\u015feler de artt\u0131.<\/p>\n<p>Alt\u0131nla ilgili fiyat art\u0131\u015flar\u0131 ve getirilen kurallar kamuoyunun kafas\u0131n\u0131 kar\u0131\u015ft\u0131rd\u0131. Bu konuda en \u00e7ok merak edilen sorulara konunu uzman\u0131 yan\u0131t verdi.<\/p>\n<p>Alt\u0131n fiyatlar\u0131n\u0131n y\u00fckselmesiyle birlikte \u00f6zellikle dar ve orta gelirli vatanda\u015f aras\u0131nda,<b><em> \u201cDevlet yast\u0131k alt\u0131ndaki alt\u0131nlara el koyar m\u0131?\u201d <\/em><\/b>sorusu en s\u0131k sorulan sorular aras\u0131nda yer almaya ba\u015flad\u0131.<\/p>\n<p><strong>&#8220;VATANDA\u015eIN ALTININA K\u0130MSE EL KOYAMAZ&#8221;<\/strong><\/p>\n<p>Konuyla ilgili kamuoyunda dola\u015fan iddialar\u0131n ger\u00e7e\u011fi yans\u0131tmad\u0131\u011f\u0131n\u0131 belirten Alt\u0131n ve Para Piyasalar\u0131 Uzman\u0131 Canda\u015f Atalay, y\u00fcr\u00fcrl\u00fckteki hi\u00e7bir d\u00fczenlemenin vatanda\u015f\u0131n alt\u0131n\u0131na el konulmas\u0131na izin vermedi\u011fini vurgulad\u0131.<\/p>\n<p>Atalay, <b><em>\u201cDevletin vatanda\u015f\u0131n alt\u0131n\u0131na el koymas\u0131 gibi bir durum s\u00f6z konusu de\u011fil. B\u00f6yle bir yetkiyi i\u00e7eren herhangi bir yasal d\u00fczenleme bulunmuyor.\u201d<\/em><\/b> diyerek tart\u0131\u015fmaya son noktay\u0131 koydu.<\/p>\n<p><strong>\u201cAMA\u00c7 KORKUTMAK DE\u011e\u0130L, KORUMAK\u201d<\/strong><\/p>\n<p>Canda\u015f Atalay, alt\u0131n\u0131n T\u00fcrkiye\u2019de yaln\u0131zca bir yat\u0131r\u0131m arac\u0131 de\u011fil, ayn\u0131 zamanda bir g\u00fcvence oldu\u011funu belirterek \u015fu de\u011ferlendirmede bulundu:<\/p>\n<p>Yap\u0131lan d\u00fczenlemeler alt\u0131na el koymak, vatanda\u015f\u0131 zorlamak ya da korkutmak i\u00e7in de\u011fil. Aksine hem vatanda\u015f\u0131n hem de esnaf\u0131n ileride ya\u015fayabilece\u011fi b\u00fcy\u00fck ma\u011fduriyetlerin \u00f6n\u00fcne ge\u00e7mek i\u00e7in at\u0131lm\u0131\u015f son derece sa\u011fl\u0131kl\u0131 ad\u0131mlard\u0131r.<\/p>\n<p><img decoding=\"async\" src=\"https:\/\/bihavadis.com\/wp-content\/uploads\/2026\/02\/30-bin-lira-altin-kurali-nasil-isleyecek-uzmani-cevaplandirdi-0-YIV82tXM.jpg\"\/><\/p>\n<p><strong>G\u00dcNDEMDEK\u0130 SORULAR VE CEVAPLARI<\/strong><\/p>\n<p><strong>30 B\u0130N L\u0130RA \u00dcZER\u0130 \u0130\u015eLEMLER NEDEN G\u00dcNDEMDE?<\/strong><\/p>\n<p>Son d\u00f6nemde tart\u0131\u015fmalar\u0131n oda\u011f\u0131nda yer alan <b><em>\u201c30 bin lira \u00fczeri alt\u0131n al\u0131m-sat\u0131m\u0131\u201d<\/em><\/b> uygulamas\u0131n\u0131n yanl\u0131\u015f anla\u015f\u0131ld\u0131\u011f\u0131n\u0131 belirten Atalay, bu d\u00fczenlemenin yaln\u0131zca kay\u0131t amac\u0131 ta\u015f\u0131d\u0131\u011f\u0131na dikkat \u00e7ekti.<\/p>\n<p>30 bin liran\u0131n \u00fczerindeki alt\u0131n i\u015flemlerinde kuyumcular\u0131n kimlik bilgisi almakla y\u00fck\u00fcml\u00fc oldu\u011funu s\u00f6yleyen Atalay, uygulaman\u0131n:<\/p>\n<p>-Alt\u0131n sat\u0131\u015f\u0131n\u0131 engellemedi\u011fini<\/p>\n<p>-Vatanda\u015f\u0131n alt\u0131n\u0131na el koymad\u0131\u011f\u0131n\u0131<\/p>\n<p>-Ek bir vergi do\u011furmad\u0131\u011f\u0131n\u0131 vurgulad\u0131.<\/p>\n<p>Ama\u00e7, b\u00fcy\u00fck tutarl\u0131 i\u015flemlerin kay\u0131t alt\u0131na al\u0131narak piyasan\u0131n \u015feffaf hale getirilmesi.<\/p>\n<p><strong>ALTIN K\u0130M\u0130N, DEVLET NE YAPMAK \u0130ST\u0130YOR?<\/strong><\/p>\n<p>T\u00fcrkiye\u2019de alt\u0131na olan talebin h\u0131zla artt\u0131\u011f\u0131n\u0131 belirten Atalay, \u00f6zellikle \u00e7eyrek ve yar\u0131m alt\u0131n gibi darphane \u00fcretimi sarrafiye alt\u0131nlarda zaman zaman arz s\u0131k\u0131nt\u0131s\u0131 ya\u015fand\u0131\u011f\u0131n\u0131 s\u00f6yledi. Bu durumun, merdiven alt\u0131 \u00fcretimlerin \u00f6n\u00fcn\u00fc a\u00e7t\u0131\u011f\u0131n\u0131 ifade etti.<\/p>\n<p>G\u00f6r\u00fcn\u00fc\u015fte darphane \u00fcr\u00fcnleriyle birebir olan ancak yetkisiz \u015fekilde \u00fcretilen bu alt\u0131nlar\u0131n ciddi bir risk olu\u015fturdu\u011funu belirten Atalay, Darphane d\u0131\u015f\u0131nda bu t\u00fcr alt\u0131nlar\u0131n bas\u0131lmas\u0131n\u0131n su\u00e7 oldu\u011funu hat\u0131rlatt\u0131.<\/p>\n<p>Darphane \u00fcretimi alt\u0131nlarda:<\/p>\n<p>-Sertifika<\/p>\n<p>-Seri numaras\u0131<\/p>\n<p>-Benzersiz ay\u0131rt edici i\u015faret bulunmad\u0131\u011f\u0131n\u0131 ifade eden Atalay, bu nedenle gram, ayar ve safl\u0131\u011f\u0131n kay\u0131t alt\u0131na al\u0131nmas\u0131n\u0131n b\u00fcy\u00fck \u00f6nem ta\u015f\u0131d\u0131\u011f\u0131n\u0131 s\u00f6yledi.<\/p>\n<p><img decoding=\"async\" src=\"https:\/\/bihavadis.com\/wp-content\/uploads\/2026\/02\/30-bin-lira-altin-kurali-nasil-isleyecek-uzmani-cevaplandirdi-1-bImCFMkE.jpg\"\/><\/p>\n<p><strong>100 B\u0130N L\u0130RALIK ALTINIM VAR, BOZDURAB\u0130L\u0130R M\u0130Y\u0130M?<\/strong><\/p>\n<p>Bu soruya net yan\u0131t veren Atalay, <b><em>\u201cEvet, hi\u00e7bir sorun ya\u015famadan bozdurabilirsiniz.\u201d<\/em><\/b> dedi. Kuyumcunun yaln\u0131zca kimlik bilgilerini alarak i\u015flemi kay\u0131t alt\u0131na ald\u0131\u011f\u0131n\u0131 belirten Atalay, alt\u0131n\u0131n kayna\u011f\u0131n\u0131n sorgulanmad\u0131\u011f\u0131n\u0131 ve bunun vatanda\u015f\u0131n ki\u015fisel m\u00fclk\u00fc oldu\u011funu vurgulad\u0131.<\/p>\n<p><strong>\u0130K\u0130NC\u0130 EL B\u0130LEZ\u0130KLER\u0130N R\u0130SK\u0130 NED\u0130R?<\/strong><\/p>\n<p>Alt\u0131n piyasas\u0131ndaki en b\u00fcy\u00fck riskin ikinci el bilezikler oldu\u011funu belirten Atalay, son y\u0131llarda bu alandaki i\u015flemlerin h\u0131zla artt\u0131\u011f\u0131na dikkat \u00e7ekti. \u00c7o\u011fu zaman belgesiz yap\u0131lan bu i\u015flemlerin ileride b\u00fcy\u00fck ma\u011fduriyetlere yol a\u00e7abilece\u011fini s\u00f6yledi.<\/p>\n<p>Bir\u00e7ok kuyumcunun:<\/p>\n<p>-Sabit bir \u00fcreticiyle \u00e7al\u0131\u015fmad\u0131\u011f\u0131n\u0131<\/p>\n<p>-Kendi \u00fcretimi olmayan \u00fcr\u00fcnleri satt\u0131\u011f\u0131n\u0131<\/p>\n<p>-Bilezikleri kesmeden vitrinde sat\u0131\u015fa sundu\u011funu\u2028belirten Atalay, bir bilezi\u011fin i\u00e7 ayar\u0131n\u0131n kesilmeden tespit edilmesinin m\u00fcmk\u00fcn olmad\u0131\u011f\u0131n\u0131 ifade etti.<\/p>\n<p>Y\u0131llar sonra bozdurulmak istenen bir bilezi\u011fin kesilmesi halinde d\u00fc\u015f\u00fck ayar \u00e7\u0131kabilece\u011fini belirten Atalay, bu durumda vatanda\u015f\u0131n elinde:<\/p>\n<p>-Fatura<\/p>\n<p>-Sertifika<\/p>\n<p>-\u00d6deme kayd\u0131\u2028olmad\u0131\u011f\u0131 i\u00e7in hakk\u0131n\u0131 aramas\u0131n\u0131n neredeyse imk\u00e2ns\u0131z hale geldi\u011fini s\u00f6yledi.<\/p>\n<p>\u00dcstelik sat\u0131c\u0131lar\u0131n da \u00e7o\u011fu zaman \u00fcr\u00fcn\u00fc sabit bir tedarik\u00e7iden almad\u0131\u011f\u0131 i\u00e7in sorumluluk kabul etmedi\u011fini vurgulad\u0131.<\/p>\n","protected":false},"excerpt":{"rendered":"<p>Alt\u0131n fiyatlar\u0131ndaki y\u00fckseli\u015fle birlikte \u201cDevlet yast\u0131k alt\u0131ndaki alt\u0131nlara el koyacak m\u0131?\u201d sorusu yeniden g\u00fcndeme geldi. Alt\u0131n ve Para Piyasalar\u0131 Uzman\u0131 Canda\u015f Atalay, Ensonhaber\u2019e yapt\u0131\u011f\u0131 de\u011ferlendirmede kamuoyunda olu\u015fan endi\u015felere net yan\u0131t verdi.<\/p>\n","protected":false},"author":1,"featured_media":20257,"comment_status":"open","ping_status":"open","sticky":false,"template":"","format":"standard","meta":{"footnotes":""},"categories":[8],"tags":[387,3689,3690,1226,367],"class_list":["post-20256","post","type-post","status-publish","format-standard","has-post-thumbnail","hentry","category-ekonomi","tag-altin","tag-atalay","tag-islemler","tag-vatandas","tag-zaman"],"_links":{"self":[{"href":"https:\/\/bihavadis.com\/index.php\/wp-json\/wp\/v2\/posts\/20256","targetHints":{"allow":["GET"]}}],"collection":[{"href":"https:\/\/bihavadis.com\/index.php\/wp-json\/wp\/v2\/posts"}],"about":[{"href":"https:\/\/bihavadis.com\/index.php\/wp-json\/wp\/v2\/types\/post"}],"author":[{"embeddable":true,"href":"https:\/\/bihavadis.com\/index.php\/wp-json\/wp\/v2\/users\/1"}],"replies":[{"embeddable":true,"href":"https:\/\/bihavadis.com\/index.php\/wp-json\/wp\/v2\/comments?post=20256"}],"version-history":[{"count":1,"href":"https:\/\/bihavadis.com\/index.php\/wp-json\/wp\/v2\/posts\/20256\/revisions"}],"predecessor-version":[{"id":20260,"href":"https:\/\/bihavadis.com\/index.php\/wp-json\/wp\/v2\/posts\/20256\/revisions\/20260"}],"wp:featuredmedia":[{"embeddable":true,"href":"https:\/\/bihavadis.com\/index.php\/wp-json\/wp\/v2\/media\/20257"}],"wp:attachment":[{"href":"https:\/\/bihavadis.com\/index.php\/wp-json\/wp\/v2\/media?parent=20256"}],"wp:term":[{"taxonomy":"category","embeddable":true,"href":"https:\/\/bihavadis.com\/index.php\/wp-json\/wp\/v2\/categories?post=20256"},{"taxonomy":"post_tag","embeddable":true,"href":"https:\/\/bihavadis.com\/index.php\/wp-json\/wp\/v2\/tags?post=20256"}],"curies":[{"name":"wp","href":"https:\/\/api.w.org\/{rel}","templated":true}]}}