{"id":20333,"date":"2026-02-07T14:21:05","date_gmt":"2026-02-07T14:21:05","guid":{"rendered":"https:\/\/bihavadis.com\/?p=20333"},"modified":"2026-02-07T14:21:05","modified_gmt":"2026-02-07T14:21:05","slug":"suleyman-orakcioglunun-bosanma-kararinin-perde-arkasinda-aldatma-iddiasi-mi-var","status":"publish","type":"post","link":"https:\/\/bihavadis.com\/index.php\/2026\/02\/07\/suleyman-orakcioglunun-bosanma-kararinin-perde-arkasinda-aldatma-iddiasi-mi-var\/","title":{"rendered":"S\u00fcleyman Orak\u00e7\u0131o\u011flu&#8217;nun bo\u015fanma karar\u0131n\u0131n perde arkas\u0131nda aldatma iddias\u0131 m\u0131 var?"},"content":{"rendered":"<p> Magazin Bahane program\u0131nda, sunucular Hakan Solaker ve G\u00f6kay Kalayc\u0131o\u011flu, i\u015f d\u00fcnyas\u0131n\u0131n tan\u0131nan isimlerinden S\u00fcleyman Orak\u00e7\u0131o\u011flu&#8217;nun, Ahu Orak\u00e7\u0131o\u011flu ile yakla\u015f\u0131k iki ay \u00f6nce ger\u00e7ekle\u015fen bo\u015fanmas\u0131n\u0131 t\u00fcm y\u00f6nleriyle ele ald\u0131. Programda, bo\u015fanman\u0131n perde arkas\u0131na dair \u00e7arp\u0131c\u0131 iddialar ve Orak\u00e7\u0131o\u011flu&#8217;nun kariyerine ili\u015fkin dikkat \u00e7ekici de\u011ferlendirmeler g\u00fcndeme geldi.<\/p>\n<p><b>&#8220;GER\u00c7EK BO\u015eANMA SEBEB\u0130N\u0130N ALTINDA ALDATMA \u0130DD\u0130ASI VAR&#8221;<\/b><\/p>\n<p>Programda yap\u0131lan de\u011ferlendirmelerde, S\u00fcleyman Orak\u00e7\u0131o\u011flu&#8217;nun Ahu Orak\u00e7\u0131o\u011flu ile olan evlili\u011finin resmi olarak sona erdi\u011fi hat\u0131rlat\u0131l\u0131rken, as\u0131l bo\u015fanma karar\u0131n\u0131n arkas\u0131nda aldatma iddias\u0131 oldu\u011fu \u00f6ne s\u00fcr\u00fcld\u00fc. Hakan Solaker, bu s\u00fcrecin kamuoyuna yans\u0131yan k\u0131sm\u0131yla s\u0131n\u0131rl\u0131 olmad\u0131\u011f\u0131n\u0131 belirterek, kulislerde konu\u015fulan iddialar\u0131n evlilikteki k\u0131r\u0131lma noktas\u0131n\u0131 olu\u015fturdu\u011funu ifade etti. Konunun hukuki boyutuna girilmezken, ya\u015fananlar\u0131n magazin g\u00fcndeminde uzun s\u00fcre konu\u015fulaca\u011f\u0131 vurguland\u0131.<\/p>\n<p><b>&#8220;MEDYAYI BIRAKMASAYDI BUG\u00dcN ANA HABER Y\u00dcZ\u00dc OLAB\u0130L\u0130RD\u0130&#8221;<\/b><\/p>\n<p>Program\u0131n ilerleyen b\u00f6l\u00fcm\u00fcnde ise S\u00fcleyman Orak\u00e7\u0131o\u011flu&#8217;nun ge\u00e7mi\u015fteki medya kariyeri masaya yat\u0131r\u0131ld\u0131. G\u00f6kay Kalayc\u0131o\u011flu, Orak\u00e7\u0131o\u011flu&#8217;nun ekranlardan \u00e7ekilmemesi halinde bug\u00fcn \u00e7ok b\u00fcy\u00fck kanallardan birinin ana y\u00fcz\u00fc olabilecek potansiyele sahip oldu\u011funu dile getirdi. Medyadan uzakla\u015fmas\u0131n\u0131n kariyerinde \u00f6nemli bir k\u0131r\u0131lma yaratt\u0131\u011f\u0131n\u0131 belirten yorumcular, \u00f6zel hayat\u0131ndaki bu ayr\u0131l\u0131\u011f\u0131n da kamuoyunda &#8220;de\u011fer miydi?&#8221; sorusunu beraberinde getirdi\u011fini ifade etti. Programda, Ahu Orak\u00e7\u0131o\u011flu ile yollar\u0131n ayr\u0131lmas\u0131n\u0131n ard\u0131ndan ya\u015fanan s\u00fcrecin magazin d\u00fcnyas\u0131nda yeni tart\u0131\u015fmalar\u0131 tetikledi\u011fi kaydedildi.<\/p>\n","protected":false},"excerpt":{"rendered":"<p>Haberler.com YouTube kanal\u0131nda yay\u0131nlanan Magazin Bahane program\u0131nda, Hakan Solaker ve G\u00f6kay Kalayc\u0131o\u011flu, S\u00fcleyman Orak\u00e7\u0131o\u011flu&#8217;nun Ahu Orak\u00e7\u0131o\u011flu ile yakla\u015f\u0131k iki ay \u00f6nce ger\u00e7ekle\u015fen bo\u015fanmas\u0131n\u0131 masaya yat\u0131rd\u0131. Programda, bo\u015fanma karar\u0131n\u0131n arkas\u0131nda aldatma iddias\u0131 oldu\u011fu \u00f6ne s\u00fcr\u00fcl\u00fcrken, Orak\u00e7\u0131o\u011flu&#8217;nun medyadan \u00e7ekilmemesi halinde bug\u00fcn b\u00fcy\u00fck kanallardan birinin ana y\u00fcz\u00fc olabilece\u011fi yorumlar\u0131 yap\u0131ld\u0131.<\/p>\n","protected":false},"author":1,"featured_media":20334,"comment_status":"open","ping_status":"open","sticky":false,"template":"","format":"standard","meta":{"footnotes":""},"categories":[1],"tags":[],"class_list":["post-20333","post","type-post","status-publish","format-standard","has-post-thumbnail","hentry","category-uncategorized"],"_links":{"self":[{"href":"https:\/\/bihavadis.com\/index.php\/wp-json\/wp\/v2\/posts\/20333","targetHints":{"allow":["GET"]}}],"collection":[{"href":"https:\/\/bihavadis.com\/index.php\/wp-json\/wp\/v2\/posts"}],"about":[{"href":"https:\/\/bihavadis.com\/index.php\/wp-json\/wp\/v2\/types\/post"}],"author":[{"embeddable":true,"href":"https:\/\/bihavadis.com\/index.php\/wp-json\/wp\/v2\/users\/1"}],"replies":[{"embeddable":true,"href":"https:\/\/bihavadis.com\/index.php\/wp-json\/wp\/v2\/comments?post=20333"}],"version-history":[{"count":1,"href":"https:\/\/bihavadis.com\/index.php\/wp-json\/wp\/v2\/posts\/20333\/revisions"}],"predecessor-version":[{"id":20335,"href":"https:\/\/bihavadis.com\/index.php\/wp-json\/wp\/v2\/posts\/20333\/revisions\/20335"}],"wp:featuredmedia":[{"embeddable":true,"href":"https:\/\/bihavadis.com\/index.php\/wp-json\/wp\/v2\/media\/20334"}],"wp:attachment":[{"href":"https:\/\/bihavadis.com\/index.php\/wp-json\/wp\/v2\/media?parent=20333"}],"wp:term":[{"taxonomy":"category","embeddable":true,"href":"https:\/\/bihavadis.com\/index.php\/wp-json\/wp\/v2\/categories?post=20333"},{"taxonomy":"post_tag","embeddable":true,"href":"https:\/\/bihavadis.com\/index.php\/wp-json\/wp\/v2\/tags?post=20333"}],"curies":[{"name":"wp","href":"https:\/\/api.w.org\/{rel}","templated":true}]}}