{"id":20380,"date":"2026-02-07T14:51:05","date_gmt":"2026-02-07T14:51:05","guid":{"rendered":"https:\/\/bihavadis.com\/?p=20380"},"modified":"2026-02-07T14:51:05","modified_gmt":"2026-02-07T14:51:05","slug":"deprem-tragedisinde-ailebasilik","status":"publish","type":"post","link":"https:\/\/bihavadis.com\/index.php\/2026\/02\/07\/deprem-tragedisinde-ailebasilik\/","title":{"rendered":"Deprem Tragedisinde Aileba\u015f\u0131l\u0131k"},"content":{"rendered":"<p> Hatay&#8217;da 6 \u015eubat 2023&#8217;teki depremlerde o\u011fullar\u0131n\u0131 ve gelinlerini kaybeden ya\u015fl\u0131 \u00e7ift, onlardan geriye kalan 3 torununa bak\u0131yor.<\/p>\n<p>Kahramanmara\u015f merkezli depremlerde, \u0130skenderun il\u00e7esi Mustafa Kemal Mahallesi&#8217;ndeki 3 katl\u0131 binan\u0131n y\u0131k\u0131lmas\u0131 sonucu Mehmet ve \u00c7i\u011fdem \u0130\u015f\u00e7i \u00e7ifti hayat\u0131n\u0131 kaybetti, 3 \u00e7ocu\u011fu ise enkazdan sa\u011f kurtar\u0131ld\u0131.<\/p>\n<p>Anne ve babalar\u0131n\u0131 kaybeden \u00e7ocuklara, dedeleri ve babaanneleri sahip \u00e7\u0131kt\u0131.<\/p>\n<p>O\u011fullar\u0131n\u0131n emaneti 12, 14 ve 17 ya\u015f\u0131ndaki \u00fc\u00e7 torununun koruyucu ailesi olan 66 ya\u015f\u0131ndaki Yusuf ve 65 ya\u015f\u0131ndaki Hadice \u0130\u015f\u00e7i, onlara evlatlar\u0131 gibi bak\u0131yor.<\/p>\n<p>E\u011fitimlerinden sa\u011fl\u0131klar\u0131na, torunlar\u0131n\u0131n t\u00fcm ihtiya\u00e7lar\u0131yla yak\u0131ndan ilgilenen dede ve nine, ilerlemi\u015f ya\u015flar\u0131na ra\u011fmen evlatlar\u0131n\u0131n emanetinin mutlu bir yuvada b\u00fcy\u00fcmesi i\u00e7in ellerinden geleni yap\u0131yor.<\/p>\n<p>&#8220;Dede olarak de\u011fil baba olarak yanlar\u0131nday\u0131m&#8221;<\/p>\n<p>Dede Yusuf \u0130\u015f\u00e7i, AA muhabirine, deprem an\u0131nda ilk ko\u015ftuklar\u0131 yerin o\u011fullar\u0131n\u0131n evi oldu\u011funu s\u00f6yledi.<\/p>\n<p>Evin \u00f6n\u00fcne gittiklerinde evlatlar\u0131n\u0131 enkaz alt\u0131nda g\u00f6rd\u00fcklerini anlatan \u0130\u015f\u00e7i, &#8220;Enkazdan kurtarmak i\u00e7in kendi \u00e7abam\u0131zla \u00e7al\u0131\u015ft\u0131k. Rahmetli \u00e7ocu\u011fumla, gelinimle konu\u015fuyordum. S\u0131rayla \u00e7ocuklar\u0131 enkazdan sa\u011f \u00e7\u0131kartt\u0131k. Yakla\u015f\u0131k 10 saat sonra gelinimle o\u011flumu da \u00e7\u0131kard\u0131k ama ikisi de ayn\u0131 anda canlar\u0131n\u0131 teslim etti. \u00c7ocuklar yaral\u0131yd\u0131, onlar\u0131n tedavileriyle ilgilendik.&#8221; dedi.<\/p>\n<p>\u0130\u015f\u00e7i, o\u011flunun enkazdayken \u00e7ocuklar\u0131n\u0131 kendisine emanet etti\u011fini belirterek, \u015f\u00f6yle konu\u015ftu: <\/p>\n<p>&#8220;O\u011flum, &#8216;\u00c7ocuklar\u0131m sana emanet&#8217; dedi. \u00c7ocuklar zaten benim can\u0131md\u0131r, onlar olmadan ben olmam, onlar ne kadar ya\u015farsa ya\u015fas\u0131n dede olarak de\u011fil baba olarak yanlar\u0131nday\u0131m. Hepsiyle ilgileniyorum, bir dediklerini iki etmiyorum. Nerede okumak istiyorlarsa oraya g\u00f6nderiyorum ve pe\u015flerinde gidip geliyorum. Torunlar\u0131m\u0131 \u00e7ok seviyorum. Bunlar\u0131n okuyup i\u015f sahibi olmalar\u0131n\u0131, evlenmelerini isterim, onlar yuva sahibi olana kadar hi\u00e7 durmadan \u00e7al\u0131\u015faca\u011f\u0131m.&#8221;<\/p>\n<p>&#8220;Sa\u011fl\u0131\u011f\u0131mda \u00e7ocuklara bakabilmek, onlar\u0131 iyi yeti\u015ftirmek en b\u00fcy\u00fck iste\u011fim&#8221;<\/p>\n<p>Babaanne Hadice \u0130\u015f\u00e7i de evlat ac\u0131s\u0131 ya\u015faman\u0131n tarifsiz oldu\u011funu dile getirdi.<\/p>\n<p>Evlad\u0131ndan geriye kalan 3 torununa elinden geldi\u011fince annelik yapmaya \u00e7al\u0131\u015ft\u0131\u011f\u0131n\u0131 anlatan \u0130\u015f\u00e7i, \u015funlar\u0131 kaydetti: <\/p>\n<p>&#8220;O\u011flum, e\u015fimle konu\u015fmu\u015f, &#8216;Ailem size emanet, hakk\u0131n\u0131 helal et&#8217; demi\u015f. \u00c7ocuklar\u0131 seviyoruz onlar\u0131 bir g\u00fcn g\u00f6rmezsek \u00f6zl\u00fcyoruz. Ne istiyorlarsa onu yap\u0131yoruz, amcalar\u0131, dedesi g\u00f6t\u00fcr\u00fcyor, gezdiriyor. Sa\u011fl\u0131\u011f\u0131mda \u00e7ocuklara bakabilmek, onlar\u0131 iyi yeti\u015ftirmek en b\u00fcy\u00fck iste\u011fim. \u0130yi g\u00fcnlerini g\u00f6rmek istiyoruz, onlar gelinimin, o\u011flumun emaneti, onlar\u0131 art\u0131k g\u00f6rm\u00fcyoruz onlar\u0131n yerine \u00e7ocuklar\u0131 koyuyoruz.&#8221;<\/p>\n","protected":false},"excerpt":{"rendered":"<p>Hatay&#8217;da depremde \u00e7ocuklar\u0131n\u0131 kaybeden dede ve nine, torunlar\u0131na \u00f6zveriyle bak\u0131yor.<\/p>\n","protected":false},"author":1,"featured_media":0,"comment_status":"open","ping_status":"open","sticky":false,"template":"","format":"standard","meta":{"footnotes":""},"categories":[9,4,13],"tags":[683,3713,3712,2253,1265],"class_list":["post-20380","post","type-post","status-publish","format-standard","hentry","category-genel","category-gundem","category-son-dakika","tag-cocuklar","tag-dede","tag-emanet","tag-isci","tag-onlar"],"_links":{"self":[{"href":"https:\/\/bihavadis.com\/index.php\/wp-json\/wp\/v2\/posts\/20380","targetHints":{"allow":["GET"]}}],"collection":[{"href":"https:\/\/bihavadis.com\/index.php\/wp-json\/wp\/v2\/posts"}],"about":[{"href":"https:\/\/bihavadis.com\/index.php\/wp-json\/wp\/v2\/types\/post"}],"author":[{"embeddable":true,"href":"https:\/\/bihavadis.com\/index.php\/wp-json\/wp\/v2\/users\/1"}],"replies":[{"embeddable":true,"href":"https:\/\/bihavadis.com\/index.php\/wp-json\/wp\/v2\/comments?post=20380"}],"version-history":[{"count":1,"href":"https:\/\/bihavadis.com\/index.php\/wp-json\/wp\/v2\/posts\/20380\/revisions"}],"predecessor-version":[{"id":20381,"href":"https:\/\/bihavadis.com\/index.php\/wp-json\/wp\/v2\/posts\/20380\/revisions\/20381"}],"wp:attachment":[{"href":"https:\/\/bihavadis.com\/index.php\/wp-json\/wp\/v2\/media?parent=20380"}],"wp:term":[{"taxonomy":"category","embeddable":true,"href":"https:\/\/bihavadis.com\/index.php\/wp-json\/wp\/v2\/categories?post=20380"},{"taxonomy":"post_tag","embeddable":true,"href":"https:\/\/bihavadis.com\/index.php\/wp-json\/wp\/v2\/tags?post=20380"}],"curies":[{"name":"wp","href":"https:\/\/api.w.org\/{rel}","templated":true}]}}