{"id":20442,"date":"2026-02-07T15:42:15","date_gmt":"2026-02-07T15:42:15","guid":{"rendered":"https:\/\/bihavadis.com\/?p=20442"},"modified":"2026-02-07T15:42:15","modified_gmt":"2026-02-07T15:42:15","slug":"kktc-meclisinde-gerginlik-milletvekilleri-arasinda-kavga-cikti","status":"publish","type":"post","link":"https:\/\/bihavadis.com\/index.php\/2026\/02\/07\/kktc-meclisinde-gerginlik-milletvekilleri-arasinda-kavga-cikti\/","title":{"rendered":"KKTC Meclisi&#8217;nde gerginlik: Milletvekilleri aras\u0131nda kavga \u00e7\u0131kt\u0131"},"content":{"rendered":"<p>Kuzey K\u0131br\u0131s T\u00fcrk Cumhuriyeti (KKTC) Cumhuriyet Meclisi&#8217;nde tansiyon y\u00fckseldi.<\/p>\n<p>Meclis&#8217;te yarg\u0131 reformu ve erken se\u00e7im tart\u0131\u015fmalar\u0131 s\u0131ras\u0131nda gerginlik \u00e7\u0131kt\u0131.<\/p>\n<p><strong>MECL\u0130S&#8217;TE YUMRUKLAR KONU\u015eTU<\/strong><\/p>\n<p>\u0130ktidar partisi Ulusal Birlik Partisi (UBP) Milletvekili ve Genel Sekreteri Ahmet Sava\u015fan ile ana muhalefet Cumhuriyet\u00e7i T\u00fcrk Partisi (CTP) Milletvekili Ongun Talat aras\u0131nda s\u00f6zl\u00fc tart\u0131\u015fma \u00e7\u0131kt\u0131.<\/p>\n<p>Tart\u0131\u015fma, k\u0131sa s\u00fcrede fiziksel arbedeye d\u00f6n\u00fc\u015ft\u00fc.<\/p>\n<p>Ya\u015fananlar, Meclis oturumunun ara verilmesine neden oldu.<\/p>\n<p><img decoding=\"async\" src=\"https:\/\/bihavadis.com\/wp-content\/uploads\/2026\/02\/kktc-meclisinde-gerginlik-milletvekilleri-arasinda-kavga-cikti-0-UFxaXv26.jpg\"\/><\/p>\n<p><strong>M\u0130LLETVEK\u0130LLER\u0130 ARASINDA \u00dcSLUP TARTI\u015eMASI \u00c7IKTI<\/strong><\/p>\n<p>Oturum s\u0131ras\u0131nda Ula\u015ft\u0131rma Bakan\u0131 Erhan Ar\u0131kl\u0131&#8217;n\u0131n erken se\u00e7imle ilgili de\u011ferlendirmeleri devam ederken, Ongun Talat s\u00f6z ald\u0131.<\/p>\n<p>Talat, KKTC Ba\u015fbakan\u0131 \u00dcnal \u00dcstel&#8217;in yarg\u0131 reformu a\u00e7\u0131klamlar\u0131n\u0131 ele\u015ftirerek, s\u00fcrecin kime dan\u0131\u015f\u0131larak y\u00fcr\u00fct\u00fcld\u00fc\u011f\u00fcn\u00fc sordu.<\/p>\n<p>Bu s\u0131rada Ahmet Sava\u015fan ile Talat aras\u0131nda &#8216;\u00fcslup&#8217; tart\u0131\u015fmas\u0131 ba\u015flad\u0131.<\/p>\n<p><img decoding=\"async\" src=\"https:\/\/bihavadis.com\/wp-content\/uploads\/2026\/02\/kktc-meclisinde-gerginlik-milletvekilleri-arasinda-kavga-cikti-1-7MiCD2a9.jpg\"\/><\/p>\n<p><strong>&#8220;\u0130\u015e\u0130N G\u00dcC\u00dcN SEV\u0130YES\u0130ZL\u0130K&#8221;<\/strong><\/p>\n<p>Tart\u0131\u015fma h\u0131zla k\u0131z\u0131\u015f\u0131rken, Talat&#8217;\u0131n Sava\u015fan&#8217;a <em><b>&#8220;G\u00fcndem olmaya \u00e7al\u0131\u015fma. T\u00fcrkiye televizyonlar\u0131na \u00e7\u0131kt\u0131n.\u00a0Deutsche Welle&#8217;ye bile \u00e7\u0131kt\u0131n.&#8221;<\/b><\/em> demesiyle; Sava\u015fan, <em><b>&#8220;\u0130\u015fin g\u00fcc\u00fcn seviyesizlik&#8221;<\/b><\/em> yan\u0131t\u0131n\u0131 verdi.<\/p>\n<p>Talat&#8217;\u0131n <em><b>&#8220;Terbiyesiz&#8221; <\/b><\/em>s\u00f6z\u00fcn\u00fcn \u00fczerine Sava\u015fan, <em><b>&#8220;Terbiyesiz sensin&#8221; <\/b><\/em>diyerek Talat&#8217;\u0131n \u00fczerine y\u00fcr\u00fcd\u00fc ve fiziksel m\u00fcdahalede bulundu.<\/p>\n<p><img decoding=\"async\" src=\"https:\/\/bihavadis.com\/wp-content\/uploads\/2026\/02\/kktc-meclisinde-gerginlik-milletvekilleri-arasinda-kavga-cikti-2-lTX6evLG.jpg\"\/><\/p>\n<p><strong>ARBEDE \u00c7IKINCA OTURUMA ARA VER\u0130LD\u0130<\/strong><\/p>\n<p>Bunun ard\u0131ndan salonda arbede ya\u015fand\u0131 ve di\u011fer milletvekilleri araya girerek taraflar\u0131 ay\u0131rmaya \u00e7al\u0131\u015ft\u0131.<\/p>\n<p>Kad\u0131n milletvekillerinin olaylar\u0131 endi\u015feyle izledi\u011fi anlar da dikkat \u00e7ekti.<\/p>\n<p>Meclis Ba\u015fkan\u0131 Zorlu T\u00f6re&#8217;nin m\u00fcdahalesiyle oturuma ara verildi.<\/p>\n<p>Olay, KKTC siyasi g\u00fcndeminde geni\u015f yer ald\u0131.<\/p>\n<p><img decoding=\"async\" src=\"https:\/\/bihavadis.com\/wp-content\/uploads\/2026\/02\/kktc-meclisinde-gerginlik-milletvekilleri-arasinda-kavga-cikti-3-uxuDQQNm.jpg\"\/><\/p>\n","protected":false},"excerpt":{"rendered":"<p>KKTC Cumhuriyet Meclisi&#8217;nde gerilim t\u0131rmand\u0131. UBP ve CTP milletvekilleri aras\u0131nda \u00e7\u0131kan tart\u0131\u015fman\u0131n alevlenmesiyle arbede ya\u015fand\u0131. Kavgan\u0131n fiziksel m\u00fcdahaleye d\u00f6nmesiyle oturuma ara verildi.<\/p>\n","protected":false},"author":1,"featured_media":20443,"comment_status":"open","ping_status":"open","sticky":false,"template":"","format":"standard","meta":{"footnotes":""},"categories":[6],"tags":[3725,397,3726,3724,796],"class_list":["post-20442","post","type-post","status-publish","format-standard","has-post-thumbnail","hentry","category-dunya","tag-cikti","tag-meclis","tag-savasan","tag-talat","tag-tartisma"],"_links":{"self":[{"href":"https:\/\/bihavadis.com\/index.php\/wp-json\/wp\/v2\/posts\/20442","targetHints":{"allow":["GET"]}}],"collection":[{"href":"https:\/\/bihavadis.com\/index.php\/wp-json\/wp\/v2\/posts"}],"about":[{"href":"https:\/\/bihavadis.com\/index.php\/wp-json\/wp\/v2\/types\/post"}],"author":[{"embeddable":true,"href":"https:\/\/bihavadis.com\/index.php\/wp-json\/wp\/v2\/users\/1"}],"replies":[{"embeddable":true,"href":"https:\/\/bihavadis.com\/index.php\/wp-json\/wp\/v2\/comments?post=20442"}],"version-history":[{"count":1,"href":"https:\/\/bihavadis.com\/index.php\/wp-json\/wp\/v2\/posts\/20442\/revisions"}],"predecessor-version":[{"id":20448,"href":"https:\/\/bihavadis.com\/index.php\/wp-json\/wp\/v2\/posts\/20442\/revisions\/20448"}],"wp:featuredmedia":[{"embeddable":true,"href":"https:\/\/bihavadis.com\/index.php\/wp-json\/wp\/v2\/media\/20443"}],"wp:attachment":[{"href":"https:\/\/bihavadis.com\/index.php\/wp-json\/wp\/v2\/media?parent=20442"}],"wp:term":[{"taxonomy":"category","embeddable":true,"href":"https:\/\/bihavadis.com\/index.php\/wp-json\/wp\/v2\/categories?post=20442"},{"taxonomy":"post_tag","embeddable":true,"href":"https:\/\/bihavadis.com\/index.php\/wp-json\/wp\/v2\/tags?post=20442"}],"curies":[{"name":"wp","href":"https:\/\/api.w.org\/{rel}","templated":true}]}}