{"id":20669,"date":"2026-02-07T18:48:18","date_gmt":"2026-02-07T18:48:18","guid":{"rendered":"https:\/\/bihavadis.com\/?p=20669"},"modified":"2026-02-07T18:48:18","modified_gmt":"2026-02-07T18:48:18","slug":"gaziantep-fk-altyapisiyla-umut-veriyor","status":"publish","type":"post","link":"https:\/\/bihavadis.com\/index.php\/2026\/02\/07\/gaziantep-fk-altyapisiyla-umut-veriyor\/","title":{"rendered":"Gaziantep FK, altyap\u0131s\u0131yla umut veriyor"},"content":{"rendered":"<p>S\u00fcper Lig ekiplerinden Gaziantep FK&#8217;nin altyap\u0131s\u0131nda yeti\u015fen futbolcular performanslar\u0131yla umut veriyor.<\/p>\n<p>Altyap\u0131ya verdi\u011fi \u00f6nemle bilinen ve yeti\u015ftirdi\u011fi oyunculara A tak\u0131mda forma \u015fans\u0131 tan\u0131yan Gaziantep FK&#8217;de 8&#8217;den 19 ya\u015fa kadar yakla\u015f\u0131k 300 futbolcu aday\u0131 e\u011fitim g\u00f6r\u00fcyor.<\/p>\n<p>\u00d6zellikle 14 ile 17 aras\u0131ndaki ya\u015f grubunda gelecek vaat eden futbolculara sahip olan G\u00fcneydo\u011fu temsilcisinin altyap\u0131s\u0131nda forma giyen 2 oyuncu, 18 ve 16 ya\u015f alt\u0131 milli tak\u0131mlara davet edildi.<\/p>\n<p><img decoding=\"async\" src=\"https:\/\/bihavadis.com\/wp-content\/uploads\/2026\/02\/gaziantep-fk-altyapisiyla-umut-veriyor-0-Pxx2L6PE.jpg\"\/><\/p>\n<p><strong>&#8220;EK\u0130P OLARAK TAK\u0130P ED\u0130YORUZ&#8221;<\/strong><\/p>\n<p>Gaziantep FK Gen\u00e7lik Geli\u015fim Teknik Sorumlusu \u0130brahim K\u00fcr\u015fat Dalo\u011flu, AA muhabirine, altyap\u0131ya \u00e7ok \u00f6nem verdiklerini ve gen\u00e7 yetenekleri ke\u015ffederek futbola kazand\u0131rmak i\u00e7in m\u00fccadele ettiklerini s\u00f6yledi.<\/p>\n<p>Bu konuda k\u0131sa s\u00fcrede \u00e7ok yol ald\u0131klar\u0131n\u0131 ettiklerini dile getiren Dalo\u011flu, \u015funlar\u0131 kaydetti:<\/p>\n<p>Alt ya\u015f grubundaki yetenekli \u00e7ocuklar\u0131 yukar\u0131 ta\u015f\u0131yabilmek istiyoruz. \u015eu anda eksiklerimiz var ama \u00e7ocuklar\u0131m\u0131z\u0131n fiziksel ve zihinsel geli\u015fimlerini ekip olarak takip ediyoruz. \u0130yi bir noktaya geldi\u011fimizi ve 1 senede \u00e7ok yol ald\u0131\u011f\u0131m\u0131z\u0131 d\u00fc\u015f\u00fcn\u00fcyorum. 7 oyuncumuzu \u00e7e\u015fitli kul\u00fcplere kiral\u0131k verdik, onlar\u0131 takip ediyoruz. Ali Osman 18, Ak\u0131n 16 ya\u015f alt\u0131 milli tak\u0131mda oynuyor. Yakla\u015f\u0131k 15 senedir b\u00f6yle bir \u015feyle hi\u00e7 kar\u015f\u0131la\u015f\u0131lmam\u0131\u015f.<\/p>\n<p><img decoding=\"async\" src=\"https:\/\/bihavadis.com\/wp-content\/uploads\/2026\/02\/gaziantep-fk-altyapisiyla-umut-veriyor-1-4zjBz4OM.jpg\"\/><\/p>\n<p><strong>&#8220;\u0130N\u015eALLAG \u00c7OK DAHA \u0130Y\u0130 OLACA\u011eIZ&#8221;<\/strong><\/p>\n<p>Altyap\u0131 tak\u0131mlar\u0131n\u0131n kendi ya\u015f gruplar\u0131nda yer ald\u0131klar\u0131 liglerde ba\u015far\u0131l\u0131 bir \u015fekilde m\u00fccadele etti\u011fini anlatan \u0130brahim K\u00fcr\u015fat Dalo\u011flu, bu dumun kendilerini mutlu etti\u011fini s\u00f6yledi.<\/p>\n<p>Kar\u015f\u0131la\u015fmalar\u0131n sonucundan ziyade oyuncular\u0131n geli\u015fimlerini izlediklerini ve \u00e7al\u0131\u015fmalar\u0131n\u0131n meyvelerini toplad\u0131klar\u0131n\u0131 dile getiren Dalo\u011flu, \u015f\u00f6yle konu\u015ftu:<\/p>\n<p>\u015eu anda finallere kat\u0131lmaya da hak kazand\u0131k. Bu da 1 y\u0131ld\u0131r yapt\u0131\u011f\u0131m\u0131z \u00e7al\u0131\u015fman\u0131n meyvesi diye d\u00fc\u015f\u00fcn\u00fcyorum. Asl\u0131nda ger\u00e7ek altyap\u0131 bu de\u011fil, biz y\u00f6neticilerimizle de konu\u015fuyoruz. Ger\u00e7ek akademi olmak i\u00e7in \u00e7ocuklar\u0131n kontrol\u00fcn\u00fcn bizde olmas\u0131 laz\u0131m. Beslenmesinden dinlenmesine ve e\u011fitimine kadar her \u015feyin sizin kontrol\u00fcn\u00fczde olmas\u0131 laz\u0131m. Bu anlamda da \u00e7al\u0131\u015fmalar\u0131m\u0131z var. \u0130leriki zamanda in\u015fallah \u00e7ok daha iyi olaca\u011f\u0131z.<\/p>\n<p><strong>&#8220;A TAKIMA KADAR KALEC\u0130 \u00c7IKARIYORUZ&#8221;<\/strong><\/p>\n<p>Gaziantep FK&#8217;de altyap\u0131 kaleci departman\u0131 sorumlusu Erdal Konuko\u011flu da \u00f6ncelikli hedeflerinin iyi kaleciler yeti\u015ftirmek oldu\u011funu dile getirdi.<\/p>\n<p>\u015eu an A tak\u0131mlar\u0131nda g\u00f6rev alan 4 kaleciden 3&#8217;\u00fcn\u00fcn altyap\u0131dan \u00e7\u0131kt\u0131\u011f\u0131n\u0131 bildiren Konuko\u011flu, <em><b>&#8220;Biz kendi evlatlar\u0131m\u0131z\u0131 yeti\u015ftiremezsek kimse bize iyi kaleciler vermiyor. O y\u00fczden kendi kalecimizi \u00e7\u0131karmak i\u00e7in her ya\u015f grubumuzda en az 6-7 kaleci olacak \u015fekilde \u00e7al\u0131\u015f\u0131yoruz. Her y\u0131l bir alt gruptan \u00fcste olmak \u00fczere A tak\u0131ma kadar kaleci \u00e7\u0131kar\u0131yoruz. \u0130n\u015fallah ileriki y\u0131llarda da kaleci s\u0131k\u0131nt\u0131s\u0131 ya\u015famayaca\u011f\u0131z.&#8221;<\/b><\/em> diye konu\u015ftu.<\/p>\n<p>Atletik performans antren\u00f6r\u00fc Atakan Ko\u00e7arslan ise b\u00fcy\u00fck ya\u015f gruplar\u0131ndaki testlerin benzerlerini alt ya\u015f gruplar\u0131na da uygulad\u0131klar\u0131n\u0131 belirterek, bu sayede eksikleri daha kolay tespit ettiklerini dile getirdi.<\/p>\n<p><img decoding=\"async\" src=\"https:\/\/bihavadis.com\/wp-content\/uploads\/2026\/02\/gaziantep-fk-altyapisiyla-umut-veriyor-2-fjcjHQsF.jpg\"\/><\/p>\n<p><img decoding=\"async\" src=\"https:\/\/bihavadis.com\/wp-content\/uploads\/2026\/02\/gaziantep-fk-altyapisiyla-umut-veriyor-3-yACd3Ls6.jpg\"\/><\/p>\n","protected":false},"excerpt":{"rendered":"<p>Farkl\u0131 ya\u015f kategorilerinde 300 kadar futbolcu aday\u0131n\u0131n e\u011fitim ald\u0131\u011f\u0131 Gaziantep FK&#8217;n\u0131n altyap\u0131s\u0131nda bu sezon 2 oyuncu kendi ya\u015f grubundaki milli tak\u0131mlara davet edildi, altyap\u0131dan \u00e7\u0131kan 7 oyuncu kiral\u0131k olarak farkl\u0131 liglerde g\u00f6rev ald\u0131<\/p>\n","protected":false},"author":1,"featured_media":20670,"comment_status":"open","ping_status":"open","sticky":false,"template":"","format":"standard","meta":{"footnotes":""},"categories":[14],"tags":[585,1269,379],"class_list":["post-20669","post","type-post","status-publish","format-standard","has-post-thumbnail","hentry","category-spor","tag-altyapi","tag-kaleci","tag-yas"],"_links":{"self":[{"href":"https:\/\/bihavadis.com\/index.php\/wp-json\/wp\/v2\/posts\/20669","targetHints":{"allow":["GET"]}}],"collection":[{"href":"https:\/\/bihavadis.com\/index.php\/wp-json\/wp\/v2\/posts"}],"about":[{"href":"https:\/\/bihavadis.com\/index.php\/wp-json\/wp\/v2\/types\/post"}],"author":[{"embeddable":true,"href":"https:\/\/bihavadis.com\/index.php\/wp-json\/wp\/v2\/users\/1"}],"replies":[{"embeddable":true,"href":"https:\/\/bihavadis.com\/index.php\/wp-json\/wp\/v2\/comments?post=20669"}],"version-history":[{"count":1,"href":"https:\/\/bihavadis.com\/index.php\/wp-json\/wp\/v2\/posts\/20669\/revisions"}],"predecessor-version":[{"id":20675,"href":"https:\/\/bihavadis.com\/index.php\/wp-json\/wp\/v2\/posts\/20669\/revisions\/20675"}],"wp:featuredmedia":[{"embeddable":true,"href":"https:\/\/bihavadis.com\/index.php\/wp-json\/wp\/v2\/media\/20670"}],"wp:attachment":[{"href":"https:\/\/bihavadis.com\/index.php\/wp-json\/wp\/v2\/media?parent=20669"}],"wp:term":[{"taxonomy":"category","embeddable":true,"href":"https:\/\/bihavadis.com\/index.php\/wp-json\/wp\/v2\/categories?post=20669"},{"taxonomy":"post_tag","embeddable":true,"href":"https:\/\/bihavadis.com\/index.php\/wp-json\/wp\/v2\/tags?post=20669"}],"curies":[{"name":"wp","href":"https:\/\/api.w.org\/{rel}","templated":true}]}}