{"id":20731,"date":"2026-02-07T19:39:04","date_gmt":"2026-02-07T19:39:04","guid":{"rendered":"https:\/\/bihavadis.com\/?p=20731"},"modified":"2026-02-07T19:39:04","modified_gmt":"2026-02-07T19:39:04","slug":"ciglide-deprem-gercegi-bilimle-konusuldu","status":"publish","type":"post","link":"https:\/\/bihavadis.com\/index.php\/2026\/02\/07\/ciglide-deprem-gercegi-bilimle-konusuldu\/","title":{"rendered":"\u00c7i\u011fli&#8217;de Deprem Ger\u00e7e\u011fi Bilimle Konu\u015fuldu"},"content":{"rendered":"<p>\u00c7i\u011fli Belediyesi, 6 \u015eubat 2023\u2019te ya\u015fanan ve \u00fclkemizi derinden sarsan depremlerin y\u0131l d\u00f6n\u00fcm\u00fcnde, deprem ger\u00e7e\u011fine dikkat \u00e7ekmek ve toplumda fark\u0131ndal\u0131k olu\u015fturmak amac\u0131yla Dokuz Eyl\u00fcl \u00dcniversitesi Jeoloji M\u00fchendisli\u011fi B\u00f6l\u00fcm\u00fc DAUM M\u00fcd\u00fcr\u00fc Prof. Dr. Hasan S\u00f6zbilir\u2019in kat\u0131l\u0131m\u0131 ile\u00a0 \u201cDeprem Forumu\u201d d\u00fczenledi.<\/p>\n<p>\u00c7i\u011fli Belediyesi, 6 \u015eubat depremlerinin ard\u0131ndan afetlere kar\u015f\u0131 daha diren\u00e7li bir kent olu\u015fturma hedefi do\u011frultusunda \u00e7al\u0131\u015fmalar\u0131n\u0131 s\u00fcrd\u00fcrmeye devam ediyor. Alan\u0131nda uzman isimlerden Prof. Dr. Hasan S\u00f6zbilir\u2019in kat\u0131l\u0131m\u0131yla ger\u00e7ekle\u015ftirilen forumda; deprem riski, afetlere haz\u0131rl\u0131k s\u00fcreci ve al\u0131nmas\u0131 gereken \u00f6nlemler ele al\u0131nd\u0131.\u00a0 Forum \u00f6ncesinde 6 \u015eubat depremlerinde hayat\u0131n\u0131 kaybedenlerin an\u0131s\u0131na 1 dakikal\u0131k sayg\u0131 duru\u015funda bulunuldu. Forum sonunda ise Ba\u015fkan Y\u0131ld\u0131z, S\u00f6zbilir\u2019e bir plaket takdim etti.<\/p>\n<p><b>Ba\u015fkan Y\u0131ld\u0131z: \u201cDepreme Dayan\u0131kl\u0131 Kentler \u0130n\u015fa Etmek Asli G\u00f6revimizdir\u201d<\/b><\/p>\n<p>Forumun a\u00e7\u0131l\u0131\u015f konu\u015fmas\u0131n\u0131 yapan \u00c7i\u011fli Belediye Ba\u015fkan\u0131 Onur Emrah Y\u0131ld\u0131z, depreme kar\u015f\u0131 diren\u00e7li kentlerin hayati \u00f6nem ta\u015f\u0131d\u0131\u011f\u0131n\u0131 vurgulad\u0131. Y\u0131ld\u0131z,\u00a0 \u201cG\u00f6reve geldikten sonra her yerde s\u00f6yledim; bir belediye ba\u015fkan\u0131n\u0131n asli hizmetleri aras\u0131nda \u00e7\u00f6p, yol, asfalt ne kadar g\u00f6reviyse, depreme dayan\u0131kl\u0131 bir kent in\u015fa etmek de o denli \u00f6nemli bir unsurdur. Bu kadar k\u0131ymetli bir hocam\u0131z\u0131 burada a\u011f\u0131rlamaktan dolay\u0131 \u00e7ok mutluyum. Depremin ne zaman ve nerede olaca\u011f\u0131n\u0131 bilmiyoruz ama \u015funu iftiharla s\u00f6yleyebilirim ki 18 ay gibi bir s\u00fcrede 14 milyon metrekarelik bir alanda plan \u00e7al\u0131\u015fmas\u0131 yapt\u0131k. Deprem \u00f6ld\u00fcrmez, depreme kar\u015f\u0131 \u00e7are bilimdir. Ne yaz\u0131k ki ihmal \u00f6ld\u00fcr\u00fcr. Umar\u0131m depremle y\u00fczle\u015fmeyiz ancak bizler diren\u00e7li kentler yapmal\u0131y\u0131z. 6 \u015eubat\u2019ta 11 ilimizde hayat\u0131n\u0131 kaybedenlere bir kez daha rahmet diliyorum. Umar\u0131m hem yerel hem de merkezi idareler \u00fczerine d\u00fc\u015fen her \u015feyi yapar\u201d dedi.<\/p>\n<p><b>Prof. Dr. S\u00f6zbilir: \u201c6 \u015eubat, D\u00fcnyadaki En B\u00fcy\u00fck Depremlerden Biri\u201d<\/b><\/p>\n<p>Forumda kapsaml\u0131 bir sunum ger\u00e7ekle\u015ftiren Prof. Dr. Hasan S\u00f6zbilir, 6 \u015eubat depremlerinin bilimsel a\u00e7\u0131dan ta\u015f\u0131d\u0131\u011f\u0131 \u00f6neme dikkat \u00e7ekti. S\u00f6zbilir, \u201cBu deprem, d\u00fcnyada \u2018s\u00fcper d\u00f6ng\u00fc depremi\u2019 olarak tan\u0131mlanan \u00e7ok b\u00fcy\u00fck depremlerden biridir. Yakla\u015f\u0131k 550 kilometrelik fay hatt\u0131 k\u0131r\u0131ld\u0131. Bu b\u00fcy\u00fckl\u00fck, demiri ve \u00e7eli\u011fi bile b\u00fckebilecek bir enerjiyi ortaya \u00e7\u0131kard\u0131\u201d dedi.<\/p>\n<p><b>S\u00f6zbilir\u2019den \u00c7i\u011fli De\u011ferlendirmesi<\/b><\/p>\n<p>Son 25 y\u0131lda depremlerin \u00fclke ekonomisine yakla\u015f\u0131k 236 milyar ABD dolar\u0131 zarar verdi\u011fini kaydeden S\u00f6zbilir, deprem y\u00f6netmeli\u011finin bu y\u0131l bir kez daha de\u011fi\u015fece\u011fini ve \u0130zmir i\u00e7in 200 eylem plan\u0131 bulundu\u011funu aktard\u0131. \u0130zmir\u2019de yap\u0131 stokunun y\u00fczde 50\u2019sinin eski y\u00f6netmeli\u011fe ait oldu\u011funu, y\u00fczde 30\u2019unun ise ruhsats\u0131z ve ka\u00e7ak oldu\u011funu belirten S\u00f6zbilir, kentsel d\u00f6n\u00fc\u015f\u00fcm\u00fcn zorunlu oldu\u011funu s\u00f6yledi. \u00c7i\u011fli il\u00e7esi \u00f6zelinde de\u011ferlendirmelerde bulunan S\u00f6zbilir, il\u00e7ede do\u011frudan diri fay hatt\u0131 bulunmad\u0131\u011f\u0131n\u0131, en yak\u0131n aktif fay\u0131n Menemen Fay\u0131 oldu\u011funu ifade etti. \u00c7i\u011fli\u2019nin zemin yap\u0131s\u0131n\u0131n \u0130zmir\u2019in bir\u00e7ok b\u00f6lgesine g\u00f6re daha iyi durumda oldu\u011funu, 1999 \u00f6ncesi yap\u0131 oran\u0131n\u0131n y\u00fczde 20\u2019lerde olmas\u0131n\u0131n \u00f6nemli bir avantaj sa\u011flad\u0131\u011f\u0131n\u0131 belirtti.<\/p>\n<p><b>\u201cAs\u0131l Hedefimiz Zarar Azaltma Olmal\u0131<\/b>\u201d<\/p>\n<p>T\u00fcrkiye\u2019de \u00f6zellikle 1975\u20131999 y\u0131llar\u0131 aras\u0131nda, jeolojik et\u00fct yap\u0131lmadan in\u015fa edilen yap\u0131lar\u0131n b\u00fcy\u00fck risk ta\u015f\u0131d\u0131\u011f\u0131n\u0131 belirten S\u00f6zbilir, afet y\u00f6netiminde en \u00f6nemli unsurun deprem \u00f6ncesi al\u0131nacak \u00f6nlemler oldu\u011funu vurgulad\u0131. Prof. Dr. S\u00f6zbilir,\u00a0 \u201cEnkazdan kurtarma konusunda belirli bir deneyime sahibiz. Ancak as\u0131l iyi olmam\u0131z gereken konu, zarar azaltma ve afet gelmeden \u00f6nce \u00f6nlem almakt\u0131r.<\/p>\n<p><b>Ayda Bebek Afet Enstit\u00fcs\u00fc kuruluyor<\/b><\/p>\n<p>Prof. Dr. Hasan S\u00f6zbilir, \u0130zmir Deprem Master Plan\u0131 kapsam\u0131nda y\u00fcr\u00fct\u00fclen \u00e7al\u0131\u015fmalara de\u011finerek, afetlere kar\u015f\u0131 daha bilin\u00e7li bir toplum olu\u015fturmak amac\u0131yla bir Afet Enstit\u00fcs\u00fc kurulmas\u0131na karar verildi\u011fini a\u00e7\u0131klad\u0131. S\u00f6zbilir, enstit\u00fcye 30 Ekim 2020 \u0130zmir depreminde 92 saat sonra enkazdan kurtar\u0131lan Ayda Bebe\u011fin ad\u0131n\u0131n verilece\u011fini ifade et<\/p>\n<p><b>\u00a0\u201cDeprem Konutlar\u0131 Hayati \u00d6nemde\u201d<\/b><\/p>\n<p>Deprem konutlar\u0131n\u0131n \u00f6nemine dikkat \u00e7eken Prof. Dr. Hasan S\u00f6zbilir, kentsel d\u00f6n\u00fc\u015f\u00fcm\u00fcn tek ba\u015f\u0131na yeterli olmad\u0131\u011f\u0131n\u0131 belirtti. Deprem beklenen b\u00f6lgelerde sa\u011flam ve g\u00fcvenli konutlar in\u015fa edilmesi gerekti\u011fini vurgulayan S\u00f6zbilir, \u00e7\u00fcr\u00fck binalarda ya\u015fayan vatanda\u015flar\u0131n bu konutlara ta\u015f\u0131nmas\u0131n\u0131n can kay\u0131plar\u0131n\u0131 \u00f6nleyece\u011fini ifade etti.<\/p>\n<p>\u00a0<\/p>\n<p>Kaynak: (BYZHA) Beyaz Haber Ajans\u0131<\/p>\n","protected":false},"excerpt":{"rendered":"<p>\u00c7i\u011fli Belediyesi, 6 \u015eubat 2023\u2019te ya\u015fanan ve \u00fclkemizi derinden sarsan depremlerin y\u0131l d\u00f6n\u00fcm\u00fcnde, deprem ger\u00e7e\u011fine dikkat \u00e7ekmek ve toplumda fark\u0131ndal\u0131k olu\u015fturmak amac\u0131yla Dokuz Eyl\u00fcl \u00dcniversitesi Jeoloji M\u00fchendisli\u011fi B\u00f6l\u00fcm\u00fc DAUM M\u00fcd\u00fcr\u00fc Prof. Dr. Hasan S\u00f6zbilir\u2019in kat\u0131l\u0131m\u0131 ile\u00a0 \u201cDeprem Forumu\u201d d\u00fczenledi.<\/p>\n","protected":false},"author":1,"featured_media":20732,"comment_status":"open","ping_status":"open","sticky":false,"template":"","format":"standard","meta":{"footnotes":""},"categories":[4],"tags":[1194,60,1380,1664,3763],"class_list":["post-20731","post","type-post","status-publish","format-standard","has-post-thumbnail","hentry","category-gundem","tag-afet","tag-deprem","tag-kent","tag-onem","tag-sozbilir"],"_links":{"self":[{"href":"https:\/\/bihavadis.com\/index.php\/wp-json\/wp\/v2\/posts\/20731","targetHints":{"allow":["GET"]}}],"collection":[{"href":"https:\/\/bihavadis.com\/index.php\/wp-json\/wp\/v2\/posts"}],"about":[{"href":"https:\/\/bihavadis.com\/index.php\/wp-json\/wp\/v2\/types\/post"}],"author":[{"embeddable":true,"href":"https:\/\/bihavadis.com\/index.php\/wp-json\/wp\/v2\/users\/1"}],"replies":[{"embeddable":true,"href":"https:\/\/bihavadis.com\/index.php\/wp-json\/wp\/v2\/comments?post=20731"}],"version-history":[{"count":1,"href":"https:\/\/bihavadis.com\/index.php\/wp-json\/wp\/v2\/posts\/20731\/revisions"}],"predecessor-version":[{"id":20733,"href":"https:\/\/bihavadis.com\/index.php\/wp-json\/wp\/v2\/posts\/20731\/revisions\/20733"}],"wp:featuredmedia":[{"embeddable":true,"href":"https:\/\/bihavadis.com\/index.php\/wp-json\/wp\/v2\/media\/20732"}],"wp:attachment":[{"href":"https:\/\/bihavadis.com\/index.php\/wp-json\/wp\/v2\/media?parent=20731"}],"wp:term":[{"taxonomy":"category","embeddable":true,"href":"https:\/\/bihavadis.com\/index.php\/wp-json\/wp\/v2\/categories?post=20731"},{"taxonomy":"post_tag","embeddable":true,"href":"https:\/\/bihavadis.com\/index.php\/wp-json\/wp\/v2\/tags?post=20731"}],"curies":[{"name":"wp","href":"https:\/\/api.w.org\/{rel}","templated":true}]}}