{"id":20774,"date":"2026-02-07T20:15:06","date_gmt":"2026-02-07T20:15:06","guid":{"rendered":"https:\/\/bihavadis.com\/?p=20774"},"modified":"2026-02-07T20:15:06","modified_gmt":"2026-02-07T20:15:06","slug":"istifa-sonrasi-gorusmeler-baslayacak-fatih-terim-geri-donuyor","status":"publish","type":"post","link":"https:\/\/bihavadis.com\/index.php\/2026\/02\/07\/istifa-sonrasi-gorusmeler-baslayacak-fatih-terim-geri-donuyor\/","title":{"rendered":"\u0130stifa sonras\u0131 g\u00f6r\u00fc\u015fmeler ba\u015flayacak! Fatih Terim geri d\u00f6n\u00fcyor"},"content":{"rendered":"<p>Haziran 2025&#8217;ten bu yana herhangi bir tak\u0131m \u00e7al\u0131\u015ft\u0131rmayan Fatih Terim i\u00e7in s\u00fcrpriz bir iddia g\u00fcndeme geldi. Deneyimli teknik direkt\u00f6r\u00fcn eski kul\u00fcb\u00fc Al-Shabab&#8217;\u0131n yeniden harekete ge\u00e7ti\u011fi \u00f6ne s\u00fcr\u00fcld\u00fc.<\/p>\n<p><b>AL-SHABAB YEN\u0130DEN DEVREDE<\/b><\/p>\n<p>A Spor&#8217;un haberine g\u00f6re Suudi Arabistan temsilcisi Al-Shabab, Fatih Terim ile yeniden \u00e7al\u0131\u015fmak istiyor. Kul\u00fcb\u00fcn, tecr\u00fcbeli teknik adam\u0131 tekrar tak\u0131m\u0131n ba\u015f\u0131na getirmeyi planlad\u0131\u011f\u0131 belirtildi.<\/p>\n<p><b>\u0130ST\u0130FA SONRASI MASAYA OTURULACAK<\/b><\/p>\n<p>Haberde, Al-Shabab&#8217;\u0131n mevcut teknik direkt\u00f6r\u00fcn\u00fcn k\u00f6t\u00fc gidi\u015fata ra\u011fmen hen\u00fcz istifa etmedi\u011fi aktar\u0131ld\u0131. Ayr\u0131l\u0131\u011f\u0131n resmiyet kazanmas\u0131n\u0131n ard\u0131ndan Al-Shabab y\u00f6netiminin Fatih Terim ile resmi g\u00f6r\u00fc\u015fmelere ba\u015flamas\u0131n\u0131n beklendi\u011fi ifade edildi.<\/p>\n<p><b>AL-SHABAB KARNES\u0130<\/b><\/p>\n<p>Fatih Terim, Al-Shabab&#8217;\u0131n ba\u015f\u0131nda toplam 23 ma\u00e7a \u00e7\u0131kt\u0131. Bu s\u00fcre\u00e7te 12 galibiyet, 4 beraberlik ve 7 ma\u011flubiyet alan Suudi ekibi, 1.74 puan ortalamas\u0131 yakalad\u0131.<\/p>\n","protected":false},"excerpt":{"rendered":"<p>Haziran 2025&#8217;ten bu yana tak\u0131m \u00e7al\u0131\u015ft\u0131rmayan Fatih Terim i\u00e7in eski kul\u00fcb\u00fc Al-Shabab&#8217;\u0131n yeniden devreye girdi\u011fi ve teknik direkt\u00f6rl\u00fck i\u00e7in g\u00f6r\u00fc\u015fmelere haz\u0131rlan\u0131ld\u0131\u011f\u0131 iddia edildi.<\/p>\n","protected":false},"author":1,"featured_media":20775,"comment_status":"open","ping_status":"open","sticky":false,"template":"","format":"standard","meta":{"footnotes":""},"categories":[14],"tags":[3767],"class_list":["post-20774","post","type-post","status-publish","format-standard","has-post-thumbnail","hentry","category-spor","tag-al-shabab"],"_links":{"self":[{"href":"https:\/\/bihavadis.com\/index.php\/wp-json\/wp\/v2\/posts\/20774","targetHints":{"allow":["GET"]}}],"collection":[{"href":"https:\/\/bihavadis.com\/index.php\/wp-json\/wp\/v2\/posts"}],"about":[{"href":"https:\/\/bihavadis.com\/index.php\/wp-json\/wp\/v2\/types\/post"}],"author":[{"embeddable":true,"href":"https:\/\/bihavadis.com\/index.php\/wp-json\/wp\/v2\/users\/1"}],"replies":[{"embeddable":true,"href":"https:\/\/bihavadis.com\/index.php\/wp-json\/wp\/v2\/comments?post=20774"}],"version-history":[{"count":1,"href":"https:\/\/bihavadis.com\/index.php\/wp-json\/wp\/v2\/posts\/20774\/revisions"}],"predecessor-version":[{"id":20776,"href":"https:\/\/bihavadis.com\/index.php\/wp-json\/wp\/v2\/posts\/20774\/revisions\/20776"}],"wp:featuredmedia":[{"embeddable":true,"href":"https:\/\/bihavadis.com\/index.php\/wp-json\/wp\/v2\/media\/20775"}],"wp:attachment":[{"href":"https:\/\/bihavadis.com\/index.php\/wp-json\/wp\/v2\/media?parent=20774"}],"wp:term":[{"taxonomy":"category","embeddable":true,"href":"https:\/\/bihavadis.com\/index.php\/wp-json\/wp\/v2\/categories?post=20774"},{"taxonomy":"post_tag","embeddable":true,"href":"https:\/\/bihavadis.com\/index.php\/wp-json\/wp\/v2\/tags?post=20774"}],"curies":[{"name":"wp","href":"https:\/\/api.w.org\/{rel}","templated":true}]}}