{"id":20813,"date":"2026-02-07T20:57:05","date_gmt":"2026-02-07T20:57:05","guid":{"rendered":"https:\/\/bihavadis.com\/?p=20813"},"modified":"2026-02-07T20:57:05","modified_gmt":"2026-02-07T20:57:05","slug":"onlenebilir-korluk-ile-aydinlik-bir-yasam-projesi","status":"publish","type":"post","link":"https:\/\/bihavadis.com\/index.php\/2026\/02\/07\/onlenebilir-korluk-ile-aydinlik-bir-yasam-projesi\/","title":{"rendered":"\u00d6nlenebilir K\u00f6rl\u00fck ile Ayd\u0131nl\u0131k Bir Ya\u015fam Projesi"},"content":{"rendered":"<p>\u0130stanbul Bilgi \u00dcniversitesi Optisyenlik Program\u0131\u2019n\u0131n ana y\u00fcr\u00fct\u00fcc\u00fcl\u00fc\u011f\u00fcnde hayata ge\u00e7irilen \u201c\u00d6nlenebilir K\u00f6rl\u00fck ile Ayd\u0131nl\u0131k Bir Ya\u015fam\u201d projesi kapsam\u0131nda, Hatay\u2019\u0131n Defne il\u00e7esindeki G\u00fcm\u00fc\u015fg\u00f6ze \u0130lkokulu\u2019nda \u00e7ocuklara y\u00f6nelik g\u00f6z sa\u011fl\u0131\u011f\u0131 taramas\u0131 yap\u0131ld\u0131. 6 \u015eubat 2023 y\u0131l\u0131nda meydana gelen Kahramanmara\u015f merkezli depremler sonras\u0131 b\u00f6lgede iyile\u015fme s\u00fcrecine katk\u0131 sunmay\u0131 ama\u00e7layan \u00e7al\u0131\u015fma, akademisyenler ve B\u0130LG\u0130 Optisyenlik Program\u0131 \u00f6\u011frencilerinin kat\u0131l\u0131m\u0131yla ger\u00e7ekle\u015ftirildi.\u00a0<\/p>\n<p>\u00dcsk\u00fcdar \u00dcniversitesi, Mu\u015f Alparslan \u00dcniversitesi, T\u00fcrk K\u0131z\u0131lay, Miyop-Der (Miyopi Akademi Optik ve Optometri G\u00f6z ve G\u00f6rme Sa\u011fl\u0131\u011f\u0131 Derne\u011fi) ve Miyopi Academy i\u015fbirli\u011fiyle y\u00fcr\u00fct\u00fclen \u00e7al\u0131\u015fmada, \u00e7ocuklarda g\u00f6rme kusurlar\u0131n\u0131n erken tan\u0131 ve y\u00f6nlendirme yoluyla tespit edilmesi hedeflendi. Ger\u00e7ekle\u015ftirilen taramalarla \u00f6nlenebilir k\u00f6rl\u00fck risklerine dikkat \u00e7ekilirken elde edilen bulgular de\u011ferlendirilmek ve gerekli y\u00f6nlendirmelerin yap\u0131lmas\u0131 amac\u0131yla ilgili sa\u011fl\u0131k birimlerine iletilmek \u00fczere kay\u0131t alt\u0131na al\u0131nd\u0131.<\/p>\n<p>Proje kapsam\u0131nda g\u00f6z sa\u011fl\u0131\u011f\u0131 taramalar\u0131n\u0131n yan\u0131 s\u0131ra okul b\u00fcnyesinde g\u00f6z sa\u011fl\u0131\u011f\u0131na y\u00f6nelik e\u011fitim at\u00f6lyeleri kuruldu. At\u00f6lye \u00e7al\u0131\u015fmalar\u0131nda \u00e7ocuklara g\u00f6z sa\u011fl\u0131\u011f\u0131n\u0131 koruma, do\u011fru g\u00f6rme al\u0131\u015fkanl\u0131klar\u0131 ve ekran kullan\u0131m\u0131 konular\u0131nda ya\u015f gruplar\u0131na uygun bilgilendirme yap\u0131ld\u0131. Bu kapsamda y\u00fcr\u00fct\u00fclen \u00e7al\u0131\u015fmalar, tarama ve e\u011fitimi bir araya getiren b\u00fct\u00fcnc\u00fcl bir halk sa\u011fl\u0131\u011f\u0131 yakla\u015f\u0131m\u0131 olarak y\u00fcr\u00fct\u00fcld\u00fc.<\/p>\n<p>Projenin ana y\u00fcr\u00fct\u00fcc\u00fcs\u00fc \u0130stanbul Bilgi \u00dcniversitesi \u00d6\u011fretim G\u00f6revlisi ve \u00a0Miyopi Academy Direkt\u00f6r\u00fc Aykut \u00c7a\u011fl\u0131, \u00e7ocukluk \u00e7a\u011f\u0131nda erken tan\u0131n\u0131n \u00f6nemine dikkat \u00e7ekerek \u015fu de\u011ferlendirmede bulundu:<\/p>\n<p>\u201cMiyopi ba\u015fta olmak \u00fczere \u00e7ocukluk \u00e7a\u011f\u0131nda ortaya \u00e7\u0131kan g\u00f6rme kusurlar\u0131, erken fark edildi\u011finde b\u00fcy\u00fck \u00f6l\u00e7\u00fcde \u00f6nlenebilir. \u00c7ocuklar\u0131n g\u00f6z sa\u011fl\u0131\u011f\u0131, yaln\u0131zca bireysel bir sa\u011fl\u0131k meselesi de\u011fil; ayn\u0131 zamanda e\u011fitim, geli\u015fim ve toplum sa\u011fl\u0131\u011f\u0131n\u0131n temel bir par\u00e7as\u0131d\u0131r. Bu sorumlulukla sahaday\u0131z ve \u00e7ocuklar\u0131n g\u00f6zlerindeki \u0131\u015f\u0131\u011f\u0131 korumaya devam edece\u011fiz.\u201d<\/p>\n<p>\u00a0<\/p>\n<p>\u00a0<\/p>\n<p>Kaynak: (BYZHA) Beyaz Haber Ajans\u0131<\/p>\n","protected":false},"excerpt":{"rendered":"<p>\u0130stanbul Bilgi \u00dcniversitesi Optisyenlik Program\u0131\u2019n\u0131n ana y\u00fcr\u00fct\u00fcc\u00fcl\u00fc\u011f\u00fcnde hayata ge\u00e7irilen \u201c\u00d6nlenebilir K\u00f6rl\u00fck ile Ayd\u0131nl\u0131k Bir Ya\u015fam\u201d projesi kapsam\u0131nda, Hatay\u2019\u0131n Defne il\u00e7esindeki G\u00fcm\u00fc\u015fg\u00f6ze \u0130lkokulu\u2019nda \u00e7ocuklara y\u00f6nelik g\u00f6z sa\u011fl\u0131\u011f\u0131 taramas\u0131 yap\u0131ld\u0131.<\/p>\n","protected":false},"author":1,"featured_media":20814,"comment_status":"open","ping_status":"open","sticky":false,"template":"","format":"standard","meta":{"footnotes":""},"categories":[11],"tags":[3772],"class_list":["post-20813","post","type-post","status-publish","format-standard","has-post-thumbnail","hentry","category-saglik","tag-goz-sagligi"],"_links":{"self":[{"href":"https:\/\/bihavadis.com\/index.php\/wp-json\/wp\/v2\/posts\/20813","targetHints":{"allow":["GET"]}}],"collection":[{"href":"https:\/\/bihavadis.com\/index.php\/wp-json\/wp\/v2\/posts"}],"about":[{"href":"https:\/\/bihavadis.com\/index.php\/wp-json\/wp\/v2\/types\/post"}],"author":[{"embeddable":true,"href":"https:\/\/bihavadis.com\/index.php\/wp-json\/wp\/v2\/users\/1"}],"replies":[{"embeddable":true,"href":"https:\/\/bihavadis.com\/index.php\/wp-json\/wp\/v2\/comments?post=20813"}],"version-history":[{"count":1,"href":"https:\/\/bihavadis.com\/index.php\/wp-json\/wp\/v2\/posts\/20813\/revisions"}],"predecessor-version":[{"id":20815,"href":"https:\/\/bihavadis.com\/index.php\/wp-json\/wp\/v2\/posts\/20813\/revisions\/20815"}],"wp:featuredmedia":[{"embeddable":true,"href":"https:\/\/bihavadis.com\/index.php\/wp-json\/wp\/v2\/media\/20814"}],"wp:attachment":[{"href":"https:\/\/bihavadis.com\/index.php\/wp-json\/wp\/v2\/media?parent=20813"}],"wp:term":[{"taxonomy":"category","embeddable":true,"href":"https:\/\/bihavadis.com\/index.php\/wp-json\/wp\/v2\/categories?post=20813"},{"taxonomy":"post_tag","embeddable":true,"href":"https:\/\/bihavadis.com\/index.php\/wp-json\/wp\/v2\/tags?post=20813"}],"curies":[{"name":"wp","href":"https:\/\/api.w.org\/{rel}","templated":true}]}}