{"id":20824,"date":"2026-02-07T21:06:05","date_gmt":"2026-02-07T21:06:05","guid":{"rendered":"https:\/\/bihavadis.com\/?p=20824"},"modified":"2026-02-07T21:06:05","modified_gmt":"2026-02-07T21:06:05","slug":"baskan-sadi-ozdemir-temizlik-iscileri-ile-bulustu","status":"publish","type":"post","link":"https:\/\/bihavadis.com\/index.php\/2026\/02\/07\/baskan-sadi-ozdemir-temizlik-iscileri-ile-bulustu\/","title":{"rendered":"Ba\u015fkan \u015eadi \u00d6zdemir, temizlik i\u015f\u00e7ileri ile bulu\u015ftu"},"content":{"rendered":"<p><span><span><span><span><span><span><span><span><span><span><span><b>Nil\u00fcfer Belediye Ba\u015fkan\u0131 \u015eadi \u00d6zdemir, temizlik i\u015fleri personeli ile bulu\u015ftu. Sahadaki personelin taleplerini dinleyen Ba\u015fkan \u00d6zdemir, \u201cHepimiz yol arkada\u015f\u0131y\u0131z. Nil\u00fcfer\u2019i g\u00fczelle\u015ftirmek i\u00e7in beraber \u00e7al\u0131\u015f\u0131yoruz\u201d dedi.<\/b><\/span><\/span><\/span><\/span><\/span><\/span><\/span><\/span><\/span><\/span><\/span><\/p>\n<p><span><span><span><span><span><span><span><span><span><span><span>Nil\u00fcfer Belediye Ba\u015fkan\u0131 \u015eadi \u00d6zdemir, ba\u015fkan yard\u0131mc\u0131lar\u0131 ve ilgili birim m\u00fcd\u00fcrleri ile birlikte belediyenin temizlik i\u015flerinde \u00e7al\u0131\u015fan personeli ile bir araya geldi. Nikahevi\u2019nde ger\u00e7ekle\u015ftirilen bulu\u015fmada, sahada \u00e7al\u0131\u015fan personelin talep ve \u00f6nerilerini dinleyerek, not ald\u0131.<\/span><\/span><\/span><\/span><\/span><\/span><\/span><\/span><\/span><\/span><\/span><\/p>\n<p><span><span><span><span><span><span><span><span><span><span><span>Ba\u015fkan \u015eadi \u00d6zdemir, \u00f6zverili \u00e7al\u0131\u015fmalar\u0131ndan dolay\u0131 personele te\u015fekk\u00fcr ederek, \u201cKar, ya\u011fmur, s\u0131cak so\u011fuk dinlemeden \u00e7al\u0131\u015f\u0131yorsunuz. Verdi\u011finiz eme\u011fin k\u0131ymetini biliyoruz. Birlikte yol y\u00fcr\u00fcyoruz, yol arkada\u015f\u0131y\u0131z. Nil\u00fcfer\u2019i g\u00fczelle\u015ftirmek i\u00e7in beraber \u00e7al\u0131\u015f\u0131yoruz. \u2018P\u0131r\u0131l p\u0131r\u0131l bir Nil\u00fcfer\u2019 yaratal\u0131m istiyoruz. Hepimiz i\u015fimizi iyi i\u015f yaparsak, bu anlay\u0131\u015f her yere yay\u0131l\u0131r\u201d dedi.<\/span><\/span><\/span><\/span><\/span><\/span><\/span><\/span><\/span><\/span><\/span><\/p>\n<p><span><span><span><span><span><span><span><span><span><span><span>Konu\u015fmas\u0131nda i\u015f sa\u011fl\u0131\u011f\u0131 ve g\u00fcvenli\u011fi konusuna da de\u011finen Ba\u015fkan \u015eadi \u00d6zdemir, \u201c\u00c7al\u0131\u015f\u0131rken daha \u00e7ok dikkat edin ve birbirinizi uyar\u0131n. Ne olursa olsun en \u00f6nemli nokta sizin sa\u011fl\u0131\u011f\u0131n\u0131z. Kurallara dikkat edin\u201d diye konu\u015ftu.<\/span><\/span><\/span><\/span><\/span><\/span><\/span><\/span><\/span><\/span><\/span><\/p>\n<p><span><span><span><span><span><span><span><span><span><span><span><b>SEZG\u0130N YILDIZ DA UNUTULMADI<\/b><\/span><\/span><\/span><\/span><\/span><\/span><\/span><\/span><\/span><\/span><\/span><\/p>\n<p><span><span><span><span><span><span><span><span><span><span><span><span><span><span><span><span><span>Bulu\u015fmada k\u0131sa bir s\u00fcre \u00f6nce g\u00f6revi ba\u015f\u0131ndayken ge\u00e7irdi\u011fi kaza sonucu hayat\u0131n\u0131 kaybeden Nil\u00fcfer Belediyesi Temizlik \u0130\u015fleri M\u00fcd\u00fcrl\u00fc\u011f\u00fc \u00e7al\u0131\u015fan\u0131 Sezgin Y\u0131ld\u0131z da unutulmad\u0131. Foto\u011fraf\u0131 karanfillerle s\u00fcslenen Sezgin Y\u0131ld\u0131z, mesai arkada\u015flar\u0131 taraf\u0131ndan sayg\u0131 ve rahmetle an\u0131ld\u0131.<\/span><\/span><\/span><\/span><\/span><\/span><\/span><\/span><\/span><\/span><\/span><\/span><\/span><\/span><\/span><\/span><\/span><\/p>\n<p>\u00a0<\/p>\n<p>Kaynak: (BYZHA) Beyaz Haber Ajans\u0131<\/p>\n","protected":false},"excerpt":{"rendered":"<p>Nil\u00fcfer Belediye Ba\u015fkan\u0131 \u015eadi \u00d6zdemir, temizlik i\u015fleri personeli ile bulu\u015ftu. Sahadaki personelin taleplerini dinleyen Ba\u015fkan \u00d6zdemir, \u201cHepimiz yol arkada\u015f\u0131y\u0131z. Nil\u00fcfer\u2019i g\u00fczelle\u015ftirmek i\u00e7in beraber \u00e7al\u0131\u015f\u0131yoruz\u201d dedi.<\/p>\n","protected":false},"author":1,"featured_media":20825,"comment_status":"open","ping_status":"open","sticky":false,"template":"","format":"standard","meta":{"footnotes":""},"categories":[4],"tags":[516,395,1703,1213],"class_list":["post-20824","post","type-post","status-publish","format-standard","has-post-thumbnail","hentry","category-gundem","tag-baskan","tag-is","tag-nilufer","tag-ozdemir"],"_links":{"self":[{"href":"https:\/\/bihavadis.com\/index.php\/wp-json\/wp\/v2\/posts\/20824","targetHints":{"allow":["GET"]}}],"collection":[{"href":"https:\/\/bihavadis.com\/index.php\/wp-json\/wp\/v2\/posts"}],"about":[{"href":"https:\/\/bihavadis.com\/index.php\/wp-json\/wp\/v2\/types\/post"}],"author":[{"embeddable":true,"href":"https:\/\/bihavadis.com\/index.php\/wp-json\/wp\/v2\/users\/1"}],"replies":[{"embeddable":true,"href":"https:\/\/bihavadis.com\/index.php\/wp-json\/wp\/v2\/comments?post=20824"}],"version-history":[{"count":1,"href":"https:\/\/bihavadis.com\/index.php\/wp-json\/wp\/v2\/posts\/20824\/revisions"}],"predecessor-version":[{"id":20826,"href":"https:\/\/bihavadis.com\/index.php\/wp-json\/wp\/v2\/posts\/20824\/revisions\/20826"}],"wp:featuredmedia":[{"embeddable":true,"href":"https:\/\/bihavadis.com\/index.php\/wp-json\/wp\/v2\/media\/20825"}],"wp:attachment":[{"href":"https:\/\/bihavadis.com\/index.php\/wp-json\/wp\/v2\/media?parent=20824"}],"wp:term":[{"taxonomy":"category","embeddable":true,"href":"https:\/\/bihavadis.com\/index.php\/wp-json\/wp\/v2\/categories?post=20824"},{"taxonomy":"post_tag","embeddable":true,"href":"https:\/\/bihavadis.com\/index.php\/wp-json\/wp\/v2\/tags?post=20824"}],"curies":[{"name":"wp","href":"https:\/\/api.w.org\/{rel}","templated":true}]}}