{"id":20831,"date":"2026-02-07T21:12:08","date_gmt":"2026-02-07T21:12:08","guid":{"rendered":"https:\/\/bihavadis.com\/?p=20831"},"modified":"2026-02-07T21:12:08","modified_gmt":"2026-02-07T21:12:08","slug":"ozgur-ozel-baris-icin-birlesmeliyiz","status":"publish","type":"post","link":"https:\/\/bihavadis.com\/index.php\/2026\/02\/07\/ozgur-ozel-baris-icin-birlesmeliyiz\/","title":{"rendered":"\u00d6zg\u00fcr \u00d6zel: Bar\u0131\u015f \u0130\u00e7in Birle\u015fmeliyiz"},"content":{"rendered":"<p>CHP Genel Ba\u015fkan\u0131 \u00d6zg\u00fcr \u00d6zel, &#8220;Kendine ait siyaseti olmayanlar ba\u015fkalar\u0131n\u0131n planlar\u0131na fig\u00fcran olurlar. Bizim T\u00fcrkiye&#8217;nin meselelerine ve ihtiya\u00e7 duydu\u011fu \u00e7\u00f6z\u00fcmlere dair kendi m\u00fcstakil siyasetimiz vard\u0131r. Ter\u00f6r\u00fcn bitmesi, silahlar\u0131n susmas\u0131 ve bu meselenin demokratik zeminde \u00e7\u00f6z\u00fclmesine dair irademiz tamd\u0131r.&#8221; dedi.<\/p>\n<p>\u00d6zel, partisinin \u0130stanbul Kongre Merkezi&#8217;nde d\u00fczenledi\u011fi Toplumsal Bar\u0131\u015f ve Demokrasi Konferans\u0131&#8217;n\u0131n a\u00e7\u0131l\u0131\u015f\u0131nda yapt\u0131\u011f\u0131 konu\u015fmada, farkl\u0131 siyasi partilere mensup temsilcilerin yan\u0131 s\u0131ra sivil toplum, akademi, bilim, sanat ve medya d\u00fcnyas\u0131ndan \u00e7ok say\u0131da \u00f6nemli ismin programda bir araya geldi\u011fini s\u00f6yledi.<\/p>\n<p>T\u00fcrkiye&#8217;nin ve d\u00fcnyan\u0131n ya\u015fad\u0131\u011f\u0131 \u00e7oklu krizlerin, ge\u00e7mi\u015f ve gelece\u011fin ortak oldu\u011fu bilinciyle a\u015f\u0131laca\u011f\u0131na inand\u0131klar\u0131n\u0131 belirten \u00d6zel, beklenti ve ama\u00e7lar\u0131n\u0131n \u00e7oklu krizleri, \u00e7oklu kimliklerle yan yana durarak a\u015fabilmeyi ba\u015farmak, T\u00fcrkiye i\u00e7in \u00f6zg\u00fcr, adil, huzurlu bir gelecek hayalinde ortakla\u015fmak oldu\u011funu dile getirdi.<\/p>\n<p>\u00d6zel, ter\u00f6r\u00fcn yoksulluk ve d\u00fcnyadan geri kalm\u0131\u015fl\u0131k oldu\u011funa i\u015faret ederek, \u015f\u00f6yle konu\u015ftu: <\/p>\n<p>&#8220;Bu \u00fclkenin gelece\u011fi kararmas\u0131n, K\u00fcrt olsun, T\u00fcrk olsun &#8216;analar a\u011flamas\u0131n&#8217; diye tarihsel bir tutarl\u0131l\u0131k i\u00e7inde her d\u00f6nemde bar\u0131\u015f\u0131 savunduk, savunmaya hep birlikte devam etmeliyiz. Bu meselenin Meclis \u00e7at\u0131s\u0131 alt\u0131nda toplumdan bir \u015fey saklamadan, samimiyet, \u015feffafl\u0131k ve cesaretle \u00e7\u00f6z\u00fclmesini istedik ve sonunda bu \u00f6nerimize uygun olarak Meclis&#8217;te bir komisyon kurularak ba\u015flayan s\u00fcrece destek verdik, veriyoruz. Yap\u0131lan hatalar\u0131, eksik b\u0131rak\u0131lan konular\u0131 a\u00e7\u0131k\u00e7a milletimizle muhataplar\u0131m\u0131zla payla\u015ft\u0131k, payla\u015fmaya devam ediyoruz. Bu bizim i\u00e7in bir siyasi \u00e7\u0131kar konusu asla olmad\u0131. Biz bunu, bu milletin evlatlar\u0131n\u0131n beka meselesi olarak g\u00f6rd\u00fck, g\u00f6r\u00fcyoruz. Meseleyi bir siyasi ikbal olarak g\u00f6ren anlay\u0131\u015f\u0131 da \u00fcz\u00fclerek takip ediyoruz. CHP&#8217;ye rol bi\u00e7meye, y\u00f6n \u00e7izmeye \u00e7al\u0131\u015fanlar\u0131 dikkatle takip ediyoruz.&#8221;<\/p>\n<p>CHP&#8217;nin bug\u00fcn T\u00fcrkiye&#8217;nin birinci partisi oldu\u011funu ifade eden \u00d6zel, &#8220;Kendine ait siyaseti olmayanlar ba\u015fkalar\u0131n\u0131n planlar\u0131na fig\u00fcran olurlar. Bizim T\u00fcrkiye&#8217;nin meselelerine ve ihtiya\u00e7 duydu\u011fu \u00e7\u00f6z\u00fcmlere dair kendi m\u00fcstakil siyasetimiz vard\u0131r. Ter\u00f6r\u00fcn bitmesi, silahlar\u0131n susmas\u0131 ve bu meselenin demokratik zeminde \u00e7\u00f6z\u00fclmesine dair irademiz tamd\u0131r.&#8221; a\u00e7\u0131klamalar\u0131nda bulundu.<\/p>\n<p>&#8220;T\u00fcm demokratlar bar\u0131\u015f, demokrasi ve refah talebinde birle\u015fmeli&#8221;<\/p>\n<p>\u00d6zel, toplumsal bar\u0131\u015f, demokratikle\u015fme ve hukukun \u00fcst\u00fcnl\u00fc\u011f\u00fcn\u00fcn birbirinin ayr\u0131lmaz par\u00e7alar\u0131 oldu\u011funu, biri olmadan di\u011ferinin hi\u00e7bir zaman tamamlanmayaca\u011f\u0131n\u0131 belirterek, &#8220;Bu y\u00fczden biz bu s\u00fcrece &#8216;ter\u00f6rs\u00fcz ve demokratik T\u00fcrkiye s\u00fcreci&#8217; dedik ve bunun i\u00e7in gayret g\u00f6stermeye devam ediyoruz. Ayn\u0131 sorumluluk anlay\u0131\u015f\u0131yla s\u00f6yl\u00fcyorum ki Adalet ve Kalk\u0131nma Partisi iktidar\u0131, s\u00fcrece ili\u015fkin ikircikli tutumundan, rakiplerine kar\u015f\u0131 ba\u015flatt\u0131\u011f\u0131 yarg\u0131 sava\u015f\u0131ndan ve sivil siyasete y\u00f6nelik vesayet anlay\u0131\u015f\u0131ndan vazge\u00e7melidir. \u0130ktidar olmay\u0131 \u00f6nce yurtta\u015f\u0131n kalbine korku ve endi\u015fe sal\u0131p sonra da o korku ve endi\u015feyi y\u00f6netmek olarak g\u00f6ren bir anlay\u0131\u015fla sorunlar\u0131n \u00e7\u00f6z\u00fclmeyece\u011fi a\u00e7\u0131kt\u0131r, bunu herkes g\u00f6rmelidir.&#8221; ifadelerini kulland\u0131.<\/p>\n<p>Kayyumluk sisteminin bar\u0131\u015f imkan\u0131n\u0131 sabote etti\u011fini, &#8220;kent uzla\u015f\u0131s\u0131&#8221; davalar\u0131n\u0131n umutlara g\u00f6lge d\u00fc\u015f\u00fcrd\u00fc\u011f\u00fcn\u00fc savunan \u00d6zel, &#8220;30 y\u0131l \u00f6nce al\u0131nm\u0131\u015f diplomalar\u0131n bile iptal edildi\u011fi bir kriz ortam\u0131, milletimizi a\u011f\u0131r bir g\u00fcvensizlik duygusuna sokmu\u015ftur. Bu \u00e7oklu krizleri a\u015fman\u0131n \u00e7aresi topyekun m\u00fccadeledir. T\u00fcm demokratlar bar\u0131\u015f, demokrasi ve refah talebinde birle\u015fmeli, birle\u015fe birle\u015fe kazanabilece\u011fimizi b\u00fct\u00fcn d\u00fcnyaya g\u00f6stermelidir. Bu d\u00fczenden tek ba\u015f\u0131na kurtulmak m\u00fcmk\u00fcn de\u011fildir. \u00c7are birle\u015fe birle\u015fe kazanmaktad\u0131r.&#8221; de\u011ferlendirmelerinde bulundu.<\/p>\n<p>\u00d6zel, belediye ba\u015fkanlar\u0131n\u0131n yarg\u0131land\u0131\u011f\u0131 davalar\u0131 hat\u0131rlatarak, s\u00f6zlerini \u015f\u00f6yle s\u00fcrd\u00fcrd\u00fc: <\/p>\n<p>&#8220;\u0130stanbul&#8217;da iki belediyemize bu soru\u015fturmalardan dolay\u0131 kayyum atanm\u0131\u015ft\u0131r. DEM Parti&#8217;nin 10 belediyesinde ve T\u00fcrkiye&#8217;de toplamda 13 belediyede kayyum vard\u0131r. ve bu soru\u015fturmalarda K\u00fcrtlerin belediye meclislerine girmesi su\u00e7 olarak tarif edilmektedir. &#8216;Kent uzla\u015f\u0131s\u0131&#8217; denen olgu bir se\u00e7im i\u015fbirli\u011fidir. &#8216;T\u00fcrkiye ittifak\u0131&#8217; kapsam\u0131nda, beldelerde, il\u00e7elerde, illerde demokratlar\u0131n yapt\u0131\u011f\u0131 i\u015fbirli\u011finden ibarettir, su\u00e7 say\u0131lan budur. Esenyurt&#8217;tan se\u00e7ilmi\u015f belediye ba\u015fkan\u0131 olan, belediyesi bir kayyum taraf\u0131ndan y\u00f6netilen Ahmet \u00d6zer daha ge\u00e7ti\u011fimiz hafta &#8216;PKK ter\u00f6r \u00f6rg\u00fct\u00fc \u00fcyesi&#8217; denilerek 6 y\u0131l 3 ay hapis cezas\u0131na \u00e7arpt\u0131r\u0131lm\u0131\u015ft\u0131r. Mehmet Ali \u00c7al\u0131\u015fkan, Ebru \u00d6zdemir ve ev hapsindeki Mahir Polat, sadece bu su\u00e7lamadan 10 ayd\u0131r tutuklu bulunmaktad\u0131rlar. \u015ei\u015fli&#8217;nin se\u00e7ilmi\u015f belediye ba\u015fkan\u0131 olan Resul Emrah \u015eahan, bu soru\u015fturmadan da tutukludur ve yerine kayyum atanm\u0131\u015ft\u0131r. Ekrem \u0130mamo\u011flu bu soru\u015fturmadan da yarg\u0131lanmaktad\u0131r. K\u00fcrtlerin belediye meclislerinde temsil edilmesini ter\u00f6r su\u00e7u sayan bir anlay\u0131\u015fla kar\u015f\u0131 kar\u015f\u0131ya oldu\u011fumuzu bir kez daha hat\u0131rlatmak istiyorum. Bu soru\u015fturmalar T\u00fcrkiye&#8217;nin bar\u0131\u015f\u0131na kar\u015f\u0131 a\u00e7\u0131k bir darbedir, tutum almakt\u0131r. Milliyet\u00e7i Hareket Partisi&#8217;nin Say\u0131n Genel Ba\u015fkan\u0131 Devlet Bah\u00e7eli dahi bu soru\u015fturmalara a\u00e7\u0131k tepki g\u00f6sterirken, bu inatla\u015fmay\u0131 herkes iyi okumal\u0131d\u0131r. CHP, 19 Mart darbesine, tarihe utan\u00e7 olarak ge\u00e7ecek &#8216;kent uzla\u015f\u0131s\u0131&#8217; soru\u015fturmalar\u0131na ra\u011fmen bar\u0131\u015f\u0131n yan\u0131ndad\u0131r. \u00c7\u00fcnk\u00fc biliyoruz ki ya birlikte g\u00fc\u00e7lenece\u011fiz ya da hukukun olmad\u0131\u011f\u0131 bir zeminde iktidar\u0131n takdir etti\u011fi siyasi vasatlar ya\u015famay\u0131 kabul edece\u011fiz.&#8221;<\/p>\n<p>&#8221; Suriye&#8217;nin huzuru ve refah\u0131 T\u00fcrkiye&#8217;ye de kazand\u0131racakt\u0131r&#8221;<\/p>\n<p>T\u00fcrkiye&#8217;nin, \u00e7evresindeki t\u00fcm milletler i\u00e7in bar\u0131\u015f\u0131 ve istikrar\u0131 \u00f6nceleyen, kapsay\u0131c\u0131, yap\u0131c\u0131 bir rol \u00fcstlenmesi gerekti\u011fini vurgulayan \u00d6zel, &#8220;Kom\u015fumuz Suriye y\u0131llard\u0131r a\u011f\u0131r ac\u0131lar ve b\u00fcy\u00fck y\u0131k\u0131mlar ya\u015fad\u0131. S\u0131n\u0131r\u0131n bir taraf\u0131nda olanlar, s\u0131n\u0131r\u0131n bu taraf\u0131nda bizi derinden etkiledi ve etkilemeye devam ediyor. Bu konuda da m\u00fcstakil siyasetimizi s\u00fcrd\u00fcr\u00fcyoruz. \u00c7at\u0131\u015fmay\u0131, sava\u015f\u0131 de\u011fil, uzla\u015f\u0131y\u0131 ve bar\u0131\u015f\u0131 savunuyoruz.&#8221; dedi.<\/p>\n<p>\u00d6zel, emperyalist devletlerin tarih boyunca oldu\u011fu gibi Suriye&#8217;nin topraklar\u0131n\u0131, \u00e7\u0131karlar\u0131n\u0131 de\u011fil, kendi menfaatlerini d\u00fc\u015f\u00fcnd\u00fcklerini aktararak, &#8220;Bizim yolumuz T\u00fcrklerin, K\u00fcrtlerin, Araplar\u0131n, \u015eiilerin, Alevilerin ve D\u00fcrzilerin birlikte kazanaca\u011f\u0131 bir m\u00fccadeleyi vermek olmal\u0131d\u0131r. Suriye&#8217;deki T\u00fcrkmenler, K\u00fcrtler, Araplar hepsi bizim akrabam\u0131zd\u0131r, karde\u015fimizdir. Bu kapsamda K\u00fcrtleri hedef alan, onurlar\u0131n\u0131 zedeleyen ve &#8216;K\u00fcrt e\u015fittir ter\u00f6rist&#8217; alg\u0131s\u0131n\u0131 yeniden \u00fcretmeye \u00e7al\u0131\u015fan eski, y\u0131k\u0131c\u0131, d\u0131\u015flay\u0131c\u0131 s\u00f6ylemleri a\u00e7\u0131k\u00e7a reddediyoruz. T\u00fcrkiye&#8217;deki K\u00fcrtleri de Suriye&#8217;deki akrabalar\u0131n\u0131 da inciten hi\u00e7bir politikaya boyun e\u011fmedik, e\u011fmeyece\u011fiz. Adalet ve Kalk\u0131nma Partisi iktidar\u0131 da Suriye&#8217;de \u00e7at\u0131\u015fman\u0131n taraf\u0131 de\u011fil, bar\u0131\u015f\u0131n ve uzla\u015f\u0131n\u0131n g\u00fcvencesi olmak zorundad\u0131r. Suriye&#8217;nin huzuru ve refah\u0131 T\u00fcrkiye&#8217;ye de kazand\u0131racakt\u0131r.&#8221; diye konu\u015ftu.<\/p>\n<p>Suriye&#8217;den gelen uzla\u015fma haberlerinin sevindirici oldu\u011funu ifade eden \u00d6zel, bu durumun tam bir mutabakatla s\u00fcrekli hale gelmesi i\u00e7in hep birlikte \u00e7al\u0131\u015f\u0131lmas\u0131 gerekti\u011fini s\u00f6zlerine ekledi.<\/p>\n<p>Programda, 20 Ekim 2025&#8217;teki CHP 39. Ola\u011fan \u0130stanbul \u0130l Kongresi&#8217;nde yeniden CHP \u0130l Ba\u015fkan\u0131 se\u00e7ilen \u00d6zg\u00fcr \u00c7elik, hakk\u0131ndaki soru\u015fturma kapsam\u0131nda tutuklanarak \u015ei\u015fli Belediye Ba\u015fkanl\u0131\u011f\u0131 g\u00f6revinden uzakla\u015ft\u0131r\u0131lan Resul Emrah \u015eahan&#8217;\u0131n konferans i\u00e7in cezaevinden g\u00f6nderdi\u011fi mektubu okudu.<\/p>\n<p>Tutukland\u0131ktan sonra \u0130stanbul B\u00fcy\u00fck\u015fehir Belediye (\u0130BB) Ba\u015fkanl\u0131\u011f\u0131 g\u00f6revinden uzakla\u015ft\u0131r\u0131lan Ekrem \u0130mamo\u011flu&#8217;nun, cezaevinden g\u00f6nderdi\u011fi mesaj, yapay zekayla video mesaj haline getirilerek salondaki ekrandan g\u00f6sterildi.<\/p>\n<p>Programa, \u0130BB Ba\u015fkanvekili Nuri Aslan, CHP Genel Ba\u015fkan Yard\u0131mc\u0131lar\u0131, CHP, DEM Parti ve Saadet Partisi milletvekilleri, belediye ba\u015fkanlar\u0131 ve Dilek \u0130mamo\u011flu ile partililer kat\u0131ld\u0131.<\/p>\n<p>&#8220;Yurtta Bar\u0131\u015f, D\u00fcnyada Bar\u0131\u015f: Ulusal, B\u00f6lgesel, K\u00fcresel Bak\u0131\u015f&#8221;, &#8220;Toplumsal Bar\u0131\u015f\u0131n Sosyoekonomik Zemini: Kapsay\u0131c\u0131 Kalk\u0131nma&#8221; ve &#8220;Bar\u0131\u015f\u0131 Toplumda Yeniden Kurmak&#8221; konulu panellerle bas\u0131na kapal\u0131 devam eden konferans, kapan\u0131\u015f konu\u015fmalar\u0131yla sona erecek.<\/p>\n","protected":false},"excerpt":{"rendered":"<p>CHP Genel Ba\u015fkan\u0131 \u00d6zg\u00fcr \u00d6zel, T\u00fcrkiye&#8217;nin krizlerini a\u015fmak i\u00e7in bar\u0131\u015f ve demokrasi \u00e7a\u011fr\u0131s\u0131 yapt\u0131.<\/p>\n","protected":false},"author":1,"featured_media":20832,"comment_status":"open","ping_status":"open","sticky":false,"template":"","format":"standard","meta":{"footnotes":""},"categories":[12],"tags":[1888,372,1637,598,356],"class_list":["post-20831","post","type-post","status-publish","format-standard","has-post-thumbnail","hentry","category-siyaset","tag-baris","tag-belediye","tag-chp","tag-dem","tag-kurt"],"_links":{"self":[{"href":"https:\/\/bihavadis.com\/index.php\/wp-json\/wp\/v2\/posts\/20831","targetHints":{"allow":["GET"]}}],"collection":[{"href":"https:\/\/bihavadis.com\/index.php\/wp-json\/wp\/v2\/posts"}],"about":[{"href":"https:\/\/bihavadis.com\/index.php\/wp-json\/wp\/v2\/types\/post"}],"author":[{"embeddable":true,"href":"https:\/\/bihavadis.com\/index.php\/wp-json\/wp\/v2\/users\/1"}],"replies":[{"embeddable":true,"href":"https:\/\/bihavadis.com\/index.php\/wp-json\/wp\/v2\/comments?post=20831"}],"version-history":[{"count":1,"href":"https:\/\/bihavadis.com\/index.php\/wp-json\/wp\/v2\/posts\/20831\/revisions"}],"predecessor-version":[{"id":20833,"href":"https:\/\/bihavadis.com\/index.php\/wp-json\/wp\/v2\/posts\/20831\/revisions\/20833"}],"wp:featuredmedia":[{"embeddable":true,"href":"https:\/\/bihavadis.com\/index.php\/wp-json\/wp\/v2\/media\/20832"}],"wp:attachment":[{"href":"https:\/\/bihavadis.com\/index.php\/wp-json\/wp\/v2\/media?parent=20831"}],"wp:term":[{"taxonomy":"category","embeddable":true,"href":"https:\/\/bihavadis.com\/index.php\/wp-json\/wp\/v2\/categories?post=20831"},{"taxonomy":"post_tag","embeddable":true,"href":"https:\/\/bihavadis.com\/index.php\/wp-json\/wp\/v2\/tags?post=20831"}],"curies":[{"name":"wp","href":"https:\/\/api.w.org\/{rel}","templated":true}]}}