{"id":20850,"date":"2026-02-07T21:27:08","date_gmt":"2026-02-07T21:27:08","guid":{"rendered":"https:\/\/bihavadis.com\/?p=20850"},"modified":"2026-02-07T21:27:08","modified_gmt":"2026-02-07T21:27:08","slug":"iran-cumhurbaskanindan-protesto-aciklamalari","status":"publish","type":"post","link":"https:\/\/bihavadis.com\/index.php\/2026\/02\/07\/iran-cumhurbaskanindan-protesto-aciklamalari\/","title":{"rendered":"\u0130ran Cumhurba\u015fkan\u0131&#8217;ndan Protesto A\u00e7\u0131klamalar\u0131"},"content":{"rendered":"<p> \u0130ran Cumhurba\u015fkan\u0131 Mesud Peze\u015fkiyan, ABD, \u0130srail ve Avrupal\u0131 \u00fclkeleri \u0130ran&#8217;daki protestolar\u0131 istismar etmek ve halk aras\u0131nda karga\u015fa ile \u00e7at\u0131\u015fma \u00e7\u0131karmakla su\u00e7layarak, &#8220;Halk\u0131 sokaklara \u00e7\u0131kard\u0131lar ve kendi ifadelerine g\u00f6re, bu \u00fclkeyi par\u00e7alamak, halk aras\u0131nda \u00e7at\u0131\u015fma ve nefret tohumlar\u0131 ekmek istediler. Trump, \u0130ran&#8217;da huzursuzluk \u00e7\u0131karmak istedi. \u0130\u00e7eriden ve d\u0131\u015far\u0131dan \u0130ran halk\u0131n\u0131n \u00fczerine pusuda bekleyen herkese kar\u015f\u0131 bir engel olaca\u011f\u0131z&#8221; dedi.<\/p>\n<p>\u0130ran Cumhurba\u015fkan\u0131 Mesud Peze\u015fkiyan, ba\u015fkent Tahran&#8217;da \u0130ran \u0130slam Cumhuriyeti&#8217;nin kurucusu Ruhullah Humeyni&#8217;nin an\u0131t mezar\u0131n\u0131 ziyareti s\u0131ras\u0131nda \u00fclke g\u00fcndemine ve ABD ile bat\u0131l\u0131 \u00fclkeler aras\u0131nda ya\u015fanan gerginliklere ili\u015fkin a\u00e7\u0131klamalarda bulundu. Peze\u015fkiyan, ABD Ba\u015fkan\u0131 Donald Trump, \u0130srail Ba\u015fbakan\u0131 Binyamin Netanyahu ve Avrupa \u00fclkelerinin liderlerini \u0130ran&#8217;daki protestolar s\u0131ras\u0131nda tansiyonu art\u0131rmak ve halk\u0131 tahrik etmekle su\u00e7lad\u0131. Peze\u015fkiyan, &#8220;Bar\u0131\u015f\u00e7\u0131l protestolar\u0131 istismar ederek halk aras\u0131nda karga\u015fa ve \u00e7at\u0131\u015fma \u00e7\u0131kmas\u0131na neden olmak isteyenler var. Halk\u0131 sokaklara \u00e7\u0131kard\u0131lar ve kendi ifadelerine g\u00f6re, bu \u00fclkeyi par\u00e7alamak, halk aras\u0131nda \u00e7at\u0131\u015fma ve nefret tohumlar\u0131 ekmek istediler. Trump, \u0130ran&#8217;da huzursuzluk \u00e7\u0131karmak istedi&#8221; ifadelerini kulland\u0131.<\/p>\n<p>Peze\u015fkiyan, s\u00f6z konusu olaylar\u0131n sosyal bir protestodan ibaret olmad\u0131\u011f\u0131n\u0131 vurgularken, ABD, \u0130srail ve Avrupal\u0131 \u00fclkelerden liderlerin provokasyon giri\u015fimleri do\u011frultusunda masum ki\u015fileri \u0130ran&#8217;daki harekete dahil edecek \u015fekilde kaynak sa\u011flad\u0131\u011f\u0131n\u0131 s\u00f6yledi.<\/p>\n<p>&#8220;Adalet hedefimizdir&#8221;<\/p>\n<p>\u0130ran Cumhurba\u015fkan\u0131 ayr\u0131ca, Tahran y\u00f6netiminin anlay\u0131\u015f\u0131na ili\u015fkin a\u00e7\u0131klamalarda bulunarak, yetkilileri protestolar\u0131 birer provokasyon eylemine d\u00f6n\u00fc\u015ft\u00fcrmeye \u00e7al\u0131\u015fan ki\u015filerin \u00e7abalar\u0131n\u0131 bo\u015fa \u00e7\u0131kartmak \u00fczere temkinli davranmaya ve tutumlar\u0131n\u0131 g\u00f6zden ge\u00e7irmeye \u00e7a\u011f\u0131rd\u0131. Peze\u015fkiyan, &#8220;Adalet hedefimizdir ve halka kendi egemenli\u011fini vermeli, y\u00f6netimde onlar\u0131 s\u00f6z sahibi yapmal\u0131y\u0131z. Bar\u0131\u015f\u00e7\u0131l protestocular\u0131 dinlemeliyiz. Halk\u0131n kar\u015f\u0131s\u0131na otoriteyle \u00e7\u0131k\u0131p emirler vermemeli, insanlara adil davranmal\u0131y\u0131z. Adalet ve hakkaniyet temelinde i\u015fleyen bir h\u00fck\u00fcmetin, toplumun veya ulusun \u00f6n\u00fcne hi\u00e7bir g\u00fc\u00e7 ge\u00e7emez. Adalet yolundan sapmadan, i\u00e7eriden ve d\u0131\u015far\u0131dan \u0130ran halk\u0131n\u0131n \u00fczerine pusuda bekleyen herkese kar\u015f\u0131 bir engel olaca\u011f\u0131z&#8221; dedi.<\/p>\n<p>Trump: &#8220;Anla\u015fma yapmazsak, ne olaca\u011f\u0131n\u0131 g\u00f6rece\u011fiz&#8221;<\/p>\n<p>Peze\u015fkiyan&#8217;\u0131n a\u00e7\u0131klamalar\u0131, ABD ile \u0130ran aras\u0131ndaki siyasi ve askeri gerilimin y\u00fcksek oldu\u011fu bir s\u0131rada geldi. ABD Ba\u015fkan\u0131 Donald Trump, d\u00fcn yapt\u0131\u011f\u0131 bir a\u00e7\u0131klamada \u0130ran&#8217;a do\u011fru &#8220;b\u00fcy\u00fck bir filonun yolda oldu\u011funu&#8221; yeniden teyit etmi\u015f ve \u0130ran&#8217;\u0131n anla\u015fma masas\u0131na oturmak istedi\u011fini \u00f6ne s\u00fcrm\u00fc\u015ft\u00fc. ABD Ba\u015fkan\u0131, askeri hareketlili\u011fin bir tercih olmad\u0131\u011f\u0131n\u0131 ancak gerekli g\u00f6r\u00fclmesi halinde kullan\u0131labilece\u011fini vurgulayarak, &#8220;Umar\u0131m bir anla\u015fma yapar\u0131z. Bu iyi olur. Anla\u015fma yapmazsak, ne olaca\u011f\u0131n\u0131 g\u00f6rece\u011fiz&#8221; ifadelerini kullanm\u0131\u015ft\u0131.<\/p>\n<p>\u0130ranl\u0131 yetkililer ise herhangi bir ABD sald\u0131r\u0131s\u0131na &#8220;h\u0131zl\u0131 ve kapsaml\u0131&#8221; bir yan\u0131t verilece\u011fini belirtmi\u015f, Tahran&#8217;\u0131n y\u00f6netiminin yaln\u0131zca &#8220;adil, dengeli ve zorlay\u0131c\u0131 olmayan \u015fartlar&#8221; alt\u0131nda m\u00fczakereye a\u00e7\u0131k oldu\u011funu aktarm\u0131\u015ft\u0131. &#8211; TAHRAN<\/p>\n","protected":false},"excerpt":{"rendered":"<p>Peze\u015fkiyan, ABD ve Avrupal\u0131 \u00fclkeleri \u0130ran&#8217;daki protestolar\u0131 istismar etmekle su\u00e7lad\u0131.<\/p>\n","protected":false},"author":1,"featured_media":20851,"comment_status":"open","ping_status":"open","sticky":false,"template":"","format":"standard","meta":{"footnotes":""},"categories":[12],"tags":[272,3106,271,2258,700],"class_list":["post-20850","post","type-post","status-publish","format-standard","has-post-thumbnail","hentry","category-siyaset","tag-abd","tag-halk","tag-iran","tag-pezeskiyan","tag-ulke"],"_links":{"self":[{"href":"https:\/\/bihavadis.com\/index.php\/wp-json\/wp\/v2\/posts\/20850","targetHints":{"allow":["GET"]}}],"collection":[{"href":"https:\/\/bihavadis.com\/index.php\/wp-json\/wp\/v2\/posts"}],"about":[{"href":"https:\/\/bihavadis.com\/index.php\/wp-json\/wp\/v2\/types\/post"}],"author":[{"embeddable":true,"href":"https:\/\/bihavadis.com\/index.php\/wp-json\/wp\/v2\/users\/1"}],"replies":[{"embeddable":true,"href":"https:\/\/bihavadis.com\/index.php\/wp-json\/wp\/v2\/comments?post=20850"}],"version-history":[{"count":1,"href":"https:\/\/bihavadis.com\/index.php\/wp-json\/wp\/v2\/posts\/20850\/revisions"}],"predecessor-version":[{"id":20852,"href":"https:\/\/bihavadis.com\/index.php\/wp-json\/wp\/v2\/posts\/20850\/revisions\/20852"}],"wp:featuredmedia":[{"embeddable":true,"href":"https:\/\/bihavadis.com\/index.php\/wp-json\/wp\/v2\/media\/20851"}],"wp:attachment":[{"href":"https:\/\/bihavadis.com\/index.php\/wp-json\/wp\/v2\/media?parent=20850"}],"wp:term":[{"taxonomy":"category","embeddable":true,"href":"https:\/\/bihavadis.com\/index.php\/wp-json\/wp\/v2\/categories?post=20850"},{"taxonomy":"post_tag","embeddable":true,"href":"https:\/\/bihavadis.com\/index.php\/wp-json\/wp\/v2\/tags?post=20850"}],"curies":[{"name":"wp","href":"https:\/\/api.w.org\/{rel}","templated":true}]}}