{"id":20861,"date":"2026-02-07T21:36:08","date_gmt":"2026-02-07T21:36:08","guid":{"rendered":"https:\/\/bihavadis.com\/?p=20861"},"modified":"2026-02-07T21:36:08","modified_gmt":"2026-02-07T21:36:08","slug":"tugvadan-genclere-sosyal-fayda-mesaji","status":"publish","type":"post","link":"https:\/\/bihavadis.com\/index.php\/2026\/02\/07\/tugvadan-genclere-sosyal-fayda-mesaji\/","title":{"rendered":"T\u00dcGVA&#8217;dan Gen\u00e7lere Sosyal Fayda Mesaj\u0131"},"content":{"rendered":"<p>T\u00dcRK\u0130YE Gen\u00e7lik Vakf\u0131 (T\u00dcGVA) \u0130htisas Akademi 2026 Lansman&#8217;\u0131nda konu\u015fan D\u0131\u015fi\u015fleri Bakan\u0131 Hakan Fidan &#8220;Sivil toplumun bir araya gelerek gen\u00e7lik \u00f6rg\u00fctleriyle, gen\u00e7lere toplumsal faydan\u0131n devlet eliyle de\u011fil, bireyler eliyle de yap\u0131labilece\u011fini, devletten beklenmesine gerek olmad\u0131\u011f\u0131, bizim de kendi \u00f6rg\u00fctlenmemizle, \u00e7abam\u0131zla, \u00e7al\u0131\u015fmalar\u0131m\u0131zla toplumsal fayda \u00fcretebilece\u011fimizi, hay\u0131r \u00fcretebilece\u011fimizi g\u00f6steren \u00e7ok muazzam bir platform haline gelmi\u015f olmak, bundan ger\u00e7ekten \u00e7ok gurur duyuyoruz. \u00dclke \u00e7ap\u0131nda \u00f6rg\u00fctlenmi\u015f olmas\u0131, b\u00fct\u00fcn hizmetleri, \u00e7al\u0131\u015fmalar\u0131, aktiviteleri T\u00fcrkiye genelinde g\u00f6t\u00fcr\u00fcyor olmas\u0131, bizim y\u0131llard\u0131r sivil toplum \u00e7al\u0131\u015fmalar\u0131 ad\u0131na T\u00fcrkiye&#8217;de g\u00f6rmek istedi\u011fimiz \u00f6rnek bir \u00e7aba&#8221; ifadelerini kulland\u0131.<\/p>\n<p>D\u0131\u015fi\u015fleri Bakan\u0131 Hakan Fidan, T\u00fcrkiye Gen\u00e7lik Vakf\u0131 (T\u00dcGVA) \u0130htisas Akademi 2026 Lansman Program\u0131na kat\u0131ld\u0131. Programa T\u00dcGVA Genel Ba\u015fkan\u0131 \u0130brahim Be\u015finci, Ziraat Kat\u0131l\u0131m Genel M\u00fcd\u00fcr\u00fc Metin \u00d6zdemir ve \u00e7ok say\u0131da davetli kat\u0131ld\u0131. <\/p>\n<p>&#8216;T\u00dcRK\u0130YE&#8217;DE G\u00d6RMEK \u0130STED\u0130\u011e\u0130M\u0130Z \u00d6RNEK B\u0130R \u00c7ABA, \u00d6RNEK B\u0130R SEV\u0130YE&#8217;<\/p>\n<p>Programda konu\u015fan Bakan Fidan, &#8220;Bizim gibi devlet gelene\u011fi \u00e7ok g\u00fc\u00e7l\u00fc bir milletin b\u00fct\u00fcn organlar\u0131yla millete hizmet g\u00f6t\u00fcrd\u00fc\u011f\u00fc bir yerde sivil toplumun bir araya gelerek gen\u00e7lik \u00f6rg\u00fctleriyle, gen\u00e7lere toplumsal faydan\u0131n devlet eliyle de\u011fil, bireyler eliyle de yap\u0131labilece\u011fini, devletten beklenmesine gerek olmad\u0131\u011f\u0131, bizim de kendi \u00f6rg\u00fctlenmemizle, \u00e7abam\u0131zla, \u00e7al\u0131\u015fmalar\u0131m\u0131zla toplumsal fayda \u00fcretebilece\u011fimizi, hay\u0131r \u00fcretebilece\u011fimizi g\u00f6steren \u00e7ok muazzam bir platform haline gelmi\u015f olmak&#8230; bundan ger\u00e7ekten \u00e7ok gurur duyuyoruz. \u00dclke \u00e7ap\u0131nda \u00f6rg\u00fctlenmi\u015f olmas\u0131, b\u00fct\u00fcn hizmetleri, \u00e7al\u0131\u015fmalar\u0131, aktiviteleri T\u00fcrkiye genelinde g\u00f6t\u00fcr\u00fcyor olmas\u0131, bizim y\u0131llard\u0131r sivil toplum \u00e7al\u0131\u015fmalar\u0131 ad\u0131na T\u00fcrkiye&#8217;de g\u00f6rmek istedi\u011fimiz \u00f6rnek bir \u00e7aba, \u00f6rnek bir seviye. Bunun i\u00e7in eme\u011fi ge\u00e7en b\u00fct\u00fcn arkada\u015flara \u00e7ok te\u015fekk\u00fcr ediyorum. Allah hepsinden raz\u0131 olsun; bildi\u011fimiz bilmedi\u011fimiz, burada olan olmayan b\u00fct\u00fcn arkada\u015flara ger\u00e7ekten \u00e7ok te\u015fekk\u00fcr ediyorum. Allah bu tip kurulu\u015flar\u0131n say\u0131s\u0131n\u0131 art\u0131rs\u0131n, sivil toplum yap\u0131lanmalar\u0131n\u0131 daha da g\u00fc\u00e7l\u00fc hale getirsin. Gen\u00e7lerimizin kendisini buldu\u011fu, anlam \u00fcretebildi\u011fi, enerjilerini harcad\u0131\u011f\u0131, hay\u0131r yolunda ve ger\u00e7ekten kendi hayatlar\u0131na da anlam katacak \u015feyleri \u00f6\u011frendi\u011fi ve ileride bizim ya\u015f\u0131m\u0131za geldi\u011fi zaman da d\u00f6n\u00fcp geriye bakt\u0131\u011f\u0131nda, ge\u00e7mi\u015fine bakt\u0131\u011f\u0131nda &#8216;\u0130yi ki vard\u0131m, iyi ki bunu yapt\u0131m&#8217; diyebilece\u011fi bir platform haline gelmi\u015f olmas\u0131 bizi ger\u00e7ekten \u00e7ok sevindirdi arkada\u015flar. Sizlerin bu ya\u015flarda aktivizmin i\u00e7inde olman\u0131z, bir sorumluluk i\u00e7erisinde olman\u0131z, bir dava sahibi olman\u0131z, toplum ad\u0131na bir konuyu dert edinmeniz, bireyselli\u011fin \u00f6tesine ge\u00e7meniz \u00e7ok k\u0131ymetli. Bizim b\u00fct\u00fcn gen\u00e7lerimizin bu \u015fuurla, bu ruhla sahip olmas\u0131 milli e\u011fitimimizinde ger\u00e7ek hedefi&#8221; dedi. <\/p>\n<p>&#8216;GEN\u00c7 YA\u015eLARDA BU T\u00dcR AKT\u0130V\u0130TELER\u0130N \u0130\u00c7ER\u0130S\u0130NDE OLMANIZ \u00c7OK KIYMETL\u0130&#8217;<\/p>\n<p>Bakan Fidan, &#8220;Milli E\u011fitim Bakanl\u0131\u011f\u0131m\u0131z\u0131n b\u00fct\u00fcn kurumlar\u0131yla, hocalar\u0131m\u0131zla vermeye \u00e7al\u0131\u015ft\u0131\u011f\u0131 e\u011fitim-\u00f6\u011fretim faaliyetlerinin yan\u0131nda tabii ki topluma bir ufuk da verilmesi gerekiyor. Devlet kurumlar\u0131, asker oca\u011f\u0131ndan tutun da okullar\u0131m\u0131za kadar, devlet kurumlar\u0131na kadar her yerde bunu vermeye \u00e7al\u0131\u015f\u0131yoruz. Ama toplumun kendi kendine zorunluluk olmadan, menfaat beklemeden, para beklemeden, makam beklemeden bir iyili\u011fi, bir fayday\u0131 harekete ge\u00e7irmesi kadar k\u0131ymetli bir \u015fey yok. Ben bir toplumlar\u0131n omurgas\u0131n\u0131 olu\u015fturan, ana kemi\u011fini olu\u015fturan ve dayan\u0131kl\u0131l\u0131k oran\u0131 dedi\u011fimiz oran\u0131 olu\u015fturan hususta bir toplum kendi ba\u015f\u0131na kald\u0131\u011f\u0131 zaman bireyleriyle ne kadar de\u011fer \u00fcretebiliyor, sanat \u00fcretebiliyor, hay\u0131r \u00fcretebiliyor, aktivite \u00fcretebiliyor? Bananecilikten ne kadar uzak durabiliyor? Ne kadar bencillikten uzak kalabiliyor? Ne kadar kendinden fedakarl\u0131k edip di\u011feri i\u00e7in, \u00f6teki i\u00e7in, di\u011fer insanlar i\u00e7in katk\u0131 ortaya koyuyor. Bu ger\u00e7ekten \u00e7ok \u00f6nemli. Gen\u00e7 ya\u015flarda bu t\u00fcr aktivitelerin i\u00e7erisinde olman\u0131z gen\u00e7li\u011fini ger\u00e7ekten aktivizmin i\u00e7erisinde ge\u00e7irmi\u015f biri olarak s\u00f6yl\u00fcyorum belli noktalarda, \u00e7ok k\u0131ymetli. \u0130n\u015fallah Allah sizlere huzurlu \u00f6m\u00fcr verir, hay\u0131rl\u0131 ba\u015far\u0131lar verir ve belli y\u0131llar\u0131n\u0131za bakt\u0131\u011f\u0131n\u0131zda &#8216;\u0130yi ki vard\u0131m&#8217; diyeceksiniz. &#8216;Oradayd\u0131m, bu faaliyetin i\u00e7indeydim&#8217;. Buradaki arkada\u015fl\u0131klar, i\u015f birlikleri hi\u00e7bir zaman unutamayaca\u011f\u0131n\u0131z anlar olacak. Buradaki anlar\u0131n anlam\u0131, ruhu psikolojiniz \u00fczerinde b\u0131rakt\u0131\u011f\u0131 etki hi\u00e7bir zaman i\u00e7in silinmeyecek. Bir\u00e7ok olay\u0131, ili\u015fkiyi buradaki tatt\u0131\u011f\u0131n\u0131z hususlar \u00fczerinden ileride tan\u0131mlayacaks\u0131n\u0131z. Belki bir daha hi\u00e7bir zaman i\u00e7in bu \u015fevki, bu huzuru, bu heyecan\u0131 bulamayacaks\u0131n\u0131z ama bu sizin i\u00e7in itici bir motor g\u00f6revi yapmaya devam edecek. Bundan emin olabilirsiniz. Benim s\u00f6yledi\u011fim do\u011fru. Benim s\u00f6yledi\u011fim hakikat ya\u015fam\u0131\u015f biri olarak s\u00f6yl\u00fcyorum. Bak\u0131n, etraf\u0131m\u0131zda bizim ya\u015flar\u0131m\u0131zda olup, gen\u00e7li\u011finde ger\u00e7ekten bir davaya, toplumsal bir \u00e7abaya adanm\u0131\u015f insanlar\u0131n hepsi o olu\u015fum y\u0131llar\u0131nda, enerjinin en y\u00fcksek oldu\u011fu o ya\u015flarda, gen\u00e7lik y\u0131llar\u0131nda ortaya koydu\u011fu \u00e7abalar\u0131 \u00f6m\u00fcr boyu bir referans noktas\u0131 olarak al\u0131p ya\u015famaya devam ederler. Onun i\u00e7in de T\u00dcGVA&#8217;n\u0131n b\u00f6yle bir anlam d\u00fcnyas\u0131na, eylem d\u00fcnyas\u0131na zemin haz\u0131rlad\u0131\u011f\u0131 i\u00e7in \u00e7ok te\u015fekk\u00fcr ediyorum&#8221; dedi. <\/p>\n","protected":false},"excerpt":{"rendered":"<p>Bakan Fidan, T\u00dcGVA lansman\u0131nda gen\u00e7lerin toplumsal fayda i\u00e7in aktif olmalar\u0131 gerekti\u011fini vurgulad\u0131.<\/p>\n","protected":false},"author":1,"featured_media":20862,"comment_status":"open","ping_status":"open","sticky":false,"template":"","format":"standard","meta":{"footnotes":""},"categories":[12],"tags":[2915,3451,1247,340,197],"class_list":["post-20861","post","type-post","status-publish","format-standard","has-post-thumbnail","hentry","category-siyaset","tag-bizim","tag-butun","tag-devlet","tag-genc","tag-turkiye"],"_links":{"self":[{"href":"https:\/\/bihavadis.com\/index.php\/wp-json\/wp\/v2\/posts\/20861","targetHints":{"allow":["GET"]}}],"collection":[{"href":"https:\/\/bihavadis.com\/index.php\/wp-json\/wp\/v2\/posts"}],"about":[{"href":"https:\/\/bihavadis.com\/index.php\/wp-json\/wp\/v2\/types\/post"}],"author":[{"embeddable":true,"href":"https:\/\/bihavadis.com\/index.php\/wp-json\/wp\/v2\/users\/1"}],"replies":[{"embeddable":true,"href":"https:\/\/bihavadis.com\/index.php\/wp-json\/wp\/v2\/comments?post=20861"}],"version-history":[{"count":1,"href":"https:\/\/bihavadis.com\/index.php\/wp-json\/wp\/v2\/posts\/20861\/revisions"}],"predecessor-version":[{"id":20863,"href":"https:\/\/bihavadis.com\/index.php\/wp-json\/wp\/v2\/posts\/20861\/revisions\/20863"}],"wp:featuredmedia":[{"embeddable":true,"href":"https:\/\/bihavadis.com\/index.php\/wp-json\/wp\/v2\/media\/20862"}],"wp:attachment":[{"href":"https:\/\/bihavadis.com\/index.php\/wp-json\/wp\/v2\/media?parent=20861"}],"wp:term":[{"taxonomy":"category","embeddable":true,"href":"https:\/\/bihavadis.com\/index.php\/wp-json\/wp\/v2\/categories?post=20861"},{"taxonomy":"post_tag","embeddable":true,"href":"https:\/\/bihavadis.com\/index.php\/wp-json\/wp\/v2\/tags?post=20861"}],"curies":[{"name":"wp","href":"https:\/\/api.w.org\/{rel}","templated":true}]}}