{"id":20900,"date":"2026-02-07T22:12:37","date_gmt":"2026-02-07T22:12:37","guid":{"rendered":"https:\/\/bihavadis.com\/?p=20900"},"modified":"2026-02-07T22:12:37","modified_gmt":"2026-02-07T22:12:37","slug":"nevsehirde-2-368-konut-kura-cekimi-yapildi","status":"publish","type":"post","link":"https:\/\/bihavadis.com\/index.php\/2026\/02\/07\/nevsehirde-2-368-konut-kura-cekimi-yapildi\/","title":{"rendered":"Nev\u015fehir&#8217;de 2.368 Konut Kura \u00c7ekimi Yap\u0131ld\u0131"},"content":{"rendered":"<p> Nev\u015fehir&#8217;de TOK\u0130 kapsam\u0131nda yap\u0131m\u0131 planlanan 2 bin 368 konutun kura \u00e7ekili\u015fi, Nev\u015fehir Hac\u0131 Bekta\u015f Veli \u00dcniversitesi Vali \u015einasi Ku\u015f K\u00fclt\u00fcr ve Kongre Merkezi&#8217;nde canl\u0131 olarak ger\u00e7ekle\u015ftirildi. Konutlar i\u00e7in toplam 10 bin 75 ba\u015fvuru yap\u0131ld\u0131.<\/p>\n<p>Kura \u00e7ekili\u015f t\u00f6renine \u00c7evre, \u015eehircilik ve \u0130klim De\u011fi\u015fikli\u011fi Bakan Yard\u0131mc\u0131s\u0131 \u00d6mer Bulut, Nev\u015fehir Valisi Ali Fidan, Nev\u015fehir milletvekilleri, protokol \u00fcyeleri ve \u00e7ok say\u0131da vatanda\u015f kat\u0131ld\u0131. Nev\u015fehir Merkez ba\u015fta olmak \u00fczere Avanos, \u00dcrg\u00fcp, G\u00fcl\u015fehir, Derinkuyu, Kozakl\u0131, Hac\u0131bekta\u015f ve Ac\u0131g\u00f6l il\u00e7elerini kapsayan projelerle il genelinde dar gelirli vatanda\u015flar\u0131n konut ihtiyac\u0131na \u00f6nemli \u00f6l\u00e7\u00fcde \u00e7\u00f6z\u00fcm sunulmas\u0131 hedefleniyor. Modern, depreme dayan\u0131kl\u0131 ve \u00e7evreye duyarl\u0131 \u015fekilde planlanan konut projelerinin, sadece bar\u0131nma ihtiyac\u0131n\u0131 kar\u015f\u0131lamakla kalmay\u0131p ayn\u0131 zamanda il genelinde ekonomik ve sosyal hareketlili\u011fe de katk\u0131 sa\u011flamas\u0131 bekleniyor. \u0130n\u015faat s\u00fcrecinde sa\u011flanacak istihdamla yerel ekonominin canland\u0131r\u0131lmas\u0131 ama\u00e7lan\u0131yor. T\u00f6rende konu\u015fan \u00c7evre, \u015eehircilik ve \u0130klim De\u011fi\u015fikli\u011fi Bakan Yard\u0131mc\u0131s\u0131 \u00d6mer Bulut; T\u00fcrkiye&#8217;nin sosyal konut \u00fcretiminde d\u00fcnyaya \u00f6rnek bir model ortaya koydu\u011funu belirterek, &#8220;Cumhurba\u015fkan\u0131m\u0131z\u0131n ortaya koydu\u011fu &#8216;evi olmayan tek bir vatanda\u015f kalmayana kadar&#8217; anlay\u0131\u015f\u0131 do\u011frultusunda konut \u00fcretmeye devam ediyoruz. Bug\u00fcn burada kura \u00e7ekiyoruz, ancak kura \u00e7\u0131kmayan vatanda\u015flar\u0131m\u0131z i\u00e7in de yeni kampanyalar ve yeni projeler haz\u0131rlamaya devam edece\u011fiz&#8221; dedi. TOK\u0130&#8217;nin yaln\u0131zca konut de\u011fil, ya\u015fam alanlar\u0131 in\u015fa etti\u011fini vurgulayan Bulut; yatay mimari anlay\u0131\u015f\u0131, sosyal donat\u0131 alanlar\u0131, camileri, meydanlar\u0131 ve ye\u015fil alanlar\u0131yla yeni ya\u015fam alanlar\u0131 olu\u015fturuldu\u011funu ifade etti. Nev\u015fehir&#8217;de bug\u00fcne kadar 11 binin \u00fczerinde konutun tamamland\u0131\u011f\u0131n\u0131 hat\u0131rlatan Bulut, yeni projeler i\u00e7in de arsa \u00fcretim \u00e7al\u0131\u015fmalar\u0131n\u0131n ba\u015flad\u0131\u011f\u0131n\u0131 kaydetti.<\/p>\n<p>Konu\u015fmalar\u0131n ard\u0131ndan kura \u00e7ekili\u015fine ge\u00e7ildi. Kura sonucu konut almaya hak kazanan vatanda\u015flar b\u00fcy\u00fck sevin\u00e7 ya\u015fad\u0131. 60 ya\u015f\u0131ndan sonra ev sahibi olacaklar\u0131n\u0131 s\u00f6yleyen Feridun Baki; &#8220;Emekli kontenjan\u0131ndan m\u00fcracaat ettim. Kurada ad\u0131m\u0131z \u00e7\u0131kt\u0131. Bu ya\u015ftan sonra bir ev sahibi olaca\u011f\u0131z. Ba\u015fta Cumhurba\u015fkan\u0131m\u0131z olmak \u00fczere eme\u011fi ge\u00e7en herkesten Allah raz\u0131 olsun. \u015eimdi evimize gidip bunun sevincini ya\u015fayaca\u011f\u0131z&#8221; ifadelerini kulland\u0131. Sema Baki&#8217; ise; &#8220;60 ya\u015f\u0131nda bir evimiz oldu. \u00c7ok mutluyuz&#8221; ifadelerini kulland\u0131.<\/p>\n<p>Nev\u015fehir&#8217;de kura \u00e7ekimi yap\u0131lan konut da\u011f\u0131l\u0131m\u0131 ise \u015f\u00f6yle: Nev\u015fehir Merkez 600, G\u00f6reme 300, Kavak 94, Kaymakl\u0131 50, Sulusaray 43, Ac\u0131g\u00f6l 100, Ac\u0131g\u00f6l Karap\u0131nar 101, Avanos 189, Avanos \u00d6zkonak 79, Avanos Kalaba 50, Avanos T\u00fcrkeli 63, Derinkuyu 120, G\u00fcl\u015fehir 200, Hac\u0131bekta\u015f 100, Kozakl\u0131 100, \u00dcrg\u00fcp 100, \u00dcrg\u00fcp Ortahisar 79 olarak belirlendi. &#8211; NEV\u015eEH\u0130R<\/p>\n","protected":false},"excerpt":{"rendered":"<p>TOK\u0130&#8217;nin Nev\u015fehir&#8217;de in\u015fa edece\u011fi konutlar i\u00e7in kura \u00e7ekimi ger\u00e7ekle\u015ftirildi, 10.075 ba\u015fvuru yap\u0131ld\u0131.<\/p>\n","protected":false},"author":1,"featured_media":20901,"comment_status":"open","ping_status":"open","sticky":false,"template":"","format":"standard","meta":{"footnotes":""},"categories":[8],"tags":[3780,818,1880,969,1226],"class_list":["post-20900","post","type-post","status-publish","format-standard","has-post-thumbnail","hentry","category-ekonomi","tag-avanos","tag-konut","tag-kura","tag-nevsehir","tag-vatandas"],"_links":{"self":[{"href":"https:\/\/bihavadis.com\/index.php\/wp-json\/wp\/v2\/posts\/20900","targetHints":{"allow":["GET"]}}],"collection":[{"href":"https:\/\/bihavadis.com\/index.php\/wp-json\/wp\/v2\/posts"}],"about":[{"href":"https:\/\/bihavadis.com\/index.php\/wp-json\/wp\/v2\/types\/post"}],"author":[{"embeddable":true,"href":"https:\/\/bihavadis.com\/index.php\/wp-json\/wp\/v2\/users\/1"}],"replies":[{"embeddable":true,"href":"https:\/\/bihavadis.com\/index.php\/wp-json\/wp\/v2\/comments?post=20900"}],"version-history":[{"count":1,"href":"https:\/\/bihavadis.com\/index.php\/wp-json\/wp\/v2\/posts\/20900\/revisions"}],"predecessor-version":[{"id":20902,"href":"https:\/\/bihavadis.com\/index.php\/wp-json\/wp\/v2\/posts\/20900\/revisions\/20902"}],"wp:featuredmedia":[{"embeddable":true,"href":"https:\/\/bihavadis.com\/index.php\/wp-json\/wp\/v2\/media\/20901"}],"wp:attachment":[{"href":"https:\/\/bihavadis.com\/index.php\/wp-json\/wp\/v2\/media?parent=20900"}],"wp:term":[{"taxonomy":"category","embeddable":true,"href":"https:\/\/bihavadis.com\/index.php\/wp-json\/wp\/v2\/categories?post=20900"},{"taxonomy":"post_tag","embeddable":true,"href":"https:\/\/bihavadis.com\/index.php\/wp-json\/wp\/v2\/tags?post=20900"}],"curies":[{"name":"wp","href":"https:\/\/api.w.org\/{rel}","templated":true}]}}