{"id":21024,"date":"2026-02-07T23:51:08","date_gmt":"2026-02-07T23:51:08","guid":{"rendered":"https:\/\/bihavadis.com\/?p=21024"},"modified":"2026-02-07T23:51:08","modified_gmt":"2026-02-07T23:51:08","slug":"bill-gatesten-epstein-aciklamasi-pismanim-ve-yaptigim-icin-ozur-diliyorum","status":"publish","type":"post","link":"https:\/\/bihavadis.com\/index.php\/2026\/02\/07\/bill-gatesten-epstein-aciklamasi-pismanim-ve-yaptigim-icin-ozur-diliyorum\/","title":{"rendered":"Bill Gates&#8217;ten Epstein a\u00e7\u0131klamas\u0131: Pi\u015fman\u0131m ve yapt\u0131\u011f\u0131m i\u00e7in \u00f6z\u00fcr diliyorum"},"content":{"rendered":"<p>B\u00fct\u00fcn d\u00fcnyan\u0131n g\u00f6z\u00fc bu belgelerde&#8230;<\/p>\n<p>ABD Adalet Bakan Yard\u0131mc\u0131s\u0131 Todd Blanche&#8217;\u0131n, Epstein&#8217;e y\u00f6nelik soru\u015fturma kapsam\u0131nda 3 milyondan fazla yeni dosyan\u0131n kamuoyuyla payla\u015f\u0131ld\u0131\u011f\u0131n\u0131 bildirmesinin ard\u0131ndan Epstein&#8217;in yaz\u0131\u015fmalar\u0131nda yeni detaylar dikkati \u00e7ekiyor.<\/p>\n<p>Bunlardan biri de Epstein&#8217;in\u00a0Gates\u00a0hakk\u0131ndaki yaz\u0131\u015fmalar\u0131 oldu.<\/p>\n<p>Gates, Avustralya merkezli 9 News sitesine verdi\u011fi r\u00f6portajda, Epstein belgelerinde isminin ge\u00e7mesi ve hakk\u0131nda medyada yer alan iddialara y\u00f6nelik yan\u0131t verdi.<\/p>\n<p><strong>&#8220;BU B\u0130R \u00c7IKMAZ SOKAKTI&#8221;<\/strong><\/p>\n<p>Epstein ile 2011&#8217;de tan\u0131\u015ft\u0131\u011f\u0131n\u0131 ve o tarih itibar\u0131yla 3 y\u0131l boyunca birlikte bir\u00e7ok ak\u015fam yeme\u011fi yediklerini aktaran\u00a0Gates, <em><b>&#8220;Odak noktas\u0131 her zaman \u00e7ok zengin insanlar\u0131 tan\u0131mas\u0131 ve onlardan k\u00fcresel sa\u011fl\u0131k i\u00e7in para alabilece\u011fini s\u00f6ylemesiydi. <\/b><\/em><\/p>\n<p><em><b>Geriye d\u00f6n\u00fcp bakt\u0131\u011f\u0131mda, bu bir \u00e7\u0131kmaz sokakt\u0131.&#8221;<\/b><\/em> dedi.<\/p>\n<p><img decoding=\"async\" src=\"https:\/\/bihavadis.com\/wp-content\/uploads\/2026\/02\/bill-gatesten-epstein-aciklamasi-pismanim-ve-yaptigim-icin-ozur-diliyorum-0-vIniXjsw.jpg\"\/><\/p>\n<p><strong>YAPTI\u011eI \u015eEY\u0130 &#8216;APTALLIK&#8217; OLARAK N\u0130TELEND\u0130RD\u0130<\/strong><\/p>\n<p>Gates, Epstein ile ge\u00e7irdi\u011fi vakti <em><b>&#8220;aptall\u0131k&#8221; <\/b><\/em>\u015feklinde niteleyerek, onu tan\u0131d\u0131\u011f\u0131 i\u00e7in pi\u015fmanl\u0131k duydu\u011funu s\u00f6yledi.<\/p>\n<p>Gates ayr\u0131ca, <em><b>&#8220;Epstein&#8217;in oda\u011f\u0131, zengin insanlardan k\u00fcresel sa\u011fl\u0131k meseleleri i\u00e7in para ba\u011f\u0131\u015flamalar\u0131n\u0131 sa\u011flayabilme y\u00f6n\u00fcndeydi.&#8221;<\/b><\/em> ifadelerini kulland\u0131.\u00a0<\/p>\n<p><img decoding=\"async\" src=\"https:\/\/bihavadis.com\/wp-content\/uploads\/2026\/02\/bill-gatesten-epstein-aciklamasi-pismanim-ve-yaptigim-icin-ozur-diliyorum-1-cQYfBhnp.jpg\"\/><\/p>\n<p><strong>&#8220;P\u0130\u015eMANIM VE \u00d6Z\u00dcR D\u0130L\u0130YORUM&#8221;<\/strong><\/p>\n<p>\u00d6zellikle son a\u00e7\u0131klanan belgelerden sonra kendisi hakk\u0131nda medyada dola\u015fan iddialar soruldu\u011funda\u00a0Gates, <em><b>&#8220;G\u00f6r\u00fcn\u00fc\u015fe g\u00f6re Jeffrey kendine bir e-posta yazm\u0131\u015f. Bu e-posta asla g\u00f6nderilmemi\u015f. E-posta yanl\u0131\u015f. Bu y\u00fczden orada ne d\u00fc\u015f\u00fcnd\u00fc\u011f\u00fcn\u00fc bilmiyorum. <\/b><\/em><\/p>\n<p><em><b>Bana bir \u015fekilde sald\u0131rmaya m\u0131 \u00e7al\u0131\u015f\u0131yordu? Ama onunla ge\u00e7irdi\u011fim her dakika bana bunu hat\u0131rlat\u0131yor, pi\u015fman\u0131m ve yapt\u0131\u011f\u0131m i\u00e7in \u00f6z\u00fcr diliyorum.&#8221; <\/b><\/em>ifadelerini kulland\u0131.<\/p>\n<p><img decoding=\"async\" src=\"https:\/\/bihavadis.com\/wp-content\/uploads\/2026\/02\/bill-gatesten-epstein-aciklamasi-pismanim-ve-yaptigim-icin-ozur-diliyorum-2-yyyv2RrT.jpg\"\/><\/p>\n<p><strong>C\u0130NSEL YOLLA HASTALIK KAPTI \u0130DD\u0130ASI<\/strong><\/p>\n<p>Dosyalarda yer alan baz\u0131 e-postalarda,\u00a0Gates&#8217;in <em><b>&#8220;Rus k\u0131zlarla&#8221;<\/b><\/em> ya\u015fad\u0131\u011f\u0131 ili\u015fkilerin ard\u0131ndan cinsel yolla bula\u015fan bir hastal\u0131\u011f\u0131 o d\u00f6nemki e\u015fi Melinda&#8217;dan gizlemeye \u00e7al\u0131\u015ft\u0131\u011f\u0131 iddialar\u0131na yer verilmi\u015fti.<\/p>\n<p><img decoding=\"async\" src=\"https:\/\/bihavadis.com\/wp-content\/uploads\/2026\/02\/bill-gatesten-epstein-aciklamasi-pismanim-ve-yaptigim-icin-ozur-diliyorum-3-8Oqd3UuY.jpg\"\/><\/p>\n<p><strong>NE OLMU\u015eTU<\/strong><\/p>\n<p>En k\u00fc\u00e7\u00fc\u011f\u00fc 14 olmak \u00fczere 18 ya\u015f alt\u0131ndaki onlarca k\u0131z \u00e7ocu\u011funa cinsel istismarda bulunmak ve fuhu\u015f a\u011f\u0131 olu\u015fturmak su\u00e7lamas\u0131yla yarg\u0131lanan Epstein, tutuklu oldu\u011fu New York Manhattan Metropolitan Merkez Hapishanesi&#8217;ndeki h\u00fccresinde 10 A\u011fustos 2019&#8217;da \u00f6l\u00fc bulunmu\u015ftu.<\/p>\n<p>A\u00e7\u0131klanan Epstein dava dosyalar\u0131nda Prens Andrew, ABD Ba\u015fkan\u0131 Donald Trump, eski ABD Ba\u015fkan\u0131\u00a0Bill\u00a0Clinton, eski \u0130srail Ba\u015fbakan\u0131 Ehud Barak, eski ABD Ba\u015fkan Yard\u0131mc\u0131s\u0131 Al Gore, akt\u00f6r Kevin Spacey, \u015fark\u0131c\u0131 Michael Jackson, ill\u00fczyonist David Copperfield, avukat Alan Dershowitz ve eski New Mexico Valisi\u00a0Bill\u00a0Richardson gibi \u00fcnl\u00fc isimler yer alm\u0131\u015ft\u0131.<\/p>\n<p>ABD Federal Soru\u015fturma B\u00fcrosu (FBI) da ABD Adalet Bakanl\u0131\u011f\u0131 ile yapt\u0131\u011f\u0131 inceleme sonucunda, \u00fcnl\u00fc isimlerden olu\u015fan &#8220;m\u00fc\u015fteri listesi&#8221;nin tutuldu\u011funa dair herhangi bir kan\u0131ta ula\u015f\u0131lamad\u0131\u011f\u0131n\u0131, aralar\u0131nda h\u00fck\u00fcmet yetkilileri, \u00fcnl\u00fcler ve i\u015f insanlar\u0131n\u0131n da bulundu\u011fu ki\u015filerin su\u00e7una ortak oldu\u011fu gerek\u00e7esiyle \u00f6rtbas amac\u0131yla \u00f6ld\u00fcr\u00fcld\u00fc\u011f\u00fc \u00f6ne s\u00fcr\u00fclen Epstein&#8217;in ise asl\u0131nda h\u00fccresinde intihar etti\u011fi sonucuna var\u0131ld\u0131\u011f\u0131n\u0131 a\u00e7\u0131klam\u0131\u015ft\u0131.<\/p>\n","protected":false},"excerpt":{"rendered":"<p>Jeffrey Epstein&#8217;le ilgili soru\u015fturma dosyalar\u0131nda s\u0131k\u00e7a ad\u0131 ge\u00e7en milyarder Bill Gates, Epstein ile vakit ge\u00e7irmekten pi\u015fmanl\u0131k duydu\u011funu belirtirken yapt\u0131\u011f\u0131n\u0131n aptall\u0131k oldu\u011funu s\u00f6yledi.<\/p>\n","protected":false},"author":1,"featured_media":21025,"comment_status":"open","ping_status":"open","sticky":false,"template":"","format":"standard","meta":{"footnotes":""},"categories":[6],"tags":[272,2183,2283],"class_list":["post-21024","post","type-post","status-publish","format-standard","has-post-thumbnail","hentry","category-dunya","tag-abd","tag-epstein","tag-gates"],"_links":{"self":[{"href":"https:\/\/bihavadis.com\/index.php\/wp-json\/wp\/v2\/posts\/21024","targetHints":{"allow":["GET"]}}],"collection":[{"href":"https:\/\/bihavadis.com\/index.php\/wp-json\/wp\/v2\/posts"}],"about":[{"href":"https:\/\/bihavadis.com\/index.php\/wp-json\/wp\/v2\/types\/post"}],"author":[{"embeddable":true,"href":"https:\/\/bihavadis.com\/index.php\/wp-json\/wp\/v2\/users\/1"}],"replies":[{"embeddable":true,"href":"https:\/\/bihavadis.com\/index.php\/wp-json\/wp\/v2\/comments?post=21024"}],"version-history":[{"count":1,"href":"https:\/\/bihavadis.com\/index.php\/wp-json\/wp\/v2\/posts\/21024\/revisions"}],"predecessor-version":[{"id":21030,"href":"https:\/\/bihavadis.com\/index.php\/wp-json\/wp\/v2\/posts\/21024\/revisions\/21030"}],"wp:featuredmedia":[{"embeddable":true,"href":"https:\/\/bihavadis.com\/index.php\/wp-json\/wp\/v2\/media\/21025"}],"wp:attachment":[{"href":"https:\/\/bihavadis.com\/index.php\/wp-json\/wp\/v2\/media?parent=21024"}],"wp:term":[{"taxonomy":"category","embeddable":true,"href":"https:\/\/bihavadis.com\/index.php\/wp-json\/wp\/v2\/categories?post=21024"},{"taxonomy":"post_tag","embeddable":true,"href":"https:\/\/bihavadis.com\/index.php\/wp-json\/wp\/v2\/tags?post=21024"}],"curies":[{"name":"wp","href":"https:\/\/api.w.org\/{rel}","templated":true}]}}