{"id":21042,"date":"2026-02-08T00:03:40","date_gmt":"2026-02-08T00:03:40","guid":{"rendered":"https:\/\/bihavadis.com\/?p=21042"},"modified":"2026-02-08T00:03:40","modified_gmt":"2026-02-08T00:03:40","slug":"mendereste-saganak-yagis-su-baskinlarina-neden-oldu","status":"publish","type":"post","link":"https:\/\/bihavadis.com\/index.php\/2026\/02\/08\/mendereste-saganak-yagis-su-baskinlarina-neden-oldu\/","title":{"rendered":"Menderes&#8217;te Sa\u011fanak Ya\u011f\u0131\u015f Su Bask\u0131nlar\u0131na Neden Oldu"},"content":{"rendered":"<p>\n<p>\u0130ZM\u0130R&#8217;in Menderes il\u00e7esinde, sa\u011fanak baz\u0131 noktalarda etkili oldu. G\u00fcm\u00fcld\u00fcr Mahallesi&#8217;nde da\u011fdan akan ya\u011fmur sular\u0131 tar\u0131m arazilerine doldu, baz\u0131 evlerde su bask\u0131nlar\u0131na neden oldu.<\/p>\n<p>Meteoroloji 2&#8217;nci B\u00f6lge M\u00fcd\u00fcrl\u00fc\u011f\u00fc&#8217;n\u00fcn ya\u011fmur uyar\u0131s\u0131n\u0131n ard\u0131ndan, saat 11.00&#8217;de kent genelinde ya\u011f\u0131\u015f ba\u015flad\u0131. Aral\u0131klarla etkili olan sa\u011fanak, \u00f6zellikle Seferihisar&#8217;\u0131n G\u00fcm\u00fcld\u00fcr Mahallesi&#8217;nde hayat\u0131 olumsuz etkiledi. Da\u011fdan inen ya\u011fmur sular\u0131, b\u00f6lgedeki baz\u0131 mahallelerde cadde ve sokaklar\u0131 suyla doldurdu. Baz\u0131 evlerde k\u00fc\u00e7\u00fck \u00e7apl\u0131 su bask\u0131nlar\u0131 ya\u015fand\u0131. Tar\u0131m arazileri de suyla doldu. Ya\u011fmurun etkisini yitirmesiyle G\u00fcm\u00fcld\u00fcr&#8217;de sularda \u00e7ekilmeye ba\u015flad\u0131. <\/p>\n","protected":false},"excerpt":{"rendered":"<p>\u0130zmir Menderes&#8217;te sa\u011fl\u0131k ya\u011f\u0131\u015flar, G\u00fcm\u00fcld\u00fcr&#8217;de su bask\u0131nlar\u0131na ve tar\u0131m alanlar\u0131n\u0131n su dolmas\u0131na yol a\u00e7t\u0131.<\/p>\n","protected":false},"author":1,"featured_media":21043,"comment_status":"open","ping_status":"open","sticky":false,"template":"","format":"standard","meta":{"footnotes":""},"categories":[9,4,13],"tags":[],"class_list":["post-21042","post","type-post","status-publish","format-standard","has-post-thumbnail","hentry","category-genel","category-gundem","category-son-dakika"],"_links":{"self":[{"href":"https:\/\/bihavadis.com\/index.php\/wp-json\/wp\/v2\/posts\/21042","targetHints":{"allow":["GET"]}}],"collection":[{"href":"https:\/\/bihavadis.com\/index.php\/wp-json\/wp\/v2\/posts"}],"about":[{"href":"https:\/\/bihavadis.com\/index.php\/wp-json\/wp\/v2\/types\/post"}],"author":[{"embeddable":true,"href":"https:\/\/bihavadis.com\/index.php\/wp-json\/wp\/v2\/users\/1"}],"replies":[{"embeddable":true,"href":"https:\/\/bihavadis.com\/index.php\/wp-json\/wp\/v2\/comments?post=21042"}],"version-history":[{"count":1,"href":"https:\/\/bihavadis.com\/index.php\/wp-json\/wp\/v2\/posts\/21042\/revisions"}],"predecessor-version":[{"id":21044,"href":"https:\/\/bihavadis.com\/index.php\/wp-json\/wp\/v2\/posts\/21042\/revisions\/21044"}],"wp:featuredmedia":[{"embeddable":true,"href":"https:\/\/bihavadis.com\/index.php\/wp-json\/wp\/v2\/media\/21043"}],"wp:attachment":[{"href":"https:\/\/bihavadis.com\/index.php\/wp-json\/wp\/v2\/media?parent=21042"}],"wp:term":[{"taxonomy":"category","embeddable":true,"href":"https:\/\/bihavadis.com\/index.php\/wp-json\/wp\/v2\/categories?post=21042"},{"taxonomy":"post_tag","embeddable":true,"href":"https:\/\/bihavadis.com\/index.php\/wp-json\/wp\/v2\/tags?post=21042"}],"curies":[{"name":"wp","href":"https:\/\/api.w.org\/{rel}","templated":true}]}}