{"id":21060,"date":"2026-02-08T00:24:10","date_gmt":"2026-02-08T00:24:10","guid":{"rendered":"https:\/\/bihavadis.com\/?p=21060"},"modified":"2026-02-08T00:24:10","modified_gmt":"2026-02-08T00:24:10","slug":"fenerbahce-ngolo-kanteyi-istanbula-getirdi","status":"publish","type":"post","link":"https:\/\/bihavadis.com\/index.php\/2026\/02\/08\/fenerbahce-ngolo-kanteyi-istanbula-getirdi\/","title":{"rendered":"Fenerbah\u00e7e, N&#8217;Golo Kante&#8217;yi \u0130stanbul&#8217;a getirdi"},"content":{"rendered":"<p>Transfer \u00e7al\u0131\u015fmalar\u0131 kapsam\u0131nda devre aras\u0131nda Samsunspor&#8217;dan Hollandal\u0131 oyuncu Anthony Musaba ile anla\u015farak ilk takviyesini yapan Fenerbah\u00e7e, eski futbolcusu kaleci Mert G\u00fcnok&#8217;a da imza att\u0131rd\u0131.<\/p>\n<p>Sar\u0131-lacivertliler, orta sahas\u0131n\u0131 Lazio&#8217;dan bir ba\u015fka Frans\u0131z Matteo Guendouzi&#8217;yle g\u00fc\u00e7lendirirken, forvete de Sidiki Cherif takviyesini yapm\u0131\u015ft\u0131.<\/p>\n<p><strong>5 \u0130SM\u0130N 3&#8217;\u00dc FRANSIZ<\/strong><\/p>\n<p>Uzun s\u00fcredir g\u00f6r\u00fc\u015fme halinde olunan N&#8217;Golo Kante&#8217;yle de anla\u015fmaya varan Fenerbah\u00e7e, deneyimli futbolcuyla orta sahas\u0131na bir takviye daha yapm\u0131\u015f oldu.<\/p>\n<p>Kante, Fenerbah\u00e7e tarihinin yedinci Frans\u0131z oyuncusu olurken, sar\u0131-lacivertlilerin devre aras\u0131nda kadrosuna katt\u0131\u011f\u0131 5 ismin 3&#8217;\u00fcn\u00fcn Frans\u0131z olmas\u0131 da dikkati \u00e7ekti.<\/p>\n<p><strong>\u0130STANBUL&#8217;A GELD\u0130<\/strong><\/p>\n<p>Fenerbah\u00e7e&#8217;nin yeni transferi Frans\u0131z futbolcu N&#8217;Golo Kante, ak\u015fam saatlerinde \u0130stanbul&#8217;a geldi.<\/p>\n<p>Sar\u0131-lacivertlilerin 2,5 y\u0131ll\u0131k s\u00f6zle\u015fme imzalad\u0131\u011f\u0131 34 ya\u015f\u0131ndaki y\u0131ld\u0131z futbolcuyu ta\u015f\u0131yan \u00f6zel u\u00e7ak saat 21.30&#8217;da Sabiha G\u00f6k\u00e7en Havaliman\u0131 Genel Havac\u0131l\u0131k Terminali&#8217;ne indi.<\/p>\n<p><strong>&#8220;BAZI H\u0130KAYELER ZAMAN ALIR AMA YARIM KALMAZ&#8221;<\/strong><\/p>\n<p>Fenerbah\u00e7e Kul\u00fcb\u00fc, Frans\u0131z futbolcunun transferine ilgiyi, <em><b>&#8220;Baz\u0131 hikayeler zaman al\u0131r ama yar\u0131m kalmaz. Fenerbah\u00e7emize ho\u015f geldin N&#8217;Golo Kante.&#8221; <\/b><\/em>a\u00e7\u0131klamas\u0131n\u0131 yapm\u0131\u015ft\u0131.<\/p>\n<p><strong>TRANSFER KAP&#8217;A B\u0130LD\u0130R\u0130LD\u0130<\/strong><\/p>\n<p>Fenerbah\u00e7e, Suudi Arabistan&#8217;\u0131n Al Ittihad ekibinden kadrosuna katt\u0131\u011f\u0131 N&#8217;Golo Kante transferini Kamuyu Ayd\u0131nlatma Platformuna (KAP) bildirdi.<\/p>\n<p>Sar\u0131-lacivertli kul\u00fcpten Borsa \u0130stanbul ve Kamuyu Ayd\u0131nlatma Platformuna (KAP) g\u00f6nderilen a\u00e7\u0131klamada, Frans\u0131z futbolcuyla 2,5 y\u0131ll\u0131k anla\u015fmaya var\u0131ld\u0131\u011f\u0131 belirtilirken oyuncuya 14 milyon 400 bin euro imza paras\u0131 verilece\u011fi duyuruldu.<\/p>\n<p>Kul\u00fcb\u00fcn, bu sezonun kalan b\u00f6l\u00fcm\u00fc i\u00e7in Kante\u2019ye 5 milyon 500 bin euro, 2026-2027 ve 2027-2028 sezonlar\u0131 i\u00e7in ise y\u0131ll\u0131k 11 milyon euro \u00fccret \u00f6deyece\u011fi kaydedildi.<\/p>\n<p><strong>KANTE&#8217;N\u0130N KAR\u0130YER\u0130<\/strong><\/p>\n<p>Futbola Fransa&#8217;n\u0131n Suresnes ekibinde ba\u015flay\u0131p Boulogne&#8217;a transfer olan Kante, burada ge\u00e7irdi\u011fi 3 sezonun ard\u0131ndan Caen&#8217;e imza att\u0131.<\/p>\n<p>Caen&#8217;deki 2 sezonluk performans\u0131n\u0131n ard\u0131ndan Premier Lig ekibi Leicester City&#8217;le anla\u015fmaya varan Kante, 2015-2016 sezonunda ya\u015fanan \u015fampiyonlu\u011fun ard\u0131ndan Chelsea&#8217;nin yolunu tuttu.<\/p>\n<p>Kante, 2016-2017 sezonunda da Chelsea&#8217;de yampiyonluk ya\u015fayarak \u00fcst \u00fcste 2 sezonda 2 farkl\u0131 tak\u0131mda Premier Lig&#8217;i kazand\u0131.<\/p>\n<p>2018&#8217;de Rusya&#8217;da d\u00fczenlenen D\u00fcnya Kupas\u0131&#8217;nda Fransa Milli Tak\u0131m\u0131&#8217;n\u0131n as oyuncusu olan Kante, milli tak\u0131mla kupay\u0131 kald\u0131rmay\u0131 ba\u015fard\u0131.<\/p>\n<p>Chelsea&#8217;de 7 sezon kalan, bu s\u00fcre\u00e7te 1 UEFA \u015eampiyonlar Ligi, 1 UEFA Avrupa Ligi, 1 UEFA S\u00fcper Kupa ve 1 FIFA Kul\u00fcpler D\u00fcnya Kupas\u0131 kazanan Kante, 2023-2024 sezonu ba\u015f\u0131nda Suudi Arabistan&#8217;\u0131n Al Ittihad ekibiyle anla\u015fmaya vard\u0131.<\/p>\n<p>Kante, 2024-2025 sezonunda Suudi Arabistan&#8217;da hem lig hem de kupa \u015fampiyonlu\u011fu ya\u015fad\u0131.<\/p>\n<p><strong>KANTE&#8217;Y\u0130 BEKLEYEN FENERBAH\u00c7E TARAFTARLARI<\/strong><\/p>\n<p><img decoding=\"async\" src=\"https:\/\/bihavadis.com\/wp-content\/uploads\/2026\/02\/fenerbahce-ngolo-kanteyi-istanbula-getirdi-0-CA9Zr7Sl.jpg\"\/><\/p>\n<p><img decoding=\"async\" src=\"https:\/\/bihavadis.com\/wp-content\/uploads\/2026\/02\/fenerbahce-ngolo-kanteyi-istanbula-getirdi-1-OgMyEDhn.jpg\"\/><\/p>\n<p><img decoding=\"async\" src=\"https:\/\/bihavadis.com\/wp-content\/uploads\/2026\/02\/fenerbahce-ngolo-kanteyi-istanbula-getirdi-2-WHGjqiKi.jpg\"\/><\/p>\n<p><img decoding=\"async\" src=\"https:\/\/bihavadis.com\/wp-content\/uploads\/2026\/02\/fenerbahce-ngolo-kanteyi-istanbula-getirdi-3-zf75BCLV.jpg\"\/><\/p>\n<p><img decoding=\"async\" src=\"https:\/\/bihavadis.com\/wp-content\/uploads\/2026\/02\/fenerbahce-ngolo-kanteyi-istanbula-getirdi-4-lkQeSJan.jpg\"\/><\/p>\n<p><img decoding=\"async\" src=\"https:\/\/bihavadis.com\/wp-content\/uploads\/2026\/02\/fenerbahce-ngolo-kanteyi-istanbula-getirdi-5-htvJxtig.jpg\"\/><\/p>\n","protected":false},"excerpt":{"rendered":"<p>Fenerbah\u00e7e&#8217;nin yeni transferi Frans\u0131z futbolcu N&#8217;Golo Kante, ak\u015fam saatlerinde \u0130stanbul&#8217;a geldi.<\/p>\n","protected":false},"author":1,"featured_media":21061,"comment_status":"open","ping_status":"open","sticky":false,"template":"","format":"standard","meta":{"footnotes":""},"categories":[14],"tags":[1858,2986,3143,1395],"class_list":["post-21060","post","type-post","status-publish","format-standard","has-post-thumbnail","hentry","category-spor","tag-fenerbahce","tag-fransiz","tag-futbolcu","tag-kante"],"_links":{"self":[{"href":"https:\/\/bihavadis.com\/index.php\/wp-json\/wp\/v2\/posts\/21060","targetHints":{"allow":["GET"]}}],"collection":[{"href":"https:\/\/bihavadis.com\/index.php\/wp-json\/wp\/v2\/posts"}],"about":[{"href":"https:\/\/bihavadis.com\/index.php\/wp-json\/wp\/v2\/types\/post"}],"author":[{"embeddable":true,"href":"https:\/\/bihavadis.com\/index.php\/wp-json\/wp\/v2\/users\/1"}],"replies":[{"embeddable":true,"href":"https:\/\/bihavadis.com\/index.php\/wp-json\/wp\/v2\/comments?post=21060"}],"version-history":[{"count":1,"href":"https:\/\/bihavadis.com\/index.php\/wp-json\/wp\/v2\/posts\/21060\/revisions"}],"predecessor-version":[{"id":21068,"href":"https:\/\/bihavadis.com\/index.php\/wp-json\/wp\/v2\/posts\/21060\/revisions\/21068"}],"wp:featuredmedia":[{"embeddable":true,"href":"https:\/\/bihavadis.com\/index.php\/wp-json\/wp\/v2\/media\/21061"}],"wp:attachment":[{"href":"https:\/\/bihavadis.com\/index.php\/wp-json\/wp\/v2\/media?parent=21060"}],"wp:term":[{"taxonomy":"category","embeddable":true,"href":"https:\/\/bihavadis.com\/index.php\/wp-json\/wp\/v2\/categories?post=21060"},{"taxonomy":"post_tag","embeddable":true,"href":"https:\/\/bihavadis.com\/index.php\/wp-json\/wp\/v2\/tags?post=21060"}],"curies":[{"name":"wp","href":"https:\/\/api.w.org\/{rel}","templated":true}]}}