{"id":21075,"date":"2026-02-08T00:33:08","date_gmt":"2026-02-08T00:33:08","guid":{"rendered":"https:\/\/bihavadis.com\/?p=21075"},"modified":"2026-02-08T00:33:08","modified_gmt":"2026-02-08T00:33:08","slug":"italyada-tartisma-yaratan-melek-figurlu-fresk-kaldirildi","status":"publish","type":"post","link":"https:\/\/bihavadis.com\/index.php\/2026\/02\/08\/italyada-tartisma-yaratan-melek-figurlu-fresk-kaldirildi\/","title":{"rendered":"\u0130talya&#8217;da tart\u0131\u015fma yaratan melek fig\u00fcrl\u00fc fresk kald\u0131r\u0131ld\u0131"},"content":{"rendered":"<p>\u0130talya&#8217;n\u0131n ba\u015fkenti Roma&#8217;n\u0131n en eski kiliselerinden olan San Lorenzo in Lucina Bazilikas\u0131&#8217;ndaki restorasyonun ard\u0131ndan\u00a0ortaya \u00e7\u0131kan y\u00fcz\u00fc\u00a0\u0130talya Ba\u015fbakan\u0131 Giorgia Meloni&#8217;ye benzeyen melek fig\u00fcrl\u00fc fresk \u00fclke g\u00fcndeminde yer tutmaya devam ediyor.<\/p>\n<p>Fresklerden birindeki y\u00fcz\u00fcn, Ba\u015fbakan Meloni&#8217;ye olan a\u015f\u0131r\u0131 benzerli\u011fi haberlere konu olduktan sonra tart\u0131\u015fmalara yol a\u00e7arken, bu freski g\u00f6rmek isteyen pek \u00e7ok ki\u015finin de kiliseyi ziyaret etmesine neden oldu.<\/p>\n<p><strong>MELON\u0130&#8217;YE BENZEYEN FREKS KALDIRILDI<\/strong><\/p>\n<p>\u0130talyan bas\u0131n\u0131na bir a\u00e7\u0131klama yapan bazilikadan sorumlu Piskopos Daniele Micheletti, restorasyondan ge\u00e7en freskteki Ba\u015fbakan Meloni\u2019yi and\u0131ran y\u00fcz ifadesinin kald\u0131r\u0131ld\u0131\u011f\u0131n\u0131 bildirdi.<\/p>\n<p><img decoding=\"async\" src=\"https:\/\/bihavadis.com\/wp-content\/uploads\/2026\/02\/italyada-tartisma-yaratan-melek-figurlu-fresk-kaldirildi-0-zt4b73ll.jpg\"\/><\/p>\n<p><strong>&#8220;DUA YA DA AY\u0130NE DE\u011e\u0130L, SADECE O FRESK\u0130 G\u00d6RMEK \u0130\u00c7\u0130N GEL\u0130YORLARDI&#8221;<\/strong><\/p>\n<p>Micheletti, s\u00f6z konusu freskin haberlere \u00e7\u0131kmas\u0131n\u0131n ard\u0131ndan insanlar\u0131n bazilikaya dua etmek ya da ayin i\u00e7in de\u011fil sadece o freski g\u00f6rmeye veya foto\u011fraf \u00e7ekmeye ba\u015flad\u0131\u011f\u0131n\u0131 belirtti.<\/p>\n<p><img decoding=\"async\" src=\"https:\/\/bihavadis.com\/wp-content\/uploads\/2026\/02\/italyada-tartisma-yaratan-melek-figurlu-fresk-kaldirildi-1-l5m7HMLu.jpg\"\/><\/p>\n<p><strong>&#8220;OR\u0130J\u0130NAL HAL\u0130 KES\u0130NL\u0130KLE B\u00d6YLE DE\u011e\u0130L&#8221;<\/strong><\/p>\n<p>Bu arada, tart\u0131\u015fmalar\u0131n oda\u011f\u0131ndaki isim restorasyon sorumlusu Bruno Valentinetti ise s\u00f6z konusu freskte orijinal esere sad\u0131k kald\u0131\u011f\u0131n\u0131 ve yeniden canland\u0131rd\u0131\u011f\u0131n\u0131 s\u00f6ylese de bazilikan\u0131n ileti\u015fim sorumlusu Rahip Giulio Albanese, freskin eski orijinal halinin kesinlikle b\u00f6yle olmad\u0131\u011f\u0131n\u0131 s\u00f6yledi.<\/p>\n<p>Di\u011fer yandan, s\u00f6z konusu freskin restorasyondan \u00f6nceki haline ili\u015fkin g\u00f6rseller de \u0130talyan bas\u0131n\u0131nda \u00e7\u0131karken, kamuoyunda freskin restorasyondan \u00f6nceki haliyle sonras\u0131ndaki aras\u0131nda fark oldu\u011fu kabul edildi.<\/p>\n<p><img decoding=\"async\" src=\"https:\/\/bihavadis.com\/wp-content\/uploads\/2026\/02\/italyada-tartisma-yaratan-melek-figurlu-fresk-kaldirildi-2-RVZTQ2fF.jpg\"\/><\/p>\n<p><strong>\u0130NCELEME BA\u015eLATILMI\u015eTI<\/strong><\/p>\n<p>Freskteki melek fig\u00fcr\u00fcn\u00fcn Meloni&#8217;ye benzemesi sebebiyle \u0130talya K\u00fclt\u00fcr Bakanl\u0131\u011f\u0131 ve bazilika y\u00f6netimi restorasyon \u00e7al\u0131\u015fmas\u0131yla ilgili inceleme ba\u015flatm\u0131\u015ft\u0131.<\/p>\n<p><img decoding=\"async\" src=\"https:\/\/bihavadis.com\/wp-content\/uploads\/2026\/02\/italyada-tartisma-yaratan-melek-figurlu-fresk-kaldirildi-3-b7IQaRLA.jpg\"\/><\/p>\n<p><strong>MELON\u0130: HAYIR KES\u0130NL\u0130KLE B\u0130R MELE\u011eE BENZEM\u0130YORUM<\/strong><\/p>\n<p>Ba\u015fbakan Meloni ise kilisedeki freskteki melek fig\u00fcr\u00fcn\u00fcn kendisine benzemesine ili\u015fkin sosyal medya hesab\u0131ndan, freskin foto\u011fraf\u0131n\u0131,<em><b> &#8220;Hay\u0131r, kesinlikle bir mele\u011fe benzemiyorum.&#8221;<\/b><\/em> ifadesini ironi yaparak payla\u015ft\u0131.<\/p>\n<p><img decoding=\"async\" src=\"https:\/\/bihavadis.com\/wp-content\/uploads\/2026\/02\/italyada-tartisma-yaratan-melek-figurlu-fresk-kaldirildi-4-lbr6FeLj.jpg\"\/><\/p>\n<p><img decoding=\"async\" src=\"https:\/\/bihavadis.com\/wp-content\/uploads\/2026\/02\/italyada-tartisma-yaratan-melek-figurlu-fresk-kaldirildi-5-uNSASESc.jpg\"\/><\/p>\n","protected":false},"excerpt":{"rendered":"<p>Roma&#8217;daki tarihi &#8220;San Lorenzo in Lucina Bazilikas\u0131&#8221;ndaki restorasyon \u00e7al\u0131\u015fmalar\u0131n\u0131n ard\u0131ndan \u0130talya Ba\u015fbakan\u0131 Giorgia Meloni&#8217;ye benzetilen melek fig\u00fcrl\u00fc fresk kald\u0131r\u0131ld\u0131.<\/p>\n","protected":false},"author":1,"featured_media":21076,"comment_status":"open","ping_status":"open","sticky":false,"template":"","format":"standard","meta":{"footnotes":""},"categories":[6],"tags":[3816,3814,2485,3815,2550],"class_list":["post-21075","post","type-post","status-publish","format-standard","has-post-thumbnail","hentry","category-dunya","tag-bazilika","tag-fresk","tag-italya","tag-meloni","tag-restorasyon"],"_links":{"self":[{"href":"https:\/\/bihavadis.com\/index.php\/wp-json\/wp\/v2\/posts\/21075","targetHints":{"allow":["GET"]}}],"collection":[{"href":"https:\/\/bihavadis.com\/index.php\/wp-json\/wp\/v2\/posts"}],"about":[{"href":"https:\/\/bihavadis.com\/index.php\/wp-json\/wp\/v2\/types\/post"}],"author":[{"embeddable":true,"href":"https:\/\/bihavadis.com\/index.php\/wp-json\/wp\/v2\/users\/1"}],"replies":[{"embeddable":true,"href":"https:\/\/bihavadis.com\/index.php\/wp-json\/wp\/v2\/comments?post=21075"}],"version-history":[{"count":1,"href":"https:\/\/bihavadis.com\/index.php\/wp-json\/wp\/v2\/posts\/21075\/revisions"}],"predecessor-version":[{"id":21083,"href":"https:\/\/bihavadis.com\/index.php\/wp-json\/wp\/v2\/posts\/21075\/revisions\/21083"}],"wp:featuredmedia":[{"embeddable":true,"href":"https:\/\/bihavadis.com\/index.php\/wp-json\/wp\/v2\/media\/21076"}],"wp:attachment":[{"href":"https:\/\/bihavadis.com\/index.php\/wp-json\/wp\/v2\/media?parent=21075"}],"wp:term":[{"taxonomy":"category","embeddable":true,"href":"https:\/\/bihavadis.com\/index.php\/wp-json\/wp\/v2\/categories?post=21075"},{"taxonomy":"post_tag","embeddable":true,"href":"https:\/\/bihavadis.com\/index.php\/wp-json\/wp\/v2\/tags?post=21075"}],"curies":[{"name":"wp","href":"https:\/\/api.w.org\/{rel}","templated":true}]}}