{"id":21132,"date":"2026-02-08T01:03:09","date_gmt":"2026-02-08T01:03:09","guid":{"rendered":"https:\/\/bihavadis.com\/?p=21132"},"modified":"2026-02-08T01:03:09","modified_gmt":"2026-02-08T01:03:09","slug":"chpnin-hatay-programinda-konusan-kisi-begenmedigimiz-evlerde-oturmak-zorunda-kalacagiz","status":"publish","type":"post","link":"https:\/\/bihavadis.com\/index.php\/2026\/02\/08\/chpnin-hatay-programinda-konusan-kisi-begenmedigimiz-evlerde-oturmak-zorunda-kalacagiz\/","title":{"rendered":"CHP&#8217;nin Hatay program\u0131nda konu\u015fan ki\u015fi: Be\u011fenmedi\u011fimiz evlerde oturmak zorunda kalaca\u011f\u0131z"},"content":{"rendered":"<p>CHP Genel Ba\u015fkan\u0131 \u00d6zg\u00fcr \u00d6zel, Hatay&#8217;\u0131n Defne Belediyesini ziyaret etti<\/p>\n<p>Burada a\u00e7\u0131klamalarda bulunan \u00d6zg\u00fcr \u00d6zel, d\u00fczenlenen programda 6 \u015eubat 2023 ya\u015fanan Kahramanmara\u015f merkezli depremler sonras\u0131 Cumhurba\u015fkan\u0131 Recep Tayyip Erdo\u011fan \u00f6nderli\u011finde ba\u015flat\u0131lan asr\u0131n seferberli\u011fini hedef ald\u0131.\u00a0<\/p>\n<p>\u00d6zel konu\u015fmas\u0131nda bir kez daha deprem konutlar\u0131n\u0131n zaman\u0131nda teslim edilemedi\u011fini \u00f6ne s\u00fcrerken programa k\u00fcrs\u00fcye \u00e7\u0131k\u0131p\u00a0s\u00f6z alan bir ki\u015finin kulland\u0131\u011f\u0131 ifadeler damga vurdu.\u00a0<\/p>\n<p><strong>&#8220;BE\u011eENMED\u0130\u011e\u0130M\u0130Z EVLERDE OTURMAK ZORUNDA KALACA\u011eIZ&#8221;<\/strong><\/p>\n<p>Konu\u015fmac\u0131, depremzedeler i\u00e7in in\u015fa edilen konutlar\u0131 istemediklerini a\u00e7\u0131k\u00e7a dile getirerek, <em><b>&#8220;\u0130stemedi\u011fimiz, be\u011fenmedi\u011fimiz evlerde oturmak zorunda kalaca\u011f\u0131z. <\/b><\/em><\/p>\n<p><em><b>Bir de bunlara para \u00f6deyece\u011fiz&#8221;<\/b><\/em> ifadelerini kulland\u0131.<\/p>\n<p><img decoding=\"async\" src=\"https:\/\/bihavadis.com\/wp-content\/uploads\/2026\/02\/chpnin-hatay-programinda-konusan-kisi-begenmedigimiz-evlerde-oturmak-zorunda-kalacagiz-0-Hb6VZjwJ.jpg\"\/><\/p>\n<p><strong>&#8220;B\u0130Z MUSTAFA KEMAL ATAT\u00dcRK&#8217;\u00dcN \u00c7OCUKLARIYIZ&#8221;<\/strong><\/p>\n<p>Konu\u015fmas\u0131n\u0131n devam\u0131nda ileri g\u00f6r\u00fc\u015fl\u00fc oldu\u011funu savunan \u015fah\u0131s <b><em>&#8220;Bir \u00f6nceki toplant\u0131da Say\u0131n Bakan\u2019a, sekt\u00f6r\u00fcn yapt\u0131\u011f\u0131 hat\u0131rlatmalar\u0131 dile getirmi\u015ftim. O g\u00fcn \u015funu s\u00f6ylemi\u015ftim: Sadece bug\u00fcn\u00fc de\u011fil, yar\u0131n\u0131 da konu\u015fal\u0131m. \u00c7\u00fcnk\u00fc olanlar var, bir de olacak olanlar var. L\u00fctfen \u00f6ng\u00f6r\u00fcl\u00fc olal\u0131m demi\u015ftim.<\/em><\/b><\/p>\n<p><em><b>Biz Mustafa Kemal Atat\u00fcrk\u2019\u00fcn \u00e7ocuklar\u0131y\u0131z. Bu parti, bu \u00fclke; onun \u00f6ng\u00f6r\u00fcleriyle hem sava\u015f meydanlar\u0131nda hem de siyaset meydanlar\u0131nda yol ald\u0131. O y\u00fczden biz de \u00f6ng\u00f6r\u00fcl\u00fc olmak zorunday\u0131z. Bak\u0131n, ger\u00e7ekten mesele tam olarak budur&#8221;<\/b><\/em> dedi.\u00a0<\/p>\n<p><img decoding=\"async\" src=\"https:\/\/bihavadis.com\/wp-content\/uploads\/2026\/02\/chpnin-hatay-programinda-konusan-kisi-begenmedigimiz-evlerde-oturmak-zorunda-kalacagiz-1-kb1y6t8e.jpg\"\/><\/p>\n<p><strong>SOSYAL MEDYADA G\u00dcNDEM OLDU<\/strong><\/p>\n<p>\u015eahs\u0131n kulland\u0131\u011f\u0131 ifadeler k\u0131sa s\u00fcrede sosyal medyada yay\u0131l\u0131rken bir\u00e7ok kullan\u0131c\u0131n\u0131n tepkisini \u00e7ekti.\u00a0<\/p>\n<p>Deprem sonras\u0131 binlerce konutun h\u0131zla tamamlanarak vatanda\u015flara teslim edildi\u011fi Hatay\u2019da, yap\u0131lan bu a\u00e7\u0131klamalar eme\u011fi yok sayan bir yakla\u015f\u0131m olarak yorumland\u0131.<\/p>\n<p><img decoding=\"async\" src=\"https:\/\/bihavadis.com\/wp-content\/uploads\/2026\/02\/chpnin-hatay-programinda-konusan-kisi-begenmedigimiz-evlerde-oturmak-zorunda-kalacagiz-2-3v9R8GRe.jpg\"\/><\/p>\n<p><strong>ASRIN \u0130N\u015eA SEFERBERL\u0130\u011e\u0130 TAMAMLANDI<\/strong><\/p>\n<p>\u00c7evre, \u015eehircilik ve \u0130klim De\u011fi\u015fikli\u011fi Bakanl\u0131\u011f\u0131 koordinesinde y\u00fcr\u00fct\u00fclen asr\u0131n in\u015fa seferberli\u011fi resmen tamamland\u0131.<\/p>\n<p>Hatay&#8217;da 27 Aral\u0131k 2025 tarihinde Cumhurba\u015fkan\u0131 Recep Tayyip Erdo\u011fan&#8217;\u0131n kat\u0131l\u0131m\u0131yla ger\u00e7ekle\u015ftirilen son t\u00f6rende tamamlanan ev ve i\u015f yeri say\u0131s\u0131 455 bin 357&#8217;ye ula\u015ft\u0131.<\/p>\n<p>Cumhurba\u015fkan\u0131 Erdo\u011fan&#8217;\u0131n talimat\u0131 ve\u00a0\u00c7evre, \u015eehircilik ve \u0130klim De\u011fi\u015fikli\u011fi Bakan\u0131 Murat Kurum&#8217;un ba\u015far\u0131l\u0131 \u00e7al\u0131\u015fmalar\u0131 ile vatanda\u015flar, g\u00fcvenli konutlar\u0131na \u00e7ok k\u0131sa bir s\u00fcre i\u00e7erisinde ge\u00e7ti.\u00a0<\/p>\n<p><img decoding=\"async\" src=\"https:\/\/bihavadis.com\/wp-content\/uploads\/2026\/02\/chpnin-hatay-programinda-konusan-kisi-begenmedigimiz-evlerde-oturmak-zorunda-kalacagiz-3-jZARhVMz.jpg\"\/><\/p>\n","protected":false},"excerpt":{"rendered":"<p>CHP Genel Ba\u015fkan\u0131 \u00d6zg\u00fcr \u00d6zel\u2019in Hatay program\u0131nda k\u00fcrs\u00fcye \u00e7\u0131k\u0131p s\u00f6z alan bir ki\u015fi, deprem sonras\u0131 ba\u015flat\u0131lan asr\u0131n seferberli\u011fini hedef alarak, &#8220;Be\u011fenmedi\u011fimiz evlerde oturmak zorunda kal\u0131p para \u00f6deyece\u011fiz&#8221; derken \u015fahs\u0131n s\u00f6zleri sosyal medyada tepki toplad\u0131.<\/p>\n","protected":false},"author":1,"featured_media":21133,"comment_status":"open","ping_status":"open","sticky":false,"template":"","format":"standard","meta":{"footnotes":""},"categories":[9,13],"tags":[],"class_list":["post-21132","post","type-post","status-publish","format-standard","has-post-thumbnail","hentry","category-genel","category-son-dakika"],"_links":{"self":[{"href":"https:\/\/bihavadis.com\/index.php\/wp-json\/wp\/v2\/posts\/21132","targetHints":{"allow":["GET"]}}],"collection":[{"href":"https:\/\/bihavadis.com\/index.php\/wp-json\/wp\/v2\/posts"}],"about":[{"href":"https:\/\/bihavadis.com\/index.php\/wp-json\/wp\/v2\/types\/post"}],"author":[{"embeddable":true,"href":"https:\/\/bihavadis.com\/index.php\/wp-json\/wp\/v2\/users\/1"}],"replies":[{"embeddable":true,"href":"https:\/\/bihavadis.com\/index.php\/wp-json\/wp\/v2\/comments?post=21132"}],"version-history":[{"count":1,"href":"https:\/\/bihavadis.com\/index.php\/wp-json\/wp\/v2\/posts\/21132\/revisions"}],"predecessor-version":[{"id":21138,"href":"https:\/\/bihavadis.com\/index.php\/wp-json\/wp\/v2\/posts\/21132\/revisions\/21138"}],"wp:featuredmedia":[{"embeddable":true,"href":"https:\/\/bihavadis.com\/index.php\/wp-json\/wp\/v2\/media\/21133"}],"wp:attachment":[{"href":"https:\/\/bihavadis.com\/index.php\/wp-json\/wp\/v2\/media?parent=21132"}],"wp:term":[{"taxonomy":"category","embeddable":true,"href":"https:\/\/bihavadis.com\/index.php\/wp-json\/wp\/v2\/categories?post=21132"},{"taxonomy":"post_tag","embeddable":true,"href":"https:\/\/bihavadis.com\/index.php\/wp-json\/wp\/v2\/tags?post=21132"}],"curies":[{"name":"wp","href":"https:\/\/api.w.org\/{rel}","templated":true}]}}