{"id":21146,"date":"2026-02-08T01:15:38","date_gmt":"2026-02-08T01:15:38","guid":{"rendered":"https:\/\/bihavadis.com\/?p=21146"},"modified":"2026-02-08T01:15:38","modified_gmt":"2026-02-08T01:15:38","slug":"incirliovada-saganak-yagis-hayati-olumsuz-etkiledi-2","status":"publish","type":"post","link":"https:\/\/bihavadis.com\/index.php\/2026\/02\/08\/incirliovada-saganak-yagis-hayati-olumsuz-etkiledi-2\/","title":{"rendered":"\u0130ncirliova&#8217;da Sa\u011fanak Ya\u011f\u0131\u015f Hayat\u0131 Olumsuz Etkiledi"},"content":{"rendered":"<p>\n<p>AYDIN&#8217;\u0131n \u0130ncirliova il\u00e7esinde sa\u011fanak etkili oldu. \u0130l\u00e7ede yollar g\u00f6le d\u00f6nerken, s\u00fcr\u00fcc\u00fcler trafikte zor anlar ya\u015fad\u0131. <\/p>\n<p>Meteoroloji 2. B\u00f6lge M\u00fcd\u00fcrl\u00fc\u011f\u00fc B\u00f6lge Hava Tahmin ve Erken Uyar\u0131 Merkezi, d\u00fcn Ayd\u0131n genelinde g\u00f6k g\u00fcr\u00fclt\u00fcl\u00fc sa\u011fanak ya\u011f\u0131\u015f beklendi\u011fini duyurdu. \u00d6zellikle merkez il\u00e7e Efeler ile bat\u0131 kesimleri i\u00e7in &#8216;sar\u0131 kod&#8217; uyar\u0131s\u0131 verildi. Ani sel, su bask\u0131n\u0131 ve ula\u015f\u0131mda aksamalara kar\u015f\u0131 vatanda\u015flar\u0131n dikkatli ve tedbirli olunmas\u0131 istendi. Sabaha kar\u015f\u0131 etkisini art\u0131ran ya\u011f\u0131\u015f, \u0130ncirliova il\u00e7esinde hayat\u0131 olumsuz etkiledi. \u0130l\u00e7e genelinde bir\u00e7ok cadde ve sokak ya\u011fmur suyu ile dolarken, baz\u0131 ara\u00e7lar su i\u00e7erisinde kald\u0131. Ya\u015fanan su bask\u0131nlar\u0131 nedeniyle s\u00fcr\u00fcc\u00fcler, zor anlar ya\u015fad\u0131. <\/p>\n","protected":false},"excerpt":{"rendered":"<p>Ayd\u0131n&#8217;\u0131n \u0130ncirliova il\u00e7esinde sa\u011fanak ya\u011f\u0131\u015f yollar\u0131 g\u00f6le d\u00f6nd\u00fcrd\u00fc, s\u00fcr\u00fcc\u00fcler zor anlar ya\u015fad\u0131.<\/p>\n","protected":false},"author":1,"featured_media":21147,"comment_status":"open","ping_status":"open","sticky":false,"template":"","format":"standard","meta":{"footnotes":""},"categories":[9,4,13],"tags":[],"class_list":["post-21146","post","type-post","status-publish","format-standard","has-post-thumbnail","hentry","category-genel","category-gundem","category-son-dakika"],"_links":{"self":[{"href":"https:\/\/bihavadis.com\/index.php\/wp-json\/wp\/v2\/posts\/21146","targetHints":{"allow":["GET"]}}],"collection":[{"href":"https:\/\/bihavadis.com\/index.php\/wp-json\/wp\/v2\/posts"}],"about":[{"href":"https:\/\/bihavadis.com\/index.php\/wp-json\/wp\/v2\/types\/post"}],"author":[{"embeddable":true,"href":"https:\/\/bihavadis.com\/index.php\/wp-json\/wp\/v2\/users\/1"}],"replies":[{"embeddable":true,"href":"https:\/\/bihavadis.com\/index.php\/wp-json\/wp\/v2\/comments?post=21146"}],"version-history":[{"count":1,"href":"https:\/\/bihavadis.com\/index.php\/wp-json\/wp\/v2\/posts\/21146\/revisions"}],"predecessor-version":[{"id":21148,"href":"https:\/\/bihavadis.com\/index.php\/wp-json\/wp\/v2\/posts\/21146\/revisions\/21148"}],"wp:featuredmedia":[{"embeddable":true,"href":"https:\/\/bihavadis.com\/index.php\/wp-json\/wp\/v2\/media\/21147"}],"wp:attachment":[{"href":"https:\/\/bihavadis.com\/index.php\/wp-json\/wp\/v2\/media?parent=21146"}],"wp:term":[{"taxonomy":"category","embeddable":true,"href":"https:\/\/bihavadis.com\/index.php\/wp-json\/wp\/v2\/categories?post=21146"},{"taxonomy":"post_tag","embeddable":true,"href":"https:\/\/bihavadis.com\/index.php\/wp-json\/wp\/v2\/tags?post=21146"}],"curies":[{"name":"wp","href":"https:\/\/api.w.org\/{rel}","templated":true}]}}