{"id":21217,"date":"2026-02-08T02:09:07","date_gmt":"2026-02-08T02:09:07","guid":{"rendered":"https:\/\/bihavadis.com\/?p=21217"},"modified":"2026-02-08T02:09:07","modified_gmt":"2026-02-08T02:09:07","slug":"mauro-icardiden-gelecegi-hakkinda-aciklama","status":"publish","type":"post","link":"https:\/\/bihavadis.com\/index.php\/2026\/02\/08\/mauro-icardiden-gelecegi-hakkinda-aciklama\/","title":{"rendered":"Mauro Icardi&#8217;den gelece\u011fi hakk\u0131nda a\u00e7\u0131klama"},"content":{"rendered":"<p>T\u00fcrkiye Kupas\u0131 A Grubu 3. haftas\u0131nda Galatasaray evinde 1. Lig ekiplerinden \u0130stanbulspor ile kar\u015f\u0131la\u015ft\u0131 ve rakibini 3-1 ma\u011flup etti.<\/p>\n<p>Sar\u0131-k\u0131rm\u0131zl\u0131lar\u0131n ilk gol\u00fcn\u00fc Arjantinli futbolcu Mauro Icardi kaydetti.<\/p>\n<p>M\u00fcsabakan\u0131n 5. dakikas\u0131nda Ahmed Kutucu\u2019nun sol taraftan ceza sahas\u0131 i\u00e7ine girip i\u00e7eriye \u00e7evirdi\u011fi topta Icardi geli\u015fine vuru\u015fla me\u015fin yuvarla\u011f\u0131 a\u011flara g\u00f6nderdi ve skor 1-0 oldu.<\/p>\n<p><strong>GALATASARAY&#8217;IN EN GOLC\u00dc YABANCU FUTBOLCUSU OLDU<\/strong><\/p>\n<p>Mauro Icardi, \u0130stanbulspor a\u011flar\u0131na att\u0131\u011f\u0131 bu golle Galatasaray tarihine ge\u00e7ti.<\/p>\n<p>Sar\u0131-k\u0131rm\u0131z\u0131l\u0131larda 73. gol\u00fcn\u00fc kaydeden Icardi, 72 gol\u00fc bulunan efsane futbolcu Gheorghe Hagi&#8217;yi ge\u00e7erek, kul\u00fcp tarihinin en golc\u00fc yabanc\u0131 futbolcu \u00fcnvan\u0131n\u0131n sahibi oldu.<\/p>\n<p>32 ya\u015f\u0131ndaki futbolcu, S\u00fcper Lig\u2019de 61, UEFA \u015eampiyonlar Ligi ve elemelerde 5, UEFA Avrupa Ligi\u2019nde 3, TFF S\u00fcper Kupa ve T\u00fcrkiye Kupas\u0131 da 2\u2019\u015fer gol sevinci ya\u015fad\u0131.<\/p>\n<p><strong>&#8220;\u00c7OK MUTLUYUM&#8221;<\/strong><\/p>\n<p>Ma\u00e7\u0131n ard\u0131ndan kar\u015f\u0131la\u015fmada att\u0131\u011f\u0131 gol ile Galatasaray tarihinin en golc\u00fc yabanc\u0131s\u0131 olan Mauro Icardi a\u00e7\u0131klamalarda bulundu.<\/p>\n<p><em><b>&#8220;Galatasaray&#8217;\u0131n en \u00e7ok gol atan yabanc\u0131 futbolcusu olmas\u0131 ona neler hissettirdi?&#8221;<\/b><\/em> sorusunu Icardi \u015f\u00f6yle yan\u0131tlad\u0131:<\/p>\n<p>\u00c7ok mutluyum. B\u00fcy\u00fck bir rekor benim i\u00e7in. \u0130\u015fim gol atmak ve tak\u0131m i\u00e7in en iyisini yapmak. Gollerimle birlikte kupalar kazanarak tak\u0131ma yard\u0131m etmeye \u00e7al\u0131\u015ft\u0131m. Burada oldu\u011fum s\u00fcrece \u00e7ok daha fazlas\u0131n\u0131 yapmak isterim.<\/p>\n<p><img decoding=\"async\" src=\"https:\/\/bihavadis.com\/wp-content\/uploads\/2026\/02\/mauro-icardiden-gelecegi-hakkinda-aciklama-0-WWerun3r.jpg\"\/><\/p>\n<p><strong>&#8220;T\u00dcRK\u0130YE&#8217;N\u0130N EN B\u00dcY\u00dcK VE EN \u0130Y\u0130 TAKIMIYIZ&#8221;<\/strong><\/p>\n<p><em><b>&#8220;Galatasaray 3 kulvarda devam ediyor. Hedefler i\u00e7in ne s\u00f6yler?&#8221;<\/b><\/em> sorusuna Icardi, \u015fu cevab\u0131 verdi:<\/p>\n<p>T\u00fcrkiye&#8217;nin en b\u00fcy\u00fck ve en iyi tak\u0131m\u0131y\u0131z. Her ma\u00e7\u0131 kazanmak istiyoruz. 3 kulvarda da \u00e7al\u0131\u015fmaya devam edece\u011fiz. \u0130lerlemeyi hedefliyoruz. Juventus&#8217;a kar\u015f\u0131 b\u00fcy\u00fck bir kar\u015f\u0131la\u015fma var. Avrupa&#8217;n\u0131n en iyilerine kar\u015f\u0131 oynamak i\u00e7in \u015eampiyonlar Ligi&#8217;ndeyiz. En b\u00fcy\u00fcklerle oynad\u0131\u011f\u0131n\u0131z her zaman motive oluyorsunuz.<\/p>\n<p><img decoding=\"async\" src=\"https:\/\/bihavadis.com\/wp-content\/uploads\/2026\/02\/mauro-icardiden-gelecegi-hakkinda-aciklama-1-xHZUXakY.jpg\"\/><\/p>\n<p><strong>&#8220;HAZ\u0130RAN&#8217;A KADAR S\u00d6ZLE\u015eMEM VAR&#8221;<\/strong><\/p>\n<p>Galatasaray&#8217;daki gelece\u011fi sorulan Icardi, \u015f\u00f6yle konu\u015ftu:<\/p>\n<p>G\u00f6rece\u011fiz. \u015eimdi \u00f6nemli de\u011fil bunlar. Haziran&#8217;a kadar s\u00f6zle\u015fmem var. \u00c7ok fazla spek\u00fclasyon var. Net olan, 6 ay boyunca en iyisini yapmaya \u00e7al\u0131\u015faca\u011f\u0131m. Galatasaray i\u00e7in benim i\u00e7in en iyisi neyse o olacak. Daha sonra konu\u015faca\u011f\u0131z.<\/p>\n<p><img decoding=\"async\" src=\"https:\/\/bihavadis.com\/wp-content\/uploads\/2026\/02\/mauro-icardiden-gelecegi-hakkinda-aciklama-2-4sJehOjA.jpg\"\/><\/p>\n<p><strong>&#8220;GE\u00c7M\u0130\u015e OLSUN D\u0130LEKLER\u0130M\u0130 \u0130LET\u0130YORUM&#8221;<\/strong><\/p>\n<p>Icardi, son olarak \u015funlar\u0131 dedi:<\/p>\n<p>Ahmed ve rakip kaleci i\u00e7in de ge\u00e7mi\u015f olsun dileklerimi iletiyorum. Gol\u00fcmde Ahmed&#8217;in de pay\u0131 vard\u0131. Ayr\u0131ca ona te\u015fekk\u00fcr ederim.<\/p>\n","protected":false},"excerpt":{"rendered":"<p>Galatasaray&#8217;\u0131n y\u0131ld\u0131z\u0131 Mauro Icardi, &#8220;Haziran&#8217;a kadar s\u00f6zle\u015fmem var. \u00c7ok fazla spek\u00fclasyon var. Net olan, 6 ay boyunca en iyisini yapmaya \u00e7al\u0131\u015faca\u011f\u0131m&#8221; dedi.<\/p>\n","protected":false},"author":1,"featured_media":21218,"comment_status":"open","ping_status":"open","sticky":false,"template":"","format":"standard","meta":{"footnotes":""},"categories":[14],"tags":[3020,3143,496,269,2912],"class_list":["post-21217","post","type-post","status-publish","format-standard","has-post-thumbnail","hentry","category-spor","tag-en-iyi","tag-futbolcu","tag-galatasaray","tag-gol","tag-icardi"],"_links":{"self":[{"href":"https:\/\/bihavadis.com\/index.php\/wp-json\/wp\/v2\/posts\/21217","targetHints":{"allow":["GET"]}}],"collection":[{"href":"https:\/\/bihavadis.com\/index.php\/wp-json\/wp\/v2\/posts"}],"about":[{"href":"https:\/\/bihavadis.com\/index.php\/wp-json\/wp\/v2\/types\/post"}],"author":[{"embeddable":true,"href":"https:\/\/bihavadis.com\/index.php\/wp-json\/wp\/v2\/users\/1"}],"replies":[{"embeddable":true,"href":"https:\/\/bihavadis.com\/index.php\/wp-json\/wp\/v2\/comments?post=21217"}],"version-history":[{"count":1,"href":"https:\/\/bihavadis.com\/index.php\/wp-json\/wp\/v2\/posts\/21217\/revisions"}],"predecessor-version":[{"id":21222,"href":"https:\/\/bihavadis.com\/index.php\/wp-json\/wp\/v2\/posts\/21217\/revisions\/21222"}],"wp:featuredmedia":[{"embeddable":true,"href":"https:\/\/bihavadis.com\/index.php\/wp-json\/wp\/v2\/media\/21218"}],"wp:attachment":[{"href":"https:\/\/bihavadis.com\/index.php\/wp-json\/wp\/v2\/media?parent=21217"}],"wp:term":[{"taxonomy":"category","embeddable":true,"href":"https:\/\/bihavadis.com\/index.php\/wp-json\/wp\/v2\/categories?post=21217"},{"taxonomy":"post_tag","embeddable":true,"href":"https:\/\/bihavadis.com\/index.php\/wp-json\/wp\/v2\/tags?post=21217"}],"curies":[{"name":"wp","href":"https:\/\/api.w.org\/{rel}","templated":true}]}}