{"id":21262,"date":"2026-02-08T02:45:08","date_gmt":"2026-02-08T02:45:08","guid":{"rendered":"https:\/\/bihavadis.com\/?p=21262"},"modified":"2026-02-08T02:45:08","modified_gmt":"2026-02-08T02:45:08","slug":"okan-buruktan-mac-sonu-transfer-sozleri","status":"publish","type":"post","link":"https:\/\/bihavadis.com\/index.php\/2026\/02\/08\/okan-buruktan-mac-sonu-transfer-sozleri\/","title":{"rendered":"Okan Buruk&#8217;tan ma\u00e7 sonu transfer s\u00f6zleri"},"content":{"rendered":"<p>Galatasaray, T\u00fcrkiye Kupas\u0131 A Grubu \u00fc\u00e7\u00fcnc\u00fc haftas\u0131nda konuk etti\u011fi \u0130stanbulspor&#8217;u 3-1 ma\u011flup etti.<\/p>\n<p>Bu sonucun ard\u0131ndan Galatasaray, puan\u0131n\u0131 9 yapt\u0131. \u0130stanbulspor ise 1 puanda kald\u0131.<\/p>\n<p>Galatasaray Teknik Direkt\u00f6r\u00fc Okan Buruk, ma\u00e7\u0131n ard\u0131ndan \u00f6nemli a\u00e7\u0131klamalarda bulundu.<\/p>\n<p><strong>&#8220;TEK \u00dcZ\u00dcLD\u00dc\u011e\u00dcM\u00dcZ O&#8221;<\/strong><\/p>\n<p>Buruk, s\u00f6zlerine \u015f\u00f6yle ba\u015flad\u0131:<\/p>\n<p>Ma\u00e7tan \u00f6nce de s\u00f6yledim. Bu ma\u00e7lar, ma\u00e7 eksi\u011fi olan oyuncular i\u00e7in \u00f6nemli. Bug\u00fcn bunu tamamlad\u0131k. Yeni transferimiz 90 dakika oynad\u0131. 3 gen\u00e7 oyuncumuz oynad\u0131. Tek \u00fcz\u00fcld\u00fc\u011f\u00fcm\u00fcz, rakip kaleci ile Ahmed&#8217;in \u00e7arp\u0131\u015fmas\u0131 oldu.<\/p>\n<p><img decoding=\"async\" src=\"https:\/\/bihavadis.com\/wp-content\/uploads\/2026\/02\/okan-buruktan-mac-sonu-transfer-sozleri-0-akWZrfdr.jpg\"\/><\/p>\n<p><strong>&#8220;\u0130K\u0130 G\u00dcZEL MA\u00c7 OLACAK&#8221;<\/strong><\/p>\n<p>T\u00fcrkiye Kupas\u0131 ma\u00e7lar\u0131 hakk\u0131nda Okan Buruk, \u015f\u00f6yle konu\u015ftu:<\/p>\n<p>\u0130lk yar\u0131da daha \u00e7ok \u00fcrettik. \u0130kinci yar\u0131da daha az \u00fcrettik. Kazanmak istiyorduk. 9 puan. Grupta birinci s\u0131raday\u0131z. Son ma\u00e7\u0131 Alanya ile oynayaca\u011f\u0131z. Biz o ma\u00e7\u0131 oynarken Trabzonspor ve Ba\u015fak\u015fehir oynayacak. \u0130ki tane g\u00fczel ma\u00e7 olacak.<\/p>\n<p><img decoding=\"async\" src=\"https:\/\/bihavadis.com\/wp-content\/uploads\/2026\/02\/okan-buruktan-mac-sonu-transfer-sozleri-1-H79mR4QE.jpg\"\/><\/p>\n<p><strong>TRANSFER YANITI<\/strong><\/p>\n<p>Transfer hakk\u0131nda konu\u015fan Buruk, \u015fu s\u00f6zleri sarf etti:<\/p>\n<p>Ma\u00e7 \u00f6ncesi de s\u00f6yledim. Ben art\u0131k tak\u0131ma odaklanmak zorunday\u0131m. Burada da s\u00f6yledim, ma\u00e7a odakland\u0131k dedim. Yar\u0131n Avrupa i\u00e7in liste verme zaman\u0131. Bug\u00fcn bir oyuncu geldi, daha \u00f6nce iki oyuncu geldi. \u015eu anda durum bu \u015fekilde. Arada 2 g\u00fcn var. Net olan, eksik olan b\u00f6lgeleri tamamlamakt\u0131. Bir \u00f6l\u00e7\u00fcde bunu tamamlad\u0131k. Yar\u0131n daha net bir \u015fekilde yeni gelen oyuncumuz da imzay\u0131 att\u0131ktan sonra&#8230; \u015eu andaki d\u00fc\u015f\u00fcncemiz bu \u015fekilde. Transfer \u00fczerinden konu\u015fuyoruz her \u015feyi. \u00d6nemli bir kadromuz var. Sakatl\u0131ktan d\u00f6nen oyuncular\u0131m\u0131z var. Singo, yakla\u015f\u0131k 70 g\u00fcnd\u00fcr oynam\u0131yordu. Bizim i\u00e7in bir transfer gibi oldu. \u00c7ok \u015f\u00fck\u00fcr kadromuz tamamland\u0131. 3 oyuncu ile birlikte kadro yar\u0131\u015f\u0131 yeniden ba\u015fl\u0131yor. Ben ve tak\u0131m buna odaklanmak istiyor. Aslolan sahadaki performans\u0131m\u0131z. \u00c7ok fazla transfer yapt\u0131\u011f\u0131n\u0131zda kimse size kupa vermiyor. \u00d6nemli olan tak\u0131ma odaklanmak, futbolumuzu geli\u015ftirmek. 3 kulvarda yar\u0131\u015facaksak oyuncular\u0131 haz\u0131r tutmak. Oyuncular\u0131mla birlikte tak\u0131m olmay\u0131 ve performans vermeyi umuyorum.<\/p>\n<p><img decoding=\"async\" src=\"https:\/\/bihavadis.com\/wp-content\/uploads\/2026\/02\/okan-buruktan-mac-sonu-transfer-sozleri-2-Vp6hqHf8.jpg\"\/><\/p>\n<p><strong>JUVE&#8217;YE KADRO YETER M\u0130?<\/strong><\/p>\n<p><em><b>&#8220;Juventus ma\u00e7\u0131 i\u00e7in kadro yeterli mi?&#8221;<\/b><\/em> sorusuna Buruk, \u015fu yan\u0131t\u0131 verdi:<\/p>\n<p>Biz kas\u0131m ay\u0131nda ekstrem bir \u015fey ya\u015fad\u0131k, eksilme ya\u015fad\u0131k. Kadro o zaman eksik g\u00f6z\u00fckt\u00fc. Galatasaray Spor Kul\u00fcb\u00fc&#8217;n\u00fcn harcad\u0131\u011f\u0131 bu sezon bonservisler, maa\u015flar&#8230; Hepsini \u00fcst \u00fcste koyunca, ge\u00e7en hafta da s\u00f6yledim. Osimhen&#8217;in bonservisi, maa\u015f\u0131 koydu\u011funuzda bir tak\u0131m kurma \u015fans\u0131n\u0131z var. Bunlar\u0131 g\u00f6z ard\u0131 etmemek gerekiyor. U\u011furcan ve Singo gibi&#8230; \u0130lkay&#8217;\u0131 kadroya katt\u0131k. Sane gibi \u00e7ok \u00f6nemli bir oyuncu kadroya katt\u0131k. Her tak\u0131m\u0131n bir b\u00fct\u00e7esi var. Sezon ba\u015f\u0131nda ona sad\u0131k kalman\u0131z gerekiyor. Delenler var, ceza alanlar var. Avrupa&#8217;da da bununla ilgili ceza alanlar var. Bundan \u00f6nce \u00e7ok ceza alan T\u00fcrk tak\u0131m\u0131 var. Transfer yap\u0131n \u00fczerinden gitmemek laz\u0131m. Bu konulara da hakim olmak gerekiyor.<\/p>\n<p><img decoding=\"async\" src=\"https:\/\/bihavadis.com\/wp-content\/uploads\/2026\/02\/okan-buruktan-mac-sonu-transfer-sozleri-3-qBiYTsjN.jpg\"\/><\/p>\n<p><strong>&#8220;\u00d6NEML\u0130 DESTEKLER ALDIK&#8221;<\/strong><\/p>\n<p>Okan Buruk, s\u00f6zlerine \u015f\u00f6yle devam etti:<\/p>\n<p>\u015eimdi \u00f6nemli destekler ald\u0131k. Asprilla&#8217;n\u0131n performans\u0131, Noa Lang&#8217;\u0131n ge\u00e7en haftaki performans\u0131na bak\u0131nca bize ger\u00e7ekten katk\u0131 sa\u011flayacak iki oyuncu geldi. Renato&#8217;nun da i\u015flemleri bitecek. Antremanlarda g\u00f6rece\u011fiz, gen\u00e7 ve dinamik bir oyuncu. Kadro dinami\u011fi i\u00e7in bunlar \u00e7ok \u00f6nemliydi. Bundan sonra sahaya odaklanaca\u011f\u0131z.<\/p>\n<p><img decoding=\"async\" src=\"https:\/\/bihavadis.com\/wp-content\/uploads\/2026\/02\/okan-buruktan-mac-sonu-transfer-sozleri-4-RN2EnreE.jpg\"\/><\/p>\n<p><strong>CAN ARMANDO G\u00dcNER<\/strong><\/p>\n<p>Can Armando G\u00fcner transferi hakk\u0131nda Buruk, \u015funlar\u0131 dedi:<\/p>\n<p>Transfer dosyas\u0131 a\u00e7t\u0131n\u0131z san\u0131r\u0131m. (G\u00fclerek) G\u00f6r\u00fc\u015fmeler s\u00fcr\u00fcyor. Sezon sonu anla\u015fma i\u00e7in kendisiyle anla\u015fma sa\u011fland\u0131. \u015eu andaki geli\u015fiyle ilgili g\u00f6r\u00fc\u015fmeler s\u00fcr\u00fcyor. Transferden \u00e7ok ben tak\u0131ma odakland\u0131m.<\/p>\n","protected":false},"excerpt":{"rendered":"<p>Galatasaray Teknik Direkt\u00f6r\u00fc Okan Buruk, &#8220;Her tak\u0131m\u0131n bir b\u00fct\u00e7esi var. Sezon ba\u015f\u0131nda ona sad\u0131k kalman\u0131z gerekiyor. Delenler var, ceza alanlar var. Avrupa&#8217;da da bununla ilgili ceza alanlar var. Bundan \u00f6nce \u00e7ok ceza alan T\u00fcrk tak\u0131m\u0131 var. Transfer yap\u0131n \u00fczerinden gitmemek laz\u0131m. Bu konulara da hakim olmak gerekiyor&#8221; dedi.<\/p>\n","protected":false},"author":1,"featured_media":21263,"comment_status":"open","ping_status":"open","sticky":false,"template":"","format":"standard","meta":{"footnotes":""},"categories":[14],"tags":[3827,364,1728,366,404],"class_list":["post-21262","post","type-post","status-publish","format-standard","has-post-thumbnail","hentry","category-spor","tag-kadro","tag-mac","tag-oyuncu","tag-takim","tag-transfer"],"_links":{"self":[{"href":"https:\/\/bihavadis.com\/index.php\/wp-json\/wp\/v2\/posts\/21262","targetHints":{"allow":["GET"]}}],"collection":[{"href":"https:\/\/bihavadis.com\/index.php\/wp-json\/wp\/v2\/posts"}],"about":[{"href":"https:\/\/bihavadis.com\/index.php\/wp-json\/wp\/v2\/types\/post"}],"author":[{"embeddable":true,"href":"https:\/\/bihavadis.com\/index.php\/wp-json\/wp\/v2\/users\/1"}],"replies":[{"embeddable":true,"href":"https:\/\/bihavadis.com\/index.php\/wp-json\/wp\/v2\/comments?post=21262"}],"version-history":[{"count":1,"href":"https:\/\/bihavadis.com\/index.php\/wp-json\/wp\/v2\/posts\/21262\/revisions"}],"predecessor-version":[{"id":21269,"href":"https:\/\/bihavadis.com\/index.php\/wp-json\/wp\/v2\/posts\/21262\/revisions\/21269"}],"wp:featuredmedia":[{"embeddable":true,"href":"https:\/\/bihavadis.com\/index.php\/wp-json\/wp\/v2\/media\/21263"}],"wp:attachment":[{"href":"https:\/\/bihavadis.com\/index.php\/wp-json\/wp\/v2\/media?parent=21262"}],"wp:term":[{"taxonomy":"category","embeddable":true,"href":"https:\/\/bihavadis.com\/index.php\/wp-json\/wp\/v2\/categories?post=21262"},{"taxonomy":"post_tag","embeddable":true,"href":"https:\/\/bihavadis.com\/index.php\/wp-json\/wp\/v2\/tags?post=21262"}],"curies":[{"name":"wp","href":"https:\/\/api.w.org\/{rel}","templated":true}]}}