{"id":21317,"date":"2026-02-08T03:33:07","date_gmt":"2026-02-08T03:33:07","guid":{"rendered":"https:\/\/bihavadis.com\/?p=21317"},"modified":"2026-02-08T03:33:07","modified_gmt":"2026-02-08T03:33:07","slug":"besiktas-hyeongyu-oh-transferini-resmen-duyurdu","status":"publish","type":"post","link":"https:\/\/bihavadis.com\/index.php\/2026\/02\/08\/besiktas-hyeongyu-oh-transferini-resmen-duyurdu\/","title":{"rendered":"Be\u015fikta\u015f, Hyeongyu Oh transferini resmen duyurdu"},"content":{"rendered":"<p>Transfer d\u00f6neminde kadrosunu g\u00fc\u00e7lendirmek isteyen Be\u015fikta\u015f, \u00e7al\u0131\u015fmalar\u0131na devam ediyor.<\/p>\n<p>Siyah-beyazl\u0131lar bu do\u011frultuda G\u00fcney Koreli santrfor Hyeongyu Oh ve kul\u00fcb\u00fc Genk ile prensip anla\u015fmas\u0131na varm\u0131\u015ft\u0131.<\/p>\n<p>24 ya\u015f\u0131ndaki futbolcu, transfer g\u00f6r\u00fc\u015fmelerini noktalamak \u00fczere \u0130stanbul&#8217;a gelmi\u015fti.<\/p>\n<p>Hyeongyu Oh, siyah-beyazl\u0131 yetkililerle birlikte kendisini bekleyen araca binerek \u0130stanbul Havaliman\u0131&#8217;ndan ayr\u0131lm\u0131\u015ft\u0131.<\/p>\n<p><strong>\u0130MZAYI ATTI<\/strong><\/p>\n<p>Ya\u015fanan bu geli\u015fmelerin ard\u0131ndan G\u00fcney Koreli futbolcu, sa\u011fl\u0131k kontrollerinden ge\u00e7tikten sonra kendisini siyah-beyazl\u0131 renklere ba\u011flayan s\u00f6zle\u015fmeye imza att\u0131.<\/p>\n<p><strong>KAP B\u0130LD\u0130R\u0130M\u0130<\/strong><\/p>\n<p>Be\u015fikta\u015f Futbol A.\u015e., profesyonel futbolcu Hyeongyu Oh\u2019un transferi hususunda anla\u015fmaya var\u0131ld\u0131\u011f\u0131n\u0131 KAP\u2019a bildirdi.<\/p>\n<p>Be\u015fikta\u015f Futbol Yat\u0131r\u0131mlar\u0131 Sanayi ve Ticaret A.\u015e.\u2019den Kamuyu Ayd\u0131nlatma Platformu\u2019na g\u00f6nderilen a\u00e7\u0131klama \u015f\u00f6yle:<\/p>\n<p>Profesyonel futbolcu Hyeongyu Oh&#8217;un transferi konusunda kul\u00fcb\u00fc ve kendisi ile anla\u015fmaya var\u0131lm\u0131\u015ft\u0131r. KRC Genk kul\u00fcb\u00fcne toplam transfer bedeli olarak 14.000.000 Avro \u00f6denecektir. Oyuncu ile 2028-2029 sezonu sonuna kadar 3,5 sezon i\u00e7in anla\u015fmaya var\u0131lm\u0131\u015ft\u0131r.<\/p>\n<p><img decoding=\"async\" src=\"https:\/\/bihavadis.com\/wp-content\/uploads\/2026\/02\/besiktas-hyeongyu-oh-transferini-resmen-duyurdu-0-zQx3AjWp.jpg\"\/><\/p>\n<p><strong>P\u0130YASA DE\u011eER\u0130 7 M\u0130LYON EURO<\/strong><\/p>\n<p>Son olarak Bel\u00e7ika temsilcisi Genk&#8217;te forma giyen 7 milyon euro piyasa de\u011ferindeki Oh, bu sezon 32 ma\u00e7ta 10 gol kaydetti.<\/p>\n<p><img decoding=\"async\" src=\"https:\/\/bihavadis.com\/wp-content\/uploads\/2026\/02\/besiktas-hyeongyu-oh-transferini-resmen-duyurdu-1-UmALfEKe.jpg\"\/><\/p>\n<p><img decoding=\"async\" src=\"https:\/\/bihavadis.com\/wp-content\/uploads\/2026\/02\/besiktas-hyeongyu-oh-transferini-resmen-duyurdu-2-BwTWutYM.jpg\"\/><\/p>\n<p><img decoding=\"async\" src=\"https:\/\/bihavadis.com\/wp-content\/uploads\/2026\/02\/besiktas-hyeongyu-oh-transferini-resmen-duyurdu-3-r2b6dWwQ.jpg\"\/><\/p>\n<p><img decoding=\"async\" src=\"https:\/\/bihavadis.com\/wp-content\/uploads\/2026\/02\/besiktas-hyeongyu-oh-transferini-resmen-duyurdu-4-wcd6Fwis.jpg\"\/><\/p>\n","protected":false},"excerpt":{"rendered":"<p>Be\u015fikta\u015f Kul\u00fcb\u00fc, Hyeongyu Oh ile 3.5 y\u0131ll\u0131k s\u00f6zle\u015fme imzalad\u0131\u011f\u0131n\u0131 duyurdu. Siyah-beyazl\u0131lar, G\u00fcney Koreli forvetin bonservisine 14 milyon euro \u00f6deyecek.<\/p>\n","protected":false},"author":1,"featured_media":21318,"comment_status":"open","ping_status":"open","sticky":false,"template":"","format":"standard","meta":{"footnotes":""},"categories":[14],"tags":[365,404],"class_list":["post-21317","post","type-post","status-publish","format-standard","has-post-thumbnail","hentry","category-spor","tag-futbol","tag-transfer"],"_links":{"self":[{"href":"https:\/\/bihavadis.com\/index.php\/wp-json\/wp\/v2\/posts\/21317","targetHints":{"allow":["GET"]}}],"collection":[{"href":"https:\/\/bihavadis.com\/index.php\/wp-json\/wp\/v2\/posts"}],"about":[{"href":"https:\/\/bihavadis.com\/index.php\/wp-json\/wp\/v2\/types\/post"}],"author":[{"embeddable":true,"href":"https:\/\/bihavadis.com\/index.php\/wp-json\/wp\/v2\/users\/1"}],"replies":[{"embeddable":true,"href":"https:\/\/bihavadis.com\/index.php\/wp-json\/wp\/v2\/comments?post=21317"}],"version-history":[{"count":1,"href":"https:\/\/bihavadis.com\/index.php\/wp-json\/wp\/v2\/posts\/21317\/revisions"}],"predecessor-version":[{"id":21324,"href":"https:\/\/bihavadis.com\/index.php\/wp-json\/wp\/v2\/posts\/21317\/revisions\/21324"}],"wp:featuredmedia":[{"embeddable":true,"href":"https:\/\/bihavadis.com\/index.php\/wp-json\/wp\/v2\/media\/21318"}],"wp:attachment":[{"href":"https:\/\/bihavadis.com\/index.php\/wp-json\/wp\/v2\/media?parent=21317"}],"wp:term":[{"taxonomy":"category","embeddable":true,"href":"https:\/\/bihavadis.com\/index.php\/wp-json\/wp\/v2\/categories?post=21317"},{"taxonomy":"post_tag","embeddable":true,"href":"https:\/\/bihavadis.com\/index.php\/wp-json\/wp\/v2\/tags?post=21317"}],"curies":[{"name":"wp","href":"https:\/\/api.w.org\/{rel}","templated":true}]}}