{"id":21325,"date":"2026-02-08T03:36:06","date_gmt":"2026-02-08T03:36:06","guid":{"rendered":"https:\/\/bihavadis.com\/?p=21325"},"modified":"2026-02-08T03:36:06","modified_gmt":"2026-02-08T03:36:06","slug":"turkiye-barisin-cagricisi-olacak","status":"publish","type":"post","link":"https:\/\/bihavadis.com\/index.php\/2026\/02\/08\/turkiye-barisin-cagricisi-olacak\/","title":{"rendered":"T\u00fcrkiye Bar\u0131\u015f\u0131n \u00c7a\u011fr\u0131c\u0131s\u0131 Olacak"},"content":{"rendered":"<p> AK Parti Grup Ba\u015fkanvekili Abdulhamit G\u00fcl, T\u00fcrkiye&#8217;nin bar\u0131\u015f\u0131n ve huzurun \u00e7a\u011fr\u0131c\u0131s\u0131 olarak \u00f6nemli bir misyon \u00fcstlendi\u011fini belirterek, &#8220;T\u00fcrkiye olarak biz b\u00fct\u00fcn d\u00fcnyan\u0131n bar\u0131\u015f i\u00e7erisinde olmas\u0131n\u0131 istiyoruz. B\u00f6lgemizde Irak&#8217;ta, Suriye&#8217;de, \u0130ran&#8217;da m\u00fcdahalenin olmad\u0131\u011f\u0131, bu \u00fclkelerin kendi birliklerini ve b\u00fct\u00fcnle\u015fik yap\u0131lar\u0131n\u0131 koruyabildikleri bir d\u00f6nemi \u00e7ok \u00f6nemsiyoruz.&#8221; dedi.<\/p>\n<p>G\u00fcl, AK Parti Tekirda\u011f \u0130l Ba\u015fkanl\u0131\u011f\u0131nca Yahya Kemal Beyatl\u0131 K\u00fclt\u00fcr Merkezi&#8217;nde d\u00fczenlenen Yerel Bas\u0131n \u0130sti\u015fare Toplant\u0131s\u0131&#8217;nda yapt\u0131\u011f\u0131 konu\u015fmada, d\u00fcnyan\u0131n \u00e7alkant\u0131l\u0131 bir s\u00fcre\u00e7ten ge\u00e7ti\u011fini, T\u00fcrkiye&#8217;nin ise istikrar\u0131n\u0131 koruyarak bar\u0131\u015f\u0131n y\u00fcr\u00fct\u00fcc\u00fcs\u00fc konumunda oldu\u011funu s\u00f6yledi.<\/p>\n<p>AK Parti&#8217;nin milletin kurdu\u011fu bir parti oldu\u011funu ifade eden G\u00fcl, partinin bug\u00fcne kadar milletle birlikte yol y\u00fcr\u00fcd\u00fc\u011f\u00fcn\u00fc belirtti.<\/p>\n<p>G\u00fcl, AK Parti&#8217;nin dura\u011fanl\u0131\u011fa d\u00fc\u015fmeden reform ve hizmetlere devam edece\u011fini vurgulayarak, &#8220;AK Parti yine kendi rekorunu, kendi heyecan\u0131n\u0131 kendisiyle yine s\u0131nayan, kendisiyle yar\u0131\u015fan bir parti. Dolay\u0131s\u0131yla bir dura\u011fanl\u0131\u011fa d\u00fc\u015fmeden daha fazla nas\u0131l hizmet ederiz? Bisikletin \u00fczerinde durup nas\u0131l o pedal\u0131 \u00e7evirirsiniz? H\u0131zla \u00e7evirdi\u011finiz o pedal sizi \u00e7ok daha iyi yerlere g\u00f6t\u00fcr\u00fcr. \u00d6yle yerinde durmadan daha h\u0131zl\u0131 bir \u015fekilde hem reformlara hem hizmetlere devam edece\u011fiz.&#8221; diye konu\u015ftu.<\/p>\n<p>&#8220;2026 reform y\u0131l\u0131 olacak&#8221;<\/p>\n<p>T\u00fcrkiye&#8217;de 2026 y\u0131l\u0131n\u0131n reform y\u0131l\u0131 olaca\u011f\u0131n\u0131, hem ekonomik hem de hukuki reformlar\u0131n millete yans\u0131d\u0131\u011f\u0131 bir y\u0131l olaca\u011f\u0131n\u0131 anlatan G\u00fcl, \u015funlar\u0131 kaydetti: <\/p>\n<p>&#8220;Hem demokrasimizi hem \u00f6zg\u00fcrl\u00fckleri g\u00fc\u00e7lendirece\u011fiz hem de milletimizin refah\u0131n\u0131 art\u0131raca\u011f\u0131z. \u00d6zg\u00fcrl\u00fck artacak, sofradaki ekmek artacak. Yani 2026 y\u0131l\u0131nda hem demokrasimizce hem \u00f6zg\u00fcrl\u00fckleri daha g\u00fc\u00e7lendirece\u011fiz hem de milletimizin ekme\u011fini, milletimizin refah\u0131n\u0131 daha art\u0131raca\u011f\u0131z. Yani \u00f6zg\u00fcrl\u00fck artacak, sofradaki ekmek artacak. Vatanda\u015flar\u0131m\u0131z\u0131n bu anlamda hem demokrasi hem de hukuk ve ekonomi alan\u0131nda \u00e7ok \u00f6nemli bir reform d\u00f6nemini, reform y\u0131l\u0131n\u0131 hep beraber ya\u015fayaca\u011f\u0131z. Bu konuda heyecanl\u0131y\u0131z, haz\u0131rl\u0131kl\u0131y\u0131z.&#8221;<\/p>\n<p>&#8220;T\u00fcrkiye olarak biz b\u00fct\u00fcn d\u00fcnyan\u0131n bar\u0131\u015f i\u00e7erisinde olmas\u0131n\u0131 istiyoruz&#8221;<\/p>\n<p>K\u00fcresel \u00f6l\u00e7ekte krizlerin ya\u015fand\u0131\u011f\u0131n\u0131 aktaran G\u00fcl, T\u00fcrkiye&#8217;nin bu s\u00fcre\u00e7te tecr\u00fcbeli bir liderlikle yol ald\u0131\u011f\u0131n\u0131 belirtti.<\/p>\n<p>G\u00fcl, Recep Tayyip Erdo\u011fan&#8217;\u0131n hem millet hem de d\u00fcnya taraf\u0131ndan takdir edildi\u011fini kaydetti.<\/p>\n<p>T\u00fcrkiye&#8217;nin bar\u0131\u015f\u0131 merkeze alan bir diplomasi y\u00fcr\u00fctt\u00fc\u011f\u00fcn\u00fc anlatan G\u00fcl, ter\u00f6rs\u00fcz T\u00fcrkiye ve ter\u00f6rs\u00fcz b\u00f6lge hedefinin kararl\u0131l\u0131kla s\u00fcrd\u00fcr\u00fcld\u00fc\u011f\u00fcn\u00fc s\u00f6yledi.<\/p>\n<p>Suriye&#8217;nin toprak b\u00fct\u00fcnl\u00fc\u011f\u00fc ve istikrar\u0131n\u0131n T\u00fcrkiye i\u00e7in \u00f6nemli bir ulusal g\u00fcvenlik meselesi oldu\u011funa dikkati \u00e7eken G\u00fcl, konu\u015fmas\u0131na \u015f\u00f6yle devam etti: <\/p>\n<p>&#8220;Bug\u00fcn d\u00fcnyada t\u00fcm bu \u00e7alkalanmalar ve T\u00fcrkiye&#8217;ye dair de meydan okumalar varken, T\u00fcrkiye bu konuda hem istikrar\u0131n\u0131 hem de bar\u0131\u015f\u0131n, huzurun \u00e7a\u011fr\u0131c\u0131s\u0131, y\u00fcr\u00fct\u00fcc\u00fcs\u00fc olarak \u00e7ok \u00f6nemli bir misyon \u00fcstlenmi\u015f durumda. T\u00fcrkiye olarak biz b\u00fct\u00fcn d\u00fcnyan\u0131n bar\u0131\u015f i\u00e7erisinde olmas\u0131n\u0131 istiyoruz. B\u00f6lgemizde Irak&#8217;ta, Suriye&#8217;de, \u0130ran&#8217;da m\u00fcdahalenin olmad\u0131\u011f\u0131, bu \u00fclkelerin kendi birliklerini ve b\u00fct\u00fcnle\u015fik yap\u0131lar\u0131n\u0131 koruyabildikleri bir d\u00f6nemi \u00e7ok \u00f6nemsiyoruz.&#8221;<\/p>\n<p>Konu\u015fmas\u0131n\u0131n ard\u0131ndan bas\u0131n mensuplar\u0131n\u0131n sorular\u0131n\u0131 yan\u0131tlayan G\u00fcl, AK Parti Tekirda\u011f Milletvekili Mestan \u00d6zcan&#8217;la ilgili bir soru \u00fczerine, &#8220;Bizim tek g\u00fcndemimiz milletimizdir. Milletvekilinin g\u00fcndemi, milletin g\u00fcndeminin \u00f6n\u00fcne ge\u00e7emez.&#8221;yan\u0131t\u0131n\u0131 verdi.<\/p>\n<p>Toplant\u0131ya, AK Parti Milletvekili Adem Y\u0131ld\u0131r\u0131m, Tekirda\u011f milletvekilleri G\u00f6khan Dikta\u015f ve \u00c7i\u011fdem Koncag\u00fcl, Ergene Belediye Ba\u015fkan\u0131 M\u00fcge Y\u0131ld\u0131z Topak, Kapakl\u0131 Belediye Ba\u015fkan\u0131 Mustafa \u00c7etin, AK Parti Tekirda\u011f \u0130l Ba\u015fkan\u0131 Ali G\u00fcm\u00fc\u015f ile bas\u0131n mensuplar\u0131 kat\u0131ld\u0131.<\/p>\n","protected":false},"excerpt":{"rendered":"<p>AK Parti Grup Ba\u015fkanvekili Abdulhamit G\u00fcl, T\u00fcrkiye&#8217;nin bar\u0131\u015f\u0131n ve huzurun \u00e7a\u011fr\u0131c\u0131s\u0131 olarak \u00f6nemli bir misyon \u00fcstlendi\u011fini belirterek, &#8220;T\u00fcrkiye olarak biz b\u00fct\u00fcn d\u00fcnyan\u0131n bar\u0131\u015f i\u00e7erisinde olmas\u0131n\u0131 istiyoruz.<\/p>\n","protected":false},"author":1,"featured_media":21326,"comment_status":"open","ping_status":"open","sticky":false,"template":"","format":"standard","meta":{"footnotes":""},"categories":[8],"tags":[1389,1748,2113,954,197],"class_list":["post-21325","post","type-post","status-publish","format-standard","has-post-thumbnail","hentry","category-ekonomi","tag-ak-parti","tag-gul","tag-millet","tag-reform","tag-turkiye"],"_links":{"self":[{"href":"https:\/\/bihavadis.com\/index.php\/wp-json\/wp\/v2\/posts\/21325","targetHints":{"allow":["GET"]}}],"collection":[{"href":"https:\/\/bihavadis.com\/index.php\/wp-json\/wp\/v2\/posts"}],"about":[{"href":"https:\/\/bihavadis.com\/index.php\/wp-json\/wp\/v2\/types\/post"}],"author":[{"embeddable":true,"href":"https:\/\/bihavadis.com\/index.php\/wp-json\/wp\/v2\/users\/1"}],"replies":[{"embeddable":true,"href":"https:\/\/bihavadis.com\/index.php\/wp-json\/wp\/v2\/comments?post=21325"}],"version-history":[{"count":1,"href":"https:\/\/bihavadis.com\/index.php\/wp-json\/wp\/v2\/posts\/21325\/revisions"}],"predecessor-version":[{"id":21327,"href":"https:\/\/bihavadis.com\/index.php\/wp-json\/wp\/v2\/posts\/21325\/revisions\/21327"}],"wp:featuredmedia":[{"embeddable":true,"href":"https:\/\/bihavadis.com\/index.php\/wp-json\/wp\/v2\/media\/21326"}],"wp:attachment":[{"href":"https:\/\/bihavadis.com\/index.php\/wp-json\/wp\/v2\/media?parent=21325"}],"wp:term":[{"taxonomy":"category","embeddable":true,"href":"https:\/\/bihavadis.com\/index.php\/wp-json\/wp\/v2\/categories?post=21325"},{"taxonomy":"post_tag","embeddable":true,"href":"https:\/\/bihavadis.com\/index.php\/wp-json\/wp\/v2\/tags?post=21325"}],"curies":[{"name":"wp","href":"https:\/\/api.w.org\/{rel}","templated":true}]}}