{"id":21346,"date":"2026-02-08T03:54:38","date_gmt":"2026-02-08T03:54:38","guid":{"rendered":"https:\/\/bihavadis.com\/?p=21346"},"modified":"2026-02-08T03:54:38","modified_gmt":"2026-02-08T03:54:38","slug":"oltu-esnaf-odasi-genel-kurulu-yapildi","status":"publish","type":"post","link":"https:\/\/bihavadis.com\/index.php\/2026\/02\/08\/oltu-esnaf-odasi-genel-kurulu-yapildi\/","title":{"rendered":"Oltu Esnaf Odas\u0131 Genel Kurulu Yap\u0131ld\u0131"},"content":{"rendered":"<p>Oltu \u015eof\u00f6rler ve Otomobilciler Esnaf Odas\u0131&#8217;n\u0131n Ola\u011fan Genel Kurulu yap\u0131ld\u0131. Genel kurulda mevcut Ba\u015fkan Veysel Fidan, Samih T\u00fcrkan, Emre Altun ba\u015fkanl\u0131k i\u00e7in aday oldu.<\/p>\n<p>Kaymakaml\u0131k Konferans Salonunda yap\u0131lan ola\u011fan genel kuruluna birlik oda ba\u015fkanlar\u0131 ile delegeler kat\u0131ld\u0131. 238 delegenin oy kullanaca\u011f\u0131 se\u00e7imin Divan Ba\u015fkanl\u0131\u011f\u0131n\u0131 Erzurum Esnaf ve Sanatkarlar Odalar\u0131 Birli\u011fi Ba\u015fkan\u0131 Rasim F\u0131rat, Yard\u0131mc\u0131l\u0131\u011f\u0131n\u0131 Erzurum \u015eof\u00f6rler ve Otomobilciler Esnaf Odas\u0131 Ba\u015fkan\u0131 Y\u00fccel Karakaya yapt\u0131.<\/p>\n<p>Se\u00e7imin birlik beraberlik i\u00e7inde ge\u00e7mesi temennisinde bulunan Erzurum Esnaf ve Sanatkarlar Odalar\u0131 Birli\u011fi Ba\u015fkan\u0131 Rasim F\u0131rat, &#8220;Temel amac\u0131m\u0131z, esnaf ve sanatkarlar\u0131m\u0131za en iyi \u015fekilde hizmet etmek. Oltu \u015eof\u00f6rler ve Otomobilciler Esnaf Odas\u0131 d\u00fcn oldu\u011fu gibi bug\u00fcn de dimdik ayaktad\u0131r ve birlik beraberlik i\u00e7erisinde yoluna devam edecek. Esnaf camiam\u0131z i\u00e7in hay\u0131rlara vesile olmas\u0131n\u0131 diliyorum. Bizim en b\u00fcy\u00fck sermayemiz birli\u011fimiz ve beraberli\u011fimizdir. Bu se\u00e7im s\u00fcrecinin, ahilik gelene\u011fimize yak\u0131\u015f\u0131r bir \u015fekilde, kar\u015f\u0131l\u0131kl\u0131 sevgi, sayg\u0131 ve bar\u0131\u015f arzusu i\u00e7erisinde ge\u00e7mesini temenni ediyorum. Sand\u0131ktan \u00e7\u0131kan sonu\u00e7 ne olursa olsun, hay\u0131rl\u0131 olmas\u0131n\u0131 temennisinde bulunuyorum.&#8221; &#8211; ERZURUM<\/p>\n","protected":false},"excerpt":{"rendered":"<p>Oltu \u015eof\u00f6rler ve Otomobilciler Esnaf Odas\u0131&#8217;n\u0131n genel kurulunda ba\u015fkan adaylar\u0131 belirlendi.<\/p>\n","protected":false},"author":1,"featured_media":21347,"comment_status":"open","ping_status":"open","sticky":false,"template":"","format":"standard","meta":{"footnotes":""},"categories":[8],"tags":[516,533,3529],"class_list":["post-21346","post","type-post","status-publish","format-standard","has-post-thumbnail","hentry","category-ekonomi","tag-baskan","tag-esnaf","tag-oda"],"_links":{"self":[{"href":"https:\/\/bihavadis.com\/index.php\/wp-json\/wp\/v2\/posts\/21346","targetHints":{"allow":["GET"]}}],"collection":[{"href":"https:\/\/bihavadis.com\/index.php\/wp-json\/wp\/v2\/posts"}],"about":[{"href":"https:\/\/bihavadis.com\/index.php\/wp-json\/wp\/v2\/types\/post"}],"author":[{"embeddable":true,"href":"https:\/\/bihavadis.com\/index.php\/wp-json\/wp\/v2\/users\/1"}],"replies":[{"embeddable":true,"href":"https:\/\/bihavadis.com\/index.php\/wp-json\/wp\/v2\/comments?post=21346"}],"version-history":[{"count":1,"href":"https:\/\/bihavadis.com\/index.php\/wp-json\/wp\/v2\/posts\/21346\/revisions"}],"predecessor-version":[{"id":21348,"href":"https:\/\/bihavadis.com\/index.php\/wp-json\/wp\/v2\/posts\/21346\/revisions\/21348"}],"wp:featuredmedia":[{"embeddable":true,"href":"https:\/\/bihavadis.com\/index.php\/wp-json\/wp\/v2\/media\/21347"}],"wp:attachment":[{"href":"https:\/\/bihavadis.com\/index.php\/wp-json\/wp\/v2\/media?parent=21346"}],"wp:term":[{"taxonomy":"category","embeddable":true,"href":"https:\/\/bihavadis.com\/index.php\/wp-json\/wp\/v2\/categories?post=21346"},{"taxonomy":"post_tag","embeddable":true,"href":"https:\/\/bihavadis.com\/index.php\/wp-json\/wp\/v2\/tags?post=21346"}],"curies":[{"name":"wp","href":"https:\/\/api.w.org\/{rel}","templated":true}]}}