{"id":21366,"date":"2026-02-08T04:12:08","date_gmt":"2026-02-08T04:12:08","guid":{"rendered":"https:\/\/bihavadis.com\/?p=21366"},"modified":"2026-02-08T04:12:08","modified_gmt":"2026-02-08T04:12:08","slug":"adalet-bakani-tunc-bartinda-ev-sahibi-turkiye-kura-cekilis-toreninde-konustu-aciklamasi","status":"publish","type":"post","link":"https:\/\/bihavadis.com\/index.php\/2026\/02\/08\/adalet-bakani-tunc-bartinda-ev-sahibi-turkiye-kura-cekilis-toreninde-konustu-aciklamasi\/","title":{"rendered":"Adalet Bakan\u0131 Tun\u00e7, Bart\u0131n&#8217;da &#8220;Ev Sahibi T\u00fcrkiye Kura \u00c7ekili\u015f T\u00f6reni&#8221;nde konu\u015ftu A\u00e7\u0131klamas\u0131"},"content":{"rendered":"<p>Adalet Bakan\u0131 Y\u0131lmaz Tun\u00e7, &#8220;Muhalefet karalama siyaseti yaparken, engelleme siyaseti yaparken biz hep eser \u00fcrettik, icraat \u00fcrettik. Milletimiz i\u00e7in \u00e7abalad\u0131k. \u0130\u015fte onun i\u00e7in de 23 y\u0131ldan bu yana bu millet Recep Tayyip Erdo\u011fan&#8217;dan vazge\u00e7medi. Yine vazge\u00e7meyecek.&#8221; dedi.<\/p>\n<p> Bart\u0131n \u00dcniversitesi konferans salonunda &#8220;Y\u00fczy\u0131l\u0131n Konut Projesi&#8221; kapsam\u0131nda Bart\u0131n&#8217;da in\u015fa edilecek 1620 sosyal konutun hak sahipleri i\u00e7in d\u00fczenlenen &#8220;Ev Sahibi T\u00fcrkiye Kura \u00c7ekili\u015f T\u00f6reni&#8221;nde konu\u015fan Tun\u00e7, bug\u00fcn, 3 y\u0131l \u00f6nce 6 \u015eubat Depremleri&#8217;nde yerle bir olan 11 ilde 455 bin konutu 2,5 y\u0131lda in\u015fa eden ve \u00fclke genelinde de 500 bin sosyal konutu a\u00e7\u0131klayarak vatanda\u015flar\u0131n\u0131 ev sahibi yapmak isteyen bir T\u00fcrkiye oldu\u011funu s\u00f6yledi.<\/p>\n<p>Milletin refah\u0131 i\u00e7in \u00e7al\u0131\u015fmaya, gece g\u00fcnd\u00fcz demeden ko\u015fturmaya devam edeceklerini belirten Tun\u00e7, Cumhurba\u015fkan\u0131 Recep Tayyip Erdo\u011fan&#8217;\u0131n her kabine toplant\u0131s\u0131nda birinci g\u00fcndem maddesinin deprem b\u00f6lgesi oldu\u011funu ve orada yap\u0131lan \u00e7al\u0131\u015fmalar\u0131n durumunu yak\u0131ndan takip etti\u011fini aktard\u0131.<\/p>\n<p>Bakan Tun\u00e7, Cumhurba\u015fkan\u0131 Erdo\u011fan&#8217;\u0131n bununla da kalmay\u0131p vatanda\u015flar\u0131n kiradan kurtularak ev sahibi olmas\u0131 i\u00e7in 500 bin sosyal konut projesini ba\u015flatt\u0131\u011f\u0131n\u0131 an\u0131msatarak, &#8220;\u0130n\u015fallah s\u00f6z verdi\u011fimiz bir zaman diliminde kuralar\u0131 \u00e7ekiyoruz. S\u00f6z verdi\u011fimiz bir zaman diliminde in\u015faatlara ba\u015fl\u0131yoruz, bitiriyoruz. Yeni projelerle yeniden yola devam ediyoruz.&#8221; diye konu\u015ftu.<\/p>\n<p>Sadece konut alan\u0131nda de\u011fil, her alanda \u00fclkeyi geli\u015ftirdiklerini ve kalk\u0131nd\u0131rd\u0131klar\u0131n\u0131 vurgulayan Tun\u00e7, \u015f\u00f6yle devam etti: <\/p>\n<p>&#8220;Sadece T\u00fcrkiye&#8217;yi fiziki kalk\u0131nma anlam\u0131nda altyap\u0131 \u00fcstyap\u0131 yat\u0131r\u0131mlar\u0131yla de\u011fil, ayn\u0131 zamanda demokratik kalk\u0131nmas\u0131n\u0131 da sa\u011flad\u0131k. Vesayet\u00e7i anlay\u0131\u015f\u0131, darbeci anlay\u0131\u015f\u0131 ortadan kald\u0131rd\u0131k milletimiz sayesinde. Temel hak ve \u00f6zg\u00fcrl\u00fckleri g\u00fc\u00e7lendirdik. Ayr\u0131mc\u0131l\u0131\u011f\u0131 ortadan kald\u0131rd\u0131k. 81 vilayetin t\u00fcm\u00fcne e\u015fit hizmet g\u00f6t\u00fcrd\u00fck. Bart\u0131n&#8217;a \u00fcniversite kurmu\u015fsak \u015e\u0131rnak&#8217;a da kuraca\u011f\u0131z dedik. Zonguldak&#8217;\u0131n \u00c7aycuma&#8217;s\u0131na havaalan\u0131 yapm\u0131\u015fsak Hakkari&#8217;nin Y\u00fcksekovas\u0131&#8217;nda da olacak dedik ve oldu. Hi\u00e7bir ayr\u0131m yapmadan her yere eser g\u00f6t\u00fcrd\u00fck. Eser siyaseti yapt\u0131k. Muhalefet karalama siyaseti yaparken, engelleme siyaseti yaparken biz hep eser \u00fcrettik, icraat \u00fcrettik. Milletimiz i\u00e7in \u00e7abalad\u0131k. \u0130\u015fte onun i\u00e7in de 23 y\u0131ldan bu yana bu millet Recep Tayyip Erdo\u011fan&#8217;dan vazge\u00e7medi. Yine vazge\u00e7meyecek. \u00c7\u00fcnk\u00fc bu millet icraata bakar. Bu millet eser siyasetine bakar. Bu millet hizmete bakar. Kimin i\u015f yapt\u0131\u011f\u0131n\u0131 takdir eder. Kimin ise karalamayla me\u015fgul oldu\u011funu, kimin engelleme siyaseti izledi\u011fini \u00e7ok iyi bilir. Yeri geldi\u011finde bunun cevab\u0131n\u0131 sessiz bir \u015fekilde verir.&#8221;<\/p>\n<p>&#8220;Ter\u00f6rs\u00fcz T\u00fcrkiye&#8217;yi ve T\u00fcrkiye Y\u00fczy\u0131l\u0131&#8217;n\u0131 in\u015fa edece\u011fiz&#8221;<\/p>\n<p>Yat\u0131r\u0131m hamlelerinden nasibini alan Bart\u0131n&#8217;\u0131n da b\u00fcy\u00fck bir mesafe kaydetti\u011fini vurgulayan Tun\u00e7, AK Parti iktidar\u0131n\u0131n ard\u0131ndan ilde ger\u00e7ekle\u015ftirilen baraj, yol, liman, \u00fcniversite projelerinden \u00f6rnekler verdi. Tun\u00e7, milletin kar\u015f\u0131 gelenle i\u015f yapan\u0131 \u00e7ok iyi ay\u0131rt etti\u011fini belirterek, hizmet etmeye, icraat yapmaya, yerel y\u00f6neticilerle kol kola \u00e7al\u0131\u015fmaya devam edeceklerini ifade etti.<\/p>\n<p>TOK\u0130&#8217;nin \u00fclke genelinde oldu\u011fu gibi Bart\u0131n&#8217;da da \u00e7ok b\u00fcy\u00fck yat\u0131r\u0131mlar yapt\u0131\u011f\u0131na dikkati \u00e7eken Tun\u00e7, TOK\u0130&#8217;nin sadece konut yapmakla kalmad\u0131\u011f\u0131n\u0131, 150 d\u00f6n\u00fcml\u00fck millet bah\u00e7esi, 2 ilkokul, 6 aile sa\u011fl\u0131\u011f\u0131 merkezi, 14 i\u015f yeri ve 4 cami yapt\u0131\u011f\u0131n\u0131 anlatt\u0131.<\/p>\n<p>Bakan Tun\u00e7, TOK\u0130&#8217;nin bunlar\u0131n d\u0131\u015f\u0131nda da kentteki bir\u00e7ok eserde imzas\u0131n\u0131n oldu\u011funu ve bug\u00fcn de 1620 konutun kuras\u0131n\u0131n \u00e7ekilece\u011fini belirterek, &#8220;Bug\u00fcne kadar tamamlanan ve devam eden 2 bin 840, yakla\u015f\u0131k 3 bine yak\u0131n konut var. Dolay\u0131s\u0131yla toplamda art\u0131k neredeyse 5 bine yak\u0131n konutu Bart\u0131n&#8217;a kazand\u0131rm\u0131\u015f oluyoruz bu kuras\u0131n\u0131 \u00e7ektiklerimiz tamamland\u0131\u011f\u0131nda. Bart\u0131n&#8217;da ev sahibi olmak isteyen herkesi in\u015fallah ev sahibi yap\u0131ncaya kadar \u00e7al\u0131\u015fmalar\u0131m\u0131z\u0131 s\u00fcrd\u00fcrece\u011fiz.&#8221; \u015feklinde konu\u015ftu.<\/p>\n<p>Cumhur \u0130ttifak\u0131 olarak, T\u00fcrkiye genelinde sadece fiziki kalk\u0131nma hamleleri de\u011fil, &#8220;Ter\u00f6rs\u00fcz T\u00fcrkiye&#8217;yi&#8221; ve &#8220;T\u00fcrkiye Y\u00fczy\u0131l\u0131&#8221;n\u0131 in\u015fa edeceklerini vurgulayan Tun\u00e7, &#8220;Say\u0131n Devlet Bah\u00e7eli&#8217;nin grup konu\u015fmas\u0131yla ba\u015flayan &#8216;Ter\u00f6rs\u00fcz T\u00fcrkiye&#8217; s\u00fcrecini, ter\u00f6rs\u00fcz b\u00f6lge olarak da in\u015fallah, biz bunu b\u00f6yle s\u00f6yl\u00fcyoruz ve \u00e7ocuklar\u0131m\u0131z\u0131, gelece\u011fimizi daha garanti alt\u0131na almak, huzurlu bir gelece\u011fe kavu\u015fturmak ve T\u00fcrkiye Y\u00fczy\u0131l\u0131&#8217;n\u0131 daha h\u0131zl\u0131 bir \u015fekilde in\u015fa etmek i\u00e7in gecemizi g\u00fcnd\u00fcz\u00fcm\u00fcze katmaya devam edece\u011fiz.&#8221; dedi.<\/p>\n<p>&#8220;TOK\u0130 uluslararas\u0131 marka haline geldi&#8221;<\/p>\n<p>\u00c7evre, \u015eehircilik ve \u0130klim De\u011fi\u015fikli\u011fi Bakan Yard\u0131mc\u0131s\u0131 Hasan Suver ise TOK\u0130&#8217;nin s\u0131radan bir marka iken uluslararas\u0131 markaya sahip kurum haline geldi\u011fini ve \u015fu ana kadar 1 milyon 800 bine yak\u0131n konut yapt\u0131\u011f\u0131n\u0131 bildirdi.<\/p>\n<p>Suver, T\u00fcrkiye&#8217;nin Gazi Mustafa Kemal Atat\u00fcrk&#8217;\u00fcn i\u015faret etti\u011fi \u00e7a\u011fda\u015f medeniyetler seviyesinin \u00fczerine \u00e7\u0131kma hedefine b\u00fcy\u00fck bir gayretle ula\u015faca\u011f\u0131n\u0131 belirterek, \u00fclkenin yaln\u0131zca konut, altyap\u0131, e\u011fitim ve sa\u011fl\u0131kta de\u011fil, her alanda parmakla g\u00f6sterilen bir konuma eri\u015fece\u011fini ifade etti.<\/p>\n<p>TOK\u0130 Ba\u015fkan Yard\u0131mc\u0131s\u0131 Murat Ayd\u0131n da kurum olarak Cumhurba\u015fkan\u0131 Recep Tayyip Erdo\u011fan&#8217;\u0131n liderli\u011finde \u00fclkenin d\u00f6rt bir yan\u0131nda binlerce projeyi hayata ge\u00e7irdiklerini s\u00f6yledi.<\/p>\n<p>Ev sahibi olmayan tek bir vatanda\u015f kalmayana kadar TOK\u0130 projelerinin devam edece\u011fini aktaran Ayd\u0131n, &#8220;Yeni \u00fcretece\u011fimiz konutlar yatay mimariye uygun, kaliteli, depremlere kar\u015f\u0131 g\u00fcvenli, mahalle k\u00fclt\u00fcr\u00fcn\u00fcn t\u00fcm g\u00fczelliklerini ya\u015fatacak, vatanda\u015flar\u0131m\u0131z\u0131n ihtiya\u00e7lar\u0131n\u0131 kar\u015f\u0131layacak nitelikte olacakt\u0131r.&#8221; dedi.<\/p>\n<p>Ayd\u0131n, TOK\u0130 olarak millete g\u00fcvenli ve kontroll\u00fc yap\u0131lar sunma, daha g\u00fczel \u015fehirlerde ve konutlarda ya\u015fatma gayreti ve kararl\u0131l\u0131klar\u0131n\u0131n devam edece\u011fini s\u00f6zlerine ekledi.<\/p>\n<p>Programda, Bart\u0131n Valisi Nurta\u00e7 Arslan, AK Parti Bart\u0131n Milletvekili Yusuf Ziya Aldatmaz ve AK Parti \u0130l Ba\u015fkan\u0131 Ya\u015far Arslan da konu\u015fma yapt\u0131.<\/p>\n<p>Konu\u015fmalar\u0131n ard\u0131ndan noter huzurunda \u00e7ekilen kuralarla hak sahipleri belirlendi.<\/p>\n","protected":false},"excerpt":{"rendered":"<p>Adalet Bakan\u0131 Y\u0131lmaz Tun\u00e7, &#8220;Muhalefet karalama siyaseti yaparken, engelleme siyaseti yaparken biz hep eser \u00fcrettik, icraat \u00fcrettik. Milletimiz i\u00e7in \u00e7abalad\u0131k.<\/p>\n","protected":false},"author":1,"featured_media":21367,"comment_status":"open","ping_status":"open","sticky":false,"template":"","format":"standard","meta":{"footnotes":""},"categories":[8],"tags":[3833,362,818,2204,197],"class_list":["post-21366","post","type-post","status-publish","format-standard","has-post-thumbnail","hentry","category-ekonomi","tag-bartin","tag-insa","tag-konut","tag-tunc","tag-turkiye"],"_links":{"self":[{"href":"https:\/\/bihavadis.com\/index.php\/wp-json\/wp\/v2\/posts\/21366","targetHints":{"allow":["GET"]}}],"collection":[{"href":"https:\/\/bihavadis.com\/index.php\/wp-json\/wp\/v2\/posts"}],"about":[{"href":"https:\/\/bihavadis.com\/index.php\/wp-json\/wp\/v2\/types\/post"}],"author":[{"embeddable":true,"href":"https:\/\/bihavadis.com\/index.php\/wp-json\/wp\/v2\/users\/1"}],"replies":[{"embeddable":true,"href":"https:\/\/bihavadis.com\/index.php\/wp-json\/wp\/v2\/comments?post=21366"}],"version-history":[{"count":1,"href":"https:\/\/bihavadis.com\/index.php\/wp-json\/wp\/v2\/posts\/21366\/revisions"}],"predecessor-version":[{"id":21368,"href":"https:\/\/bihavadis.com\/index.php\/wp-json\/wp\/v2\/posts\/21366\/revisions\/21368"}],"wp:featuredmedia":[{"embeddable":true,"href":"https:\/\/bihavadis.com\/index.php\/wp-json\/wp\/v2\/media\/21367"}],"wp:attachment":[{"href":"https:\/\/bihavadis.com\/index.php\/wp-json\/wp\/v2\/media?parent=21366"}],"wp:term":[{"taxonomy":"category","embeddable":true,"href":"https:\/\/bihavadis.com\/index.php\/wp-json\/wp\/v2\/categories?post=21366"},{"taxonomy":"post_tag","embeddable":true,"href":"https:\/\/bihavadis.com\/index.php\/wp-json\/wp\/v2\/tags?post=21366"}],"curies":[{"name":"wp","href":"https:\/\/api.w.org\/{rel}","templated":true}]}}