{"id":21376,"date":"2026-02-08T04:21:06","date_gmt":"2026-02-08T04:21:06","guid":{"rendered":"https:\/\/bihavadis.com\/?p=21376"},"modified":"2026-02-08T04:21:06","modified_gmt":"2026-02-08T04:21:06","slug":"fenerbahce-macina-damga-vuran-taraftarin-kim-oldugu-ortaya-cikti","status":"publish","type":"post","link":"https:\/\/bihavadis.com\/index.php\/2026\/02\/08\/fenerbahce-macina-damga-vuran-taraftarin-kim-oldugu-ortaya-cikti\/","title":{"rendered":"Fenerbah\u00e7e ma\u00e7\u0131na damga vuran taraftar\u0131n kim oldu\u011fu ortaya \u00e7\u0131kt\u0131"},"content":{"rendered":"<p> Fenerbah\u00e7e&#8217;nin FCSB deplasman\u0131nda trib\u00fcnlerde sergiledi\u011fi co\u015fkulu sevin\u00e7le sosyal medyada g\u00fcndem olan ve &#8220;Hac\u0131 Abi&#8221; lakab\u0131yla fenomen haline gelen taraftar\u0131n kimli\u011fi netlik kazand\u0131.<\/p>\n<p><b>SOSYAL MEDYADA V\u0130RAL OLDU<\/b><\/p>\n<p>Fenerbah\u00e7e&#8217;nin att\u0131\u011f\u0131 gol sonras\u0131 trib\u00fcndeki sevinciyle dikkat \u00e7eken taraftar, X (Twitter) ve Instagram ba\u015fta olmak \u00fczere sosyal medya platformlar\u0131nda gecenin en \u00e7ok payla\u015f\u0131lan g\u00f6r\u00fcnt\u00fclerinden biri oldu. Kullan\u0131c\u0131lar taraf\u0131ndan &#8220;Hac\u0131 Abi&#8221; olarak adland\u0131r\u0131lan taraftar k\u0131sa s\u00fcrede viral hale geldi.<\/p>\n<p><b>AL\u0130 KEMBER OLDU\u011eU ORTAYA \u00c7IKTI<\/b><\/p>\n<p>S\u00f6z konusu g\u00f6r\u00fcnt\u00fclerde yer alan ki\u015finin, Romanya&#8217;da i\u015fletmecilik yapan bir T\u00fcrk restoran\u0131n\u0131n ortaklar\u0131ndan Ali Kember oldu\u011fu \u00f6\u011frenildi.<\/p>\n<p><b>TE\u015eEKK\u00dcR MESAJI PAYLA\u015eTI<\/b><\/p>\n<p>Gelen yo\u011fun ilginin ard\u0131ndan sosyal medya hesab\u0131ndan a\u00e7\u0131klama yapan Ali Kember, kendisine g\u00f6sterilen sevgiye te\u015fekk\u00fcr etti. Kember payla\u015f\u0131m\u0131nda, &#8220;Arkada\u015flar o foto\u011fraftaki ki\u015fi benim. \u0130lginiz ve g\u00fczel yorumlar\u0131n\u0131z i\u00e7in \u00e7ok te\u015fekk\u00fcr ederim&#8221; ifadelerini kulland\u0131.<\/p>\n","protected":false},"excerpt":{"rendered":"<p>Fenerbah\u00e7e&#8217;nin FCSB deplasman\u0131nda trib\u00fcnlerde sergiledi\u011fi co\u015fkulu sevin\u00e7le g\u00fcndem olan ve &#8220;Hac\u0131 Abi&#8221; lakab\u0131yla fenomen haline gelen taraftar\u0131n kimli\u011fi netlik kazand\u0131. S\u00f6z konusu taraftar\u0131n, Romanya&#8217;da i\u015fletmecilik yapan bir T\u00fcrk restoran\u0131n\u0131n ortaklar\u0131ndan Ali Kember oldu\u011fu ortaya \u00e7\u0131kt\u0131.<\/p>\n","protected":false},"author":1,"featured_media":21377,"comment_status":"open","ping_status":"open","sticky":false,"template":"","format":"standard","meta":{"footnotes":""},"categories":[14],"tags":[],"class_list":["post-21376","post","type-post","status-publish","format-standard","has-post-thumbnail","hentry","category-spor"],"_links":{"self":[{"href":"https:\/\/bihavadis.com\/index.php\/wp-json\/wp\/v2\/posts\/21376","targetHints":{"allow":["GET"]}}],"collection":[{"href":"https:\/\/bihavadis.com\/index.php\/wp-json\/wp\/v2\/posts"}],"about":[{"href":"https:\/\/bihavadis.com\/index.php\/wp-json\/wp\/v2\/types\/post"}],"author":[{"embeddable":true,"href":"https:\/\/bihavadis.com\/index.php\/wp-json\/wp\/v2\/users\/1"}],"replies":[{"embeddable":true,"href":"https:\/\/bihavadis.com\/index.php\/wp-json\/wp\/v2\/comments?post=21376"}],"version-history":[{"count":1,"href":"https:\/\/bihavadis.com\/index.php\/wp-json\/wp\/v2\/posts\/21376\/revisions"}],"predecessor-version":[{"id":21378,"href":"https:\/\/bihavadis.com\/index.php\/wp-json\/wp\/v2\/posts\/21376\/revisions\/21378"}],"wp:featuredmedia":[{"embeddable":true,"href":"https:\/\/bihavadis.com\/index.php\/wp-json\/wp\/v2\/media\/21377"}],"wp:attachment":[{"href":"https:\/\/bihavadis.com\/index.php\/wp-json\/wp\/v2\/media?parent=21376"}],"wp:term":[{"taxonomy":"category","embeddable":true,"href":"https:\/\/bihavadis.com\/index.php\/wp-json\/wp\/v2\/categories?post=21376"},{"taxonomy":"post_tag","embeddable":true,"href":"https:\/\/bihavadis.com\/index.php\/wp-json\/wp\/v2\/tags?post=21376"}],"curies":[{"name":"wp","href":"https:\/\/api.w.org\/{rel}","templated":true}]}}