{"id":21389,"date":"2026-02-08T04:30:07","date_gmt":"2026-02-08T04:30:07","guid":{"rendered":"https:\/\/bihavadis.com\/?p=21389"},"modified":"2026-02-08T04:30:07","modified_gmt":"2026-02-08T04:30:07","slug":"mattia-ahmet-minguzzinin-adi-kalamis-kaykay-parkinda-yasayacak","status":"publish","type":"post","link":"https:\/\/bihavadis.com\/index.php\/2026\/02\/08\/mattia-ahmet-minguzzinin-adi-kalamis-kaykay-parkinda-yasayacak\/","title":{"rendered":"Mattia Ahmet Minguzzi&#8217;nin ad\u0131 Kalam\u0131\u015f Kaykay Park\u0131&#8217;nda ya\u015fayacak"},"content":{"rendered":"<p><b>Kad\u0131k\u00f6y Belediyesi, Mattia Ahmet Minguzzi\u2019nin an\u0131s\u0131n\u0131 ya\u015fatmak i\u00e7in ad\u0131n\u0131 ta\u015f\u0131yan Kalam\u0131\u015f Kaykay Park\u0131\u2019n\u0131n a\u00e7\u0131l\u0131\u015f\u0131n\u0131 ger\u00e7ekle\u015ftirdi. Belediye Ba\u015fkan\u0131 Mesut K\u00f6seda\u011f\u0131, \u201cBuras\u0131 sadece kaykay s\u00fcr\u00fclen bir alan olmas\u0131n; dostluklar\u0131n kuruldu\u011fu, kimsenin kendini yaln\u0131z hissetmedi\u011fi bir park olsun. Mattia Ahmet\u2019in ad\u0131 her g\u00fcl\u00fc\u015fte, her d\u00fc\u015f\u00fcp yeniden kalk\u0131\u015fta ya\u015fas\u0131n.\u201d dedi.<\/b><br \/>Kad\u0131k\u00f6y\u2019de 24 Ocak 2025 tarihinde kaykay malzemesi almak i\u00e7in gitti\u011fi pazarda, u\u011frad\u0131\u011f\u0131 b\u0131\u00e7akl\u0131 sald\u0131r\u0131 sonucu hayat\u0131n\u0131 kaybeden Mattia Ahmet Minguzzi\u2019nin vefat\u0131n\u0131n \u00fczerinden bir y\u0131l ge\u00e7ti. Kad\u0131k\u00f6y Belediyesi, Minguzzi\u2019nin an\u0131s\u0131n\u0131 ya\u015fatmak amac\u0131yla ad\u0131n\u0131 ta\u015f\u0131yan Kaykay Park\u0131\u2019n\u0131n a\u00e7\u0131l\u0131\u015f\u0131n\u0131 ger\u00e7ekle\u015ftirdi.<br \/>Mattia Ahmet Minguzzi Kaykay Park\u0131\u2019n\u0131n a\u00e7\u0131l\u0131\u015f t\u00f6reni, 7 \u015eubat Cumartesi g\u00fcn\u00fc Kalam\u0131\u015f Atat\u00fcrk Park\u0131\u2019nda ger\u00e7ekle\u015ftirildi. T\u00f6rene, Mattia Ahmet Minguzzi\u2019nin annesi Yasemin Minguzzi ile babas\u0131 Andrea Minguzzi\u2019nin yan\u0131 s\u0131ra Kad\u0131k\u00f6y Belediye Ba\u015fkan\u0131 Mesut K\u00f6seda\u011f\u0131, e\u015fi Nihal K\u00f6seda\u011f\u0131, Cumhuriyet Halk Partisi (CHP) Cumhurba\u015fkanl\u0131\u011f\u0131 Aday Ofisi Milli E\u011fitim Politika Kurulu Ba\u015fkan\u0131 Suat \u00d6z\u00e7a\u011fda\u015f, CHP Parti Meclisi \u00dcyeleri K\u00fcbra G\u00f6kdemir, Tolga Sa\u011f ve Baran Seyhan, \u00a0CHP Kad\u0131k\u00f6y \u0130l\u00e7e Ba\u015fkan\u0131 Caner Sar\u0131ta\u015f, Kad\u0131k\u00f6y Belediyesi Meclis \u00dcyeleri, Muhtarlar, kaykay yapt\u0131\u011f\u0131 arkada\u015flar\u0131 \u00e7ok say\u0131da gen\u00e7 ve Kad\u0131k\u00f6yl\u00fcler kat\u0131ld\u0131.<\/p>\n<p><b>&#8220;Mattia Ahmet\u2019in ad\u0131 art\u0131k bu kente emanet&#8221;<\/b><br \/>A\u00e7\u0131l\u0131\u015fta konu\u015fan Kad\u0131k\u00f6y Belediye Ba\u015fkan\u0131 Mesut K\u00f6seda\u011f\u0131, \u201cBug\u00fcn burada olmak hepimiz i\u00e7in zor ama ayn\u0131 zamanda \u00e7ok anlaml\u0131. Mattia Ahmet\u2019in ad\u0131n\u0131 bu kentte ya\u015fatmak, hat\u0131ras\u0131n\u0131 gelece\u011fe ta\u015f\u0131mak i\u00e7in bir araday\u0131z. Bu park, bir evlad\u0131n, bir karde\u015fin, bir arkada\u015f\u0131n an\u0131s\u0131na a\u00e7\u0131l\u0131yor. \u00d6ncelikle sevgili Ahmet\u2019in ailesine seslenmek istiyorum. Ac\u0131n\u0131z\u0131n tarifi yok. Bunu biliyoruz. Ama \u015funu da bilmenizi isterim; Bundan b\u00f6yle Mattia Ahmet\u2019in ad\u0131 art\u0131k yaln\u0131zca sizin de\u011fil, bu kentin de emaneti. Onun an\u0131s\u0131n\u0131 sayg\u0131yla koruyaca\u011f\u0131m\u0131za, ya\u015fataca\u011f\u0131m\u0131za s\u00f6z veriyoruz.\u201d dedi. Gen\u00e7lere de seslenen K\u00f6seda\u011f\u0131, park\u0131n yaln\u0131zca bir spor alan\u0131 olmad\u0131\u011f\u0131n\u0131 belirterek, \u201cBu park sizler i\u00e7in yap\u0131ld\u0131. Kaykay s\u00fcrenler, izleyenler ve hayal kuranlar i\u00e7in. Gen\u00e7lerin enerjisinin bast\u0131r\u0131lmad\u0131\u011f\u0131, aksine desteklendi\u011fi bir alan olsun istedik. \u00c7\u00fcnk\u00fc gen\u00e7lere alan a\u00e7mak, gelece\u011fe sahip \u00e7\u0131kmakt\u0131r. Burada sadece kaykay s\u00fcr\u00fclmesin; dostluklar kurulsun, kimse kendini yaln\u0131z hissetmesin. Mattia Ahmet\u2019in ad\u0131 her g\u00fcl\u00fc\u015fte, her d\u00fc\u015f\u00fcp yeniden kalk\u0131\u015fta ya\u015fas\u0131n.\u201d diye konu\u015ftu.<br \/><b>\u201cOnun gidi\u015finden sonra buraya gelmek \u00e7ok ac\u0131\u201d<\/b><br \/>A\u00e7\u0131l\u0131\u015f t\u00f6reninde Kad\u0131k\u00f6y Belediyesi taraf\u0131ndan, park\u0131n \u00e7ocuklar i\u00e7in yeniden d\u00fczenlenmesinden dolay\u0131 \u00e7ok mutlu oldu\u011funu s\u00f6yleyen Ahmet\u2019in annesi Yasemin Minguzzi \u015fu s\u00f6zlerle konu\u015ftu: \u201cAhmet hep buraya gelirdi ama ben ilk defa bug\u00fcn geldim. Ge\u00e7en sene 23 Nisan\u2019da do\u011fum g\u00fcn\u00fcnde Maltepe Kaykay Park\u0131\u2019na ad\u0131 verilmi\u015fti, o zaman da ilk defa gitmi\u015ftim. \u00c7ocuklar gen\u00e7, \u2018ben de geleyim Ahmet seninle, izleyeyim\u2019 derdim ama tabi hi\u00e7bir zaman annesini istemezdi yan\u0131nda. Onun gidi\u015finden sonra buraya gelmek \u00e7ok ac\u0131. Az \u00f6nce kaykay park\u0131na gittim, onunla konu\u015ftum orada beni bir turuncu kedi kar\u015f\u0131lad\u0131, Ahmet\u2019in sevdi\u011fi renkte. Burada gen\u00e7lerle birlikte olmak g\u00fczel, ben zaten park a\u00e7\u0131l\u0131\u015flar\u0131nda ve daha sonras\u0131nda da geliyorum onlarla vakit ge\u00e7iriyorum. Bizim m\u00fccadelemizde her \u015fey \u00e7ocuklar i\u00e7in.\u201d<br \/><b>\u201cAhmet, kaykay kayan her gencin g\u00fcl\u00fcmsemesinde ya\u015famaya devam etsin\u201d<\/b><br \/>Ahmet\u2019in babas\u0131 Andrea Minguzzi ise \u015funlar\u0131 s\u00f6yledi. \u00a0\u201cBa\u015fta say\u0131n belediye ba\u015fkan\u0131m\u0131za, Kaykay Federasyonu\u2019na ve bu projeye katk\u0131 sa\u011flayan herkese y\u00fcrekten te\u015fekk\u00fcr ederim. Buras\u0131 sadece bir spor alan\u0131 de\u011fil; \u00f6zg\u00fcrl\u00fc\u011f\u00fcn, bulu\u015fman\u0131n ve geli\u015fimin simgesidir. Gen\u00e7ler burada kendini ifade edecek, d\u00fc\u015f\u00fcp aya\u011fa kalkmay\u0131 ve kar\u015f\u0131l\u0131kl\u0131 sayg\u0131y\u0131 \u00f6\u011frenecek. Sporun \u015fiddeti \u00f6nlemenin en g\u00fc\u00e7l\u00fc yollar\u0131ndan biri oldu\u011funa inan\u0131yorum. Ama de\u011fi\u015fim kendimizden ba\u015flar kimseyi su\u00e7lamadan. Her birimiz g\u00fcnl\u00fck davran\u0131\u015flar\u0131m\u0131zla d\u00fcnyay\u0131 de\u011fi\u015ftirebiliriz. Tavsiye vermek \u00e7ok kolay, en zor ama en de\u011ferli olan \u00f6rnek olmakt\u0131r. Dilerim ki bu kaykay park\u0131 ne\u015fenin, dostlu\u011fun ve sayg\u0131n\u0131n yeri olsun. Ahmet, kaykay kayan her gencin g\u00fcl\u00fcmsemesinde ya\u015famaya devam etsin.\u201d<\/p>\n<p>\u00a0<\/p>\n<p>Kaynak: (BYZHA) Beyaz Haber Ajans\u0131<\/p>\n","protected":false},"excerpt":{"rendered":"<p>Kad\u0131k\u00f6y Belediyesi, Mattia Ahmet Minguzzi\u2019nin an\u0131s\u0131n\u0131 ya\u015fatmak i\u00e7in ad\u0131n\u0131 ta\u015f\u0131yan Kalam\u0131\u015f Kaykay Park\u0131\u2019n\u0131n a\u00e7\u0131l\u0131\u015f\u0131n\u0131 ger\u00e7ekle\u015ftirdi.<\/p>\n","protected":false},"author":1,"featured_media":21390,"comment_status":"open","ping_status":"open","sticky":false,"template":"","format":"standard","meta":{"footnotes":""},"categories":[4],"tags":[3839,3837,340,3838,1540],"class_list":["post-21389","post","type-post","status-publish","format-standard","has-post-thumbnail","hentry","category-gundem","tag-acilis","tag-ahmet","tag-genc","tag-kaykay","tag-park"],"_links":{"self":[{"href":"https:\/\/bihavadis.com\/index.php\/wp-json\/wp\/v2\/posts\/21389","targetHints":{"allow":["GET"]}}],"collection":[{"href":"https:\/\/bihavadis.com\/index.php\/wp-json\/wp\/v2\/posts"}],"about":[{"href":"https:\/\/bihavadis.com\/index.php\/wp-json\/wp\/v2\/types\/post"}],"author":[{"embeddable":true,"href":"https:\/\/bihavadis.com\/index.php\/wp-json\/wp\/v2\/users\/1"}],"replies":[{"embeddable":true,"href":"https:\/\/bihavadis.com\/index.php\/wp-json\/wp\/v2\/comments?post=21389"}],"version-history":[{"count":1,"href":"https:\/\/bihavadis.com\/index.php\/wp-json\/wp\/v2\/posts\/21389\/revisions"}],"predecessor-version":[{"id":21391,"href":"https:\/\/bihavadis.com\/index.php\/wp-json\/wp\/v2\/posts\/21389\/revisions\/21391"}],"wp:featuredmedia":[{"embeddable":true,"href":"https:\/\/bihavadis.com\/index.php\/wp-json\/wp\/v2\/media\/21390"}],"wp:attachment":[{"href":"https:\/\/bihavadis.com\/index.php\/wp-json\/wp\/v2\/media?parent=21389"}],"wp:term":[{"taxonomy":"category","embeddable":true,"href":"https:\/\/bihavadis.com\/index.php\/wp-json\/wp\/v2\/categories?post=21389"},{"taxonomy":"post_tag","embeddable":true,"href":"https:\/\/bihavadis.com\/index.php\/wp-json\/wp\/v2\/tags?post=21389"}],"curies":[{"name":"wp","href":"https:\/\/api.w.org\/{rel}","templated":true}]}}