{"id":21446,"date":"2026-02-08T05:12:07","date_gmt":"2026-02-08T05:12:07","guid":{"rendered":"https:\/\/bihavadis.com\/?p=21446"},"modified":"2026-02-08T05:12:07","modified_gmt":"2026-02-08T05:12:07","slug":"time-dergisi-hamaneyi-kapagina-tasidi","status":"publish","type":"post","link":"https:\/\/bihavadis.com\/index.php\/2026\/02\/08\/time-dergisi-hamaneyi-kapagina-tasidi\/","title":{"rendered":"TIME dergisi Hamaney&#8217;i kapa\u011f\u0131na ta\u015f\u0131d\u0131"},"content":{"rendered":"<p>TIME dergisinin <em><b>\u201cAyetullah\u2019tan Sonra\u201d<\/b><\/em> ba\u015fl\u0131kl\u0131 kapa\u011f\u0131, \u0130ran\u2019daki son geli\u015fmelerin ard\u0131ndan yeniden tart\u0131\u015fma konusu oldu.<\/p>\n<p>Edel Rodriguez\u2019in imzas\u0131n\u0131 ta\u015f\u0131yan kapakta, \u0130ran\u2019\u0131n dini lideri Ayetullah Ali Hamaney y\u00fcz\u00fc g\u00f6r\u00fcnmeyecek \u015fekilde, arkas\u0131 d\u00f6n\u00fck bir fig\u00fcr olarak tasvir edildi.<\/p>\n<p>K\u0131z\u0131l tonlar\u0131n h\u00e2kim oldu\u011fu ill\u00fcstrasyon, \u00fclkede protestolar\u0131n t\u0131rman\u0131\u015f\u0131n\u0131 ve artan toplumsal gerilimi simgeliyor.<\/p>\n<p><strong>TIME\u2019DAN \u201cAYETULLAH\u2019TAN SONRA\u201d KAPA\u011eI<\/strong><\/p>\n<p>Bu belirsizlik ortam\u0131nda ABD merkezli TIME dergisi, \u0130ran\u2019\u0131n dini lideri Ali Hamaney\u2019i kapa\u011f\u0131na ta\u015f\u0131d\u0131. <em><b>\u201cAfter the Ayatollah\u201d<\/b><\/em> (Ayetullah\u2019tan Sonra) ba\u015fl\u0131\u011f\u0131n\u0131 kullanan dergi, \u0130ran&#8217;da rejiminin devrilme ihtimaline at\u0131fta bulundu.<\/p>\n<p><img decoding=\"async\" src=\"https:\/\/bihavadis.com\/wp-content\/uploads\/2026\/02\/time-dergisi-hamaneyi-kapagina-tasidi-0-xYDyVV5e.jpg\"\/><\/p>\n<p><strong>\u00d6NCE SADDAM VE KADDAF\u0130, \u015e\u0130MD\u0130 HAMANEY<\/strong><\/p>\n<p>TIME dergisi ge\u00e7mi\u015f y\u0131llarda benzer kapaklara yer verdi.<\/p>\n<p>Dergi, 2003  y\u0131l\u0131nda ABD\u2019nin Irak i\u015fgali \u00f6ncesinde Saddam H\u00fcseyin\u2019in portresini  kapa\u011f\u0131na ta\u015f\u0131yarak <em><b>&#8220;Saddam\u2019dan Sonra Hayat&#8221;<\/b><\/em> ba\u015fl\u0131\u011f\u0131n\u0131 kulland\u0131.<\/p>\n<p>2011 y\u0131l\u0131nda ise Libya lideri Muammer Kaddafi\u2019nin y\u00fcz\u00fcn\u00fcn yar\u0131s\u0131n\u0131n silindi\u011fi bir g\u00f6rselle <em><b>&#8220;Kaddafi\u2019den Sonra D\u00fcnya&#8221;<\/b><\/em> kapa\u011f\u0131 yay\u0131mland\u0131. Her iki lider de bu kapaklar\u0131n ard\u0131ndan k\u0131sa s\u00fcre i\u00e7inde idam edildi.<\/p>\n<p>Ge\u00e7mi\u015f \u00f6rnekler, TIME\u2019\u0131n Ayetullah Ali Hamaney\u2019i arkas\u0131 d\u00f6n\u00fck \u015fekilde betimledi\u011fi son kapa\u011f\u0131yla birlikte yeniden g\u00fcndeme geldi.<\/p>\n<p><strong>HAMANEY&#8217;\u0130 DAHA \u00d6NCE DE KAPA\u011eA TA\u015eIMI\u015eLARDI<\/strong><\/p>\n<p>Ayn\u0131 dergi daha \u00f6nce Haziran 2025 say\u0131s\u0131ndaki kapa\u011f\u0131nda kapa\u011f\u0131nda  Hamaney&#8217;i y\u00fcz\u00fc y\u0131rt\u0131lm\u0131\u015f \u015fekilde resmetmi\u015f, \u0130ran&#8217;da rejim de\u011fi\u015fikli\u011fi  iddialar\u0131n\u0131n g\u00fcndeme ta\u015f\u0131nmas\u0131na sebep olmu\u015ftu.<\/p>\n<p><img decoding=\"async\" src=\"https:\/\/bihavadis.com\/wp-content\/uploads\/2026\/02\/time-dergisi-hamaneyi-kapagina-tasidi-1-ZEalLZsP.jpg\"\/><\/p>\n<p><img decoding=\"async\" src=\"https:\/\/bihavadis.com\/wp-content\/uploads\/2026\/02\/time-dergisi-hamaneyi-kapagina-tasidi-2-GmrpHzlp.jpg\"\/><\/p>\n","protected":false},"excerpt":{"rendered":"<p>ABD ile \u0130ran aras\u0131nda \u00e7oklu krizlerin s\u00fcrd\u00fc\u011f\u00fc bir d\u00f6nemde TIME dergisinin Ayetullah Ali Hamaney\u2019i kapa\u011f\u0131na ta\u015f\u0131mas\u0131, Washington\u2013Tahran hatt\u0131nda yeni mesajlar m\u0131 veriliyor sorusunu g\u00fcndeme getirdi.<\/p>\n","protected":false},"author":1,"featured_media":21447,"comment_status":"open","ping_status":"open","sticky":false,"template":"","format":"standard","meta":{"footnotes":""},"categories":[6],"tags":[3846,3844,3845,3843,3847],"class_list":["post-21446","post","type-post","status-publish","format-standard","has-post-thumbnail","hentry","category-dunya","tag-ayetullah","tag-dergi","tag-hamaney","tag-kapagi","tag-time"],"_links":{"self":[{"href":"https:\/\/bihavadis.com\/index.php\/wp-json\/wp\/v2\/posts\/21446","targetHints":{"allow":["GET"]}}],"collection":[{"href":"https:\/\/bihavadis.com\/index.php\/wp-json\/wp\/v2\/posts"}],"about":[{"href":"https:\/\/bihavadis.com\/index.php\/wp-json\/wp\/v2\/types\/post"}],"author":[{"embeddable":true,"href":"https:\/\/bihavadis.com\/index.php\/wp-json\/wp\/v2\/users\/1"}],"replies":[{"embeddable":true,"href":"https:\/\/bihavadis.com\/index.php\/wp-json\/wp\/v2\/comments?post=21446"}],"version-history":[{"count":1,"href":"https:\/\/bihavadis.com\/index.php\/wp-json\/wp\/v2\/posts\/21446\/revisions"}],"predecessor-version":[{"id":21451,"href":"https:\/\/bihavadis.com\/index.php\/wp-json\/wp\/v2\/posts\/21446\/revisions\/21451"}],"wp:featuredmedia":[{"embeddable":true,"href":"https:\/\/bihavadis.com\/index.php\/wp-json\/wp\/v2\/media\/21447"}],"wp:attachment":[{"href":"https:\/\/bihavadis.com\/index.php\/wp-json\/wp\/v2\/media?parent=21446"}],"wp:term":[{"taxonomy":"category","embeddable":true,"href":"https:\/\/bihavadis.com\/index.php\/wp-json\/wp\/v2\/categories?post=21446"},{"taxonomy":"post_tag","embeddable":true,"href":"https:\/\/bihavadis.com\/index.php\/wp-json\/wp\/v2\/tags?post=21446"}],"curies":[{"name":"wp","href":"https:\/\/api.w.org\/{rel}","templated":true}]}}