{"id":21463,"date":"2026-02-08T05:24:08","date_gmt":"2026-02-08T05:24:08","guid":{"rendered":"https:\/\/bihavadis.com\/?p=21463"},"modified":"2026-02-08T05:24:08","modified_gmt":"2026-02-08T05:24:08","slug":"aselsandan-korkut-ile-avrupa-hamlesi","status":"publish","type":"post","link":"https:\/\/bihavadis.com\/index.php\/2026\/02\/08\/aselsandan-korkut-ile-avrupa-hamlesi\/","title":{"rendered":"ASELSAN\u2019dan KORKUT ile Avrupa hamlesi"},"content":{"rendered":"<p>ASELSAN, CSG Grubu b\u00fcnyesinde faaliyet g\u00f6steren \u00c7ek savunma \u015firketi Excalibur International ile stratejik i\u015fbirli\u011fi anla\u015fmas\u0131na imza att\u0131.<\/p>\n<p><strong>KORKUT \u0130\u00c7\u0130N AVRUPA VE K\u00dcRESEL PAZARLARA ODAKLI ORTAK G\u0130R\u0130\u015e\u0130M<\/strong><\/p>\n<p>Anla\u015fma kapsam\u0131nda, Avrupa merkezli bir ortak giri\u015fim kurulmas\u0131 ve Tatra Force 6&#215;6 tekerlekli platformuna entegre edilen KORKUT Hava Savunma Sistemi\u2019nin Avrupa ba\u015fta olmak \u00fczere k\u00fcresel pazarlarda tan\u0131t\u0131lmas\u0131 hedefleniyor.<\/p>\n<p>CSG taraf\u0131ndan yap\u0131lan a\u00e7\u0131klamada, s\u00f6z konusu ortakl\u0131\u011f\u0131n Avrupa ve uluslararas\u0131 pazarlarda ortak savunma kabiliyetlerini g\u00fc\u00e7lendirmeyi ama\u00e7lad\u0131\u011f\u0131 belirtildi.<\/p>\n<p>Bu anla\u015fma, sadece Orta ve Do\u011fu Avrupa&#8217;da de\u011fil, d\u00fcnya genelinde savunma i\u015fbirli\u011fini g\u00fc\u00e7lendirme yolunda at\u0131lm\u0131\u015f \u00f6nemli bir ad\u0131m olu\u015fturuyor. Yeni kurulan ortak giri\u015fim, hava savunmas\u0131, elektronik harp, ak\u0131ll\u0131 m\u00fchimmat ve s\u0131n\u0131r g\u00fcvenli\u011fi gibi kilit alanlarda teknik i\u015fbirli\u011fine odaklanacak. Sistemin yerelle\u015ftirilmesi kapsam\u0131nda, \u00fcretimin \u00c7ek Cumhuriyeti ve Slovakya&#8217;daki CSG tesislerine aktar\u0131lmas\u0131 planlan\u0131yor.<\/p>\n<p><img decoding=\"async\" src=\"https:\/\/bihavadis.com\/wp-content\/uploads\/2026\/02\/aselsandan-korkut-ile-avrupa-hamlesi-0-xvNSF3Cp.jpg\"\/><\/p>\n<p><strong>TATRA ENTEGRASYONUYLA KORKUT\u2019A ULUSLARARASI \u0130LG\u0130<\/strong><\/p>\n<p>Bu ortakl\u0131\u011f\u0131n ilk somut sonu\u00e7lar\u0131ndan biri, KORKUT Hava Savunma  Sistemi&#8217;nin Tatra Force 6X6 tekerlekli platformuna entegre edilmesi  olacak. Avrupa\u2019daki m\u00fc\u015fterilerin yan\u0131 s\u0131ra k\u00fcresel pazar i\u00e7in de  tasarlanan bu sistem, benzer Avrupa men\u015feli hava savunma sistemlerine  tam te\u015fekk\u00fcll\u00fc bir alternatif te\u015fkil ediyor.<\/p>\n<p>\u0130nsans\u0131z hava ara\u00e7lar\u0131na kar\u015f\u0131 y\u00fcksek hareket kabiliyetine sahip ve  etkili savunman\u0131n artan \u00f6nemini g\u00f6steren modern sava\u015f alan\u0131 geli\u015fmeleri  g\u00f6z \u00f6n\u00fcne al\u0131nd\u0131\u011f\u0131nda kendini kan\u0131tlam\u0131\u015f Tatra platformuna entegre  edilen KORKUT sisteminin, k\u0131sa s\u00fcrede m\u00fc\u015fteri ilgisini \u00e7ekmesi ve  uluslararas\u0131 pazarda g\u00fc\u00e7l\u00fc bir konum edinmesi bekleniyor.<\/p>\n<p><img decoding=\"async\" src=\"https:\/\/bihavadis.com\/wp-content\/uploads\/2026\/02\/aselsandan-korkut-ile-avrupa-hamlesi-1-ZC9cXcZZ.jpg\"\/><\/p>\n<p><strong>&#8220;BUG\u00dcN\u00dcN D\u0130NAM\u0130K SAVA\u015e ALANI ORTAMI \u0130\u00c7\u0130N ESNEK B\u0130R \u00c7\u00d6Z\u00dcM YARATIYOR&#8221;<\/strong><\/p>\n<p>Excalibur International CEO&#8217;su Milos Sivara konuya ili\u015fkin  de\u011ferlendirmesinde KORKUT sisteminin, \u00f6zellikle d\u00fc\u015fman \u0130HA&#8217;lar\u0131na kar\u015f\u0131  modern ve son derece etkili bir hava savunma \u00e7\u00f6z\u00fcm\u00fc sundu\u011funu ifade  etti. Sivara, <em><b>&#8220;Sistem, y\u00fcksek hassasiyetli programlanabilir  m\u00fchimmat kullan\u0131yor, bu da pratikte tek bir \u0130HA&#8217;y\u0131 etkisiz hale getirme  maliyetinin, \u0130HA&#8217;n\u0131n kendi maliyetiyle k\u0131yaslanabilir olmas\u0131 demektir.  Bu d\u00fczeyde bir maliyet etkinli\u011fi, geleneksel f\u00fcze tabanl\u0131 hava savunma  sistemleriyle elde edilemez&#8221;<\/b><\/em> ifadelerini kulland\u0131.<\/p>\n<p>ASELSAN\u00a0Genel M\u00fcd\u00fcr\u00fc Ahmet Akyol da Excalibur International ve CSG  Grubu ile yap\u0131lan bu ortakl\u0131k sayesinde\u00a0ASELSAN&#8217;\u0131n, Avrupa ve k\u00fcresel  \u00f6l\u00e7ekteki end\u00fcstriyel varl\u0131\u011f\u0131n\u0131 g\u00fc\u00e7lendirirken, Avrupa ve m\u00fcttefik  silahl\u0131 kuvvetlerinin ihtiya\u00e7lar\u0131na g\u00f6re uyarlanm\u0131\u015f, sava\u015f ortam\u0131nda  kendini kan\u0131tlam\u0131\u015f hava savunma \u00e7\u00f6z\u00fcmleri sundu\u011funu belirtti. Akyol,  <em><b>&#8220;KORKUT sisteminin Tatra platformuna entegrasyonu, geli\u015fmi\u015f sens\u00f6r ve  at\u0131\u015f kontrol teknolojilerini, y\u00fcksek hareket kabiliyetine sahip ve  g\u00fcvenilir bir ara\u00e7la birle\u015ftirerek bug\u00fcn\u00fcn dinamik sava\u015f alan\u0131 ortam\u0131  i\u00e7in esnek bir \u00e7\u00f6z\u00fcm yarat\u0131yor&#8221;<\/b><\/em> de\u011ferlendirmesinde bulundu.<\/p>\n","protected":false},"excerpt":{"rendered":"<p>ASELSAN, \u00c7ek savunma firmas\u0131 Excalibur International ile stratejik i\u015fbirli\u011fi anla\u015fmas\u0131 imzalayarak Avrupa merkezli ortak bir giri\u015fim kurma ve Tatra Force 6&#215;6 platformuna entegre edilen KORKUT hava savunma sistemini Avrupa pazar\u0131nda tan\u0131tma karar\u0131 ald\u0131.<\/p>\n","protected":false},"author":1,"featured_media":21464,"comment_status":"open","ping_status":"open","sticky":false,"template":"","format":"standard","meta":{"footnotes":""},"categories":[16],"tags":[1090,3850,3849,3848,1041],"class_list":["post-21463","post","type-post","status-publish","format-standard","has-post-thumbnail","hentry","category-teknoloji","tag-avrupa","tag-hava-savunma","tag-korkut","tag-ortak","tag-tek"],"_links":{"self":[{"href":"https:\/\/bihavadis.com\/index.php\/wp-json\/wp\/v2\/posts\/21463","targetHints":{"allow":["GET"]}}],"collection":[{"href":"https:\/\/bihavadis.com\/index.php\/wp-json\/wp\/v2\/posts"}],"about":[{"href":"https:\/\/bihavadis.com\/index.php\/wp-json\/wp\/v2\/types\/post"}],"author":[{"embeddable":true,"href":"https:\/\/bihavadis.com\/index.php\/wp-json\/wp\/v2\/users\/1"}],"replies":[{"embeddable":true,"href":"https:\/\/bihavadis.com\/index.php\/wp-json\/wp\/v2\/comments?post=21463"}],"version-history":[{"count":1,"href":"https:\/\/bihavadis.com\/index.php\/wp-json\/wp\/v2\/posts\/21463\/revisions"}],"predecessor-version":[{"id":21467,"href":"https:\/\/bihavadis.com\/index.php\/wp-json\/wp\/v2\/posts\/21463\/revisions\/21467"}],"wp:featuredmedia":[{"embeddable":true,"href":"https:\/\/bihavadis.com\/index.php\/wp-json\/wp\/v2\/media\/21464"}],"wp:attachment":[{"href":"https:\/\/bihavadis.com\/index.php\/wp-json\/wp\/v2\/media?parent=21463"}],"wp:term":[{"taxonomy":"category","embeddable":true,"href":"https:\/\/bihavadis.com\/index.php\/wp-json\/wp\/v2\/categories?post=21463"},{"taxonomy":"post_tag","embeddable":true,"href":"https:\/\/bihavadis.com\/index.php\/wp-json\/wp\/v2\/tags?post=21463"}],"curies":[{"name":"wp","href":"https:\/\/api.w.org\/{rel}","templated":true}]}}