{"id":21480,"date":"2026-02-08T05:36:07","date_gmt":"2026-02-08T05:36:07","guid":{"rendered":"https:\/\/bihavadis.com\/?p=21480"},"modified":"2026-02-08T05:36:07","modified_gmt":"2026-02-08T05:36:07","slug":"trump-iran-nukleer-programini-yeniden-baslatmaya-calisiyor","status":"publish","type":"post","link":"https:\/\/bihavadis.com\/index.php\/2026\/02\/08\/trump-iran-nukleer-programini-yeniden-baslatmaya-calisiyor\/","title":{"rendered":"Trump: \u0130ran n\u00fckleer program\u0131n\u0131 yeniden ba\u015flatmaya \u00e7al\u0131\u015f\u0131yor"},"content":{"rendered":"<p>ABD Ba\u015fkan\u0131 Donald Trump, \u0130ran ile cuma g\u00fcn\u00fc Umman\u2019\u0131n ba\u015fkenti Maskat\u2019ta yap\u0131lmas\u0131 beklenen g\u00f6r\u00fc\u015fmeler \u00f6ncesinde NBC News&#8217;e g\u00fcndeme dair konu\u015ftu.<\/p>\n<p><strong>TRUMP\u2019TAN \u0130RAN\u2019A YEN\u0130 N\u00dcKLEER TES\u0130S UYARISI<\/strong><\/p>\n<p>\u0130ran&#8217;\u0131n ABD ordusunun vurdu\u011fu n\u00fckleer tesislere d\u00f6nemedi\u011fi ancak \u00fclkenin ba\u015fka bir noktas\u0131nda yeni bir n\u00fckleer tesis kurmay\u0131 d\u00fc\u015f\u00fcnd\u00fc\u011f\u00fcn\u00fc \u00f6ne s\u00fcren Trump, <em><b>&#8220;Bunu \u00f6\u011frendik ve &#8216;Bunu yaparsan\u0131z \u00e7ok a\u011f\u0131r sonu\u00e7lar\u0131 olur.&#8217; dedim.&#8221;<\/b><\/em> ifadesini kulland\u0131.<\/p>\n<p>ABD ve m\u00fcttefiki \u0130srail, \u0130ran\u2019\u0131 n\u00fckleer silah geli\u015ftirmeye \u00e7al\u0131\u015fmakla su\u00e7larken, \u0130ran ise n\u00fckleer program\u0131n\u0131n elektrik \u00fcretimi dahil bar\u0131\u015f\u00e7\u0131l ama\u00e7lara y\u00f6nelik oldu\u011funu savunuyor.<\/p>\n<p><strong>\u0130RAN\u2019LA G\u00d6R\u00dc\u015eMELERDE BAL\u0130ST\u0130K F\u00dcZELER VE N\u00dcKLEER PROGRAM MASADA<\/strong><\/p>\n<p>AA muhabirine a\u00e7\u0131klama yapan bir Beyaz Saray yetkilisi, \u0130ran&#8217;la m\u00fczakerelerin 6 \u015eubat Cuma g\u00fcn\u00fc Umman&#8217;\u0131n ba\u015fkenti Maskat&#8217;ta yap\u0131laca\u011f\u0131n\u0131 belirtmi\u015fti.<\/p>\n<p>ABD D\u0131\u015fi\u015fleri Bakan\u0131 Marco Rubio, konuyla ilgili a\u00e7\u0131klamas\u0131nda, \u0130ran&#8217;la yap\u0131lacak g\u00f6r\u00fc\u015fmelerde baz\u0131 ba\u015fl\u0131klar\u0131n mutlaka masada olmas\u0131 gerekti\u011fini vurgulayarak, <em><b>&#8220;G\u00f6r\u00fc\u015fmelerin ger\u00e7ekten anlaml\u0131 bir sonuca ula\u015fmas\u0131 i\u00e7in baz\u0131 ba\u015fl\u0131klar\u0131 i\u00e7ermesi gerekiyor. Bunlar aras\u0131nda balistik f\u00fczelerin menzili, b\u00f6lgedeki ter\u00f6r \u00f6rg\u00fctlerine verdikleri destek, n\u00fckleer programlar\u0131 ve kendi halk\u0131na y\u00f6nelik muameleleri yer al\u0131yor.&#8221;<\/b><\/em> demi\u015fti.<\/p>\n<p><img decoding=\"async\" src=\"https:\/\/bihavadis.com\/wp-content\/uploads\/2026\/02\/trump-iran-nukleer-programini-yeniden-baslatmaya-calisiyor-0-L7FUDpdq.jpg\"\/><\/p>\n<p><strong>\u0130RAN&#8217;A Y\u00d6NEL\u0130K &#8220;GECE YARISI \u00c7EK\u0130C\u0130&#8221; OPERASYONU<\/strong><\/p>\n<p>\u0130srail, \u0130ran ile ABD aras\u0131nda n\u00fckleer m\u00fczakere s\u00fcreci devam ederken 13 Haziran 2025&#8217;te \u0130ran&#8217;\u0131n \u00e7e\u015fitli kentlerinde n\u00fckleer ve askeri tesisler ile sivil yerle\u015fim yerlerini hedef alan sald\u0131r\u0131lar ba\u015flatm\u0131\u015ft\u0131.<\/p>\n<p>\u0130srail&#8217;e a\u00e7\u0131ktan destek veren ABD, 22 Haziran 2025&#8217;te \u0130ran&#8217;\u0131n Natanz, Fordo ve \u0130sfahan&#8217;daki 3 n\u00fckleer tesisine, sadece ABD&#8217;nin elinde bulunan ve <em><b>&#8220;s\u0131\u011f\u0131nak delici&#8221;<\/b><\/em> bombalarla <em><b>&#8220;Gece Yar\u0131s\u0131 \u00c7ekici&#8221;<\/b><\/em> ad\u0131n\u0131 verdi\u011fi operasyonla sald\u0131r\u0131lar d\u00fczenlemi\u015fti.<\/p>\n<p>ABD Ba\u015fkan\u0131 Trump, sald\u0131r\u0131lar\u0131 <em><b>&#8220;b\u00fcy\u00fck ba\u015far\u0131&#8221;<\/b><\/em> \u015feklinde nitelerken medyaya s\u0131zan ilk hasar de\u011ferlendirme raporunda sald\u0131r\u0131lar\u0131n \u0130ran&#8217;\u0131n n\u00fckleer program\u0131n\u0131 <em><b>&#8220;yok etmedi\u011fi&#8221;<\/b><\/em>, sadece <em><b>&#8220;birka\u00e7 ay geriletti\u011fi&#8221;<\/b><\/em> \u00f6ne s\u00fcr\u00fclm\u00fc\u015ft\u00fc.<\/p>\n","protected":false},"excerpt":{"rendered":"<p>ABD Ba\u015fkan\u0131 Donald Trump, d\u00fczenledikleri hava sald\u0131r\u0131lar\u0131n\u0131n ard\u0131ndan \u0130ran&#8217;\u0131n n\u00fckleer program\u0131n\u0131 yeniden ba\u015flatma giri\u015fiminde bulundu\u011funu iddia etti.<\/p>\n","protected":false},"author":1,"featured_media":21481,"comment_status":"open","ping_status":"open","sticky":false,"template":"","format":"standard","meta":{"footnotes":""},"categories":[6],"tags":[272,271,1539,1976],"class_list":["post-21480","post","type-post","status-publish","format-standard","has-post-thumbnail","hentry","category-dunya","tag-abd","tag-iran","tag-nukleer","tag-tesis"],"_links":{"self":[{"href":"https:\/\/bihavadis.com\/index.php\/wp-json\/wp\/v2\/posts\/21480","targetHints":{"allow":["GET"]}}],"collection":[{"href":"https:\/\/bihavadis.com\/index.php\/wp-json\/wp\/v2\/posts"}],"about":[{"href":"https:\/\/bihavadis.com\/index.php\/wp-json\/wp\/v2\/types\/post"}],"author":[{"embeddable":true,"href":"https:\/\/bihavadis.com\/index.php\/wp-json\/wp\/v2\/users\/1"}],"replies":[{"embeddable":true,"href":"https:\/\/bihavadis.com\/index.php\/wp-json\/wp\/v2\/comments?post=21480"}],"version-history":[{"count":1,"href":"https:\/\/bihavadis.com\/index.php\/wp-json\/wp\/v2\/posts\/21480\/revisions"}],"predecessor-version":[{"id":21483,"href":"https:\/\/bihavadis.com\/index.php\/wp-json\/wp\/v2\/posts\/21480\/revisions\/21483"}],"wp:featuredmedia":[{"embeddable":true,"href":"https:\/\/bihavadis.com\/index.php\/wp-json\/wp\/v2\/media\/21481"}],"wp:attachment":[{"href":"https:\/\/bihavadis.com\/index.php\/wp-json\/wp\/v2\/media?parent=21480"}],"wp:term":[{"taxonomy":"category","embeddable":true,"href":"https:\/\/bihavadis.com\/index.php\/wp-json\/wp\/v2\/categories?post=21480"},{"taxonomy":"post_tag","embeddable":true,"href":"https:\/\/bihavadis.com\/index.php\/wp-json\/wp\/v2\/tags?post=21480"}],"curies":[{"name":"wp","href":"https:\/\/api.w.org\/{rel}","templated":true}]}}