{"id":21541,"date":"2026-02-08T06:21:06","date_gmt":"2026-02-08T06:21:06","guid":{"rendered":"https:\/\/bihavadis.com\/?p=21541"},"modified":"2026-02-08T06:21:06","modified_gmt":"2026-02-08T06:21:06","slug":"kolombiyada-silahli-isyan-orgutune-operasyon-7-uye-olduruldu","status":"publish","type":"post","link":"https:\/\/bihavadis.com\/index.php\/2026\/02\/08\/kolombiyada-silahli-isyan-orgutune-operasyon-7-uye-olduruldu\/","title":{"rendered":"Kolombiya&#8217;da silahl\u0131 isyan \u00f6rg\u00fct\u00fcne operasyon: 7 \u00fcye \u00f6ld\u00fcr\u00fcld\u00fc"},"content":{"rendered":"<p>Kolombiya Cumhurba\u015fkan\u0131 Gustavo Petro Petro, ABD merkezli X \u015firketinin sosyal medya platformundan yapt\u0131\u011f\u0131 payla\u015f\u0131mda, Catatumbo b\u00f6lgesinde ELN&#8217;yi hedef alan hava sald\u0131r\u0131s\u0131 talimat\u0131 verdi\u011fini belirtti.<\/p>\n<p>Operasyon yap\u0131lan b\u00f6lgede zorla silah alt\u0131na al\u0131nan \u00e7ocuklar\u0131n bulunmamas\u0131na azami dikkat g\u00f6sterdiklerini vurgulayan Petro, 7 ki\u015finin \u00f6ld\u00fcr\u00fcld\u00fc\u011f\u00fcn\u00fc duyurdu.\u00a0<\/p>\n<p><strong>&#8220;BARI\u015eA 200 K\u00d6YL\u00dcY\u00dc \u00d6LD\u00dcREREK CEVAP VERD\u0130LER&#8221;<\/strong><\/p>\n<p>Petro a\u00e7\u0131klamas\u0131nda, <em><b>&#8220;ELN \u00fcyesi 7 ki\u015fi \u00f6ld\u00fcr\u00fcld\u00fc, 1 ki\u015fi yakaland\u0131 ve 12 t\u00fcfek ele ge\u00e7irildi. B\u00f6lgeden ka\u00e7an da\u011f\u0131n\u0131k gruplar i\u00e7inde daha fazla yaral\u0131 olmas\u0131 m\u00fcmk\u00fcnd\u00fcr. 3 y\u0131l \u00f6nce ELN&#8217;ye bir bar\u0131\u015f s\u00fcreci \u00f6nerildi. Buna kar\u015f\u0131l\u0131k 1 y\u0131l \u00f6nce Catatumbo&#8217;da 200 k\u00f6yl\u00fcy\u00fc \u00f6ld\u00fcrerek cevap verdiler.&#8221; <\/b><\/em>ifadelerini kulland\u0131.<\/p>\n<p><strong>&#8220;\u0130SMLER\u0130 UZUN ZAMANDIR ABD \u0130ST\u0130HBARATININ EL\u0130NDED\u0130R&#8221;<\/strong><\/p>\n<p>Petro, ABD Ba\u015fkan\u0131 Donald Trump ile Beyaz Saray&#8217;da yapt\u0131\u011f\u0131 g\u00f6r\u00fc\u015fmeyi hat\u0131rlatarak, <em><b>&#8220;D\u00fcnyan\u0131n en l\u00fcks yerlerinde su\u00e7lular\u0131n rahat i\u00e7inde ya\u015famas\u0131, bedelini ise Kolombiya\u2019n\u0131n yoksul k\u00f6yl\u00fclerinin \u00f6demesi ve \u00f6lmesi kabul edilemez. Bu mafyalar\u0131n isimleri uzun zamand\u0131r ABD istihbarat kurumlar\u0131n\u0131n elindedir.&#8221; <\/b><\/em>a\u00e7\u0131klamas\u0131nda bulundu.<\/p>\n<p><img decoding=\"async\" src=\"https:\/\/bihavadis.com\/wp-content\/uploads\/2026\/02\/kolombiyada-silahli-isyan-orgutune-operasyon-7-uye-olduruldu-0-x8BauikX.jpg\"\/><\/p>\n<p><strong>ABD&#8217;N\u0130N VENEZUELA OPERASYONUNA ELE\u015eT\u0130R\u0130 <\/strong><\/p>\n<p>Bu arada ABD ziyareti kapsam\u0131nda Washington&#8217;da \u0130spanyol haber ajans\u0131 EFE&#8217;ye k\u0131sa bir deme\u00e7 veren Petro, ABD&#8217;nin Venezuela&#8217;ya 3 Ocak&#8217;taki askeri m\u00fcdahalesini ele\u015ftirerek, <em><b>&#8220;Hi\u00e7bir \u00fclke ba\u015fka bir \u00fclkeyi i\u015fgal etmemelidir.&#8221; <\/b><\/em>diye konu\u015ftu.<\/p>\n<p><strong>&#8220;SON 3 YILDA HUKUKA Y\u00d6NELMED\u0130K&#8221;<\/strong><\/p>\n<p>Amerikan Devletleri \u00d6rg\u00fct\u00fc&#8217;n\u00fcn (OEA) tutumunu ele\u015ftiren Petro, <em><b>&#8220;Son 3 y\u0131lda hukuka y\u00f6nelmedik, kolektif olarak olu\u015fturulan kurallara y\u00f6nelmedik. Benim g\u00f6rd\u00fc\u011f\u00fcm kadar\u0131yla daha b\u00fcy\u00fck bir yetersizli\u011fe do\u011fru gidildi ve yine g\u00f6rd\u00fc\u011f\u00fcm kadar\u0131yla Amerikan insan haklar\u0131 sisteminin y\u00f6netmeli\u011fi de\u011fi\u015ftirildi.&#8221;<\/b><\/em> de\u011ferlendirmesinde bulundu.<\/p>\n<p><img decoding=\"async\" src=\"https:\/\/bihavadis.com\/wp-content\/uploads\/2026\/02\/kolombiyada-silahli-isyan-orgutune-operasyon-7-uye-olduruldu-1-vGIn1bVE.jpg\"\/><\/p>\n","protected":false},"excerpt":{"rendered":"<p>Cumhurba\u015fkan\u0131 Gustavo Petro&#8217;nun talimat\u0131yla, Kolombiya&#8217;da silahl\u0131 isyanc\u0131 \u00f6rg\u00fct Ulusal Kurtulu\u015f Ordusuna (ELN) y\u00f6nelik d\u00fczenlenen operasyonda 7 \u00f6rg\u00fct \u00fcyesinin \u00f6ld\u00fcr\u00fcld\u00fc\u011f\u00fc bildirildi.<\/p>\n","protected":false},"author":1,"featured_media":21542,"comment_status":"open","ping_status":"open","sticky":false,"template":"","format":"standard","meta":{"footnotes":""},"categories":[6],"tags":[272,526],"class_list":["post-21541","post","type-post","status-publish","format-standard","has-post-thumbnail","hentry","category-dunya","tag-abd","tag-petro"],"_links":{"self":[{"href":"https:\/\/bihavadis.com\/index.php\/wp-json\/wp\/v2\/posts\/21541","targetHints":{"allow":["GET"]}}],"collection":[{"href":"https:\/\/bihavadis.com\/index.php\/wp-json\/wp\/v2\/posts"}],"about":[{"href":"https:\/\/bihavadis.com\/index.php\/wp-json\/wp\/v2\/types\/post"}],"author":[{"embeddable":true,"href":"https:\/\/bihavadis.com\/index.php\/wp-json\/wp\/v2\/users\/1"}],"replies":[{"embeddable":true,"href":"https:\/\/bihavadis.com\/index.php\/wp-json\/wp\/v2\/comments?post=21541"}],"version-history":[{"count":1,"href":"https:\/\/bihavadis.com\/index.php\/wp-json\/wp\/v2\/posts\/21541\/revisions"}],"predecessor-version":[{"id":21545,"href":"https:\/\/bihavadis.com\/index.php\/wp-json\/wp\/v2\/posts\/21541\/revisions\/21545"}],"wp:featuredmedia":[{"embeddable":true,"href":"https:\/\/bihavadis.com\/index.php\/wp-json\/wp\/v2\/media\/21542"}],"wp:attachment":[{"href":"https:\/\/bihavadis.com\/index.php\/wp-json\/wp\/v2\/media?parent=21541"}],"wp:term":[{"taxonomy":"category","embeddable":true,"href":"https:\/\/bihavadis.com\/index.php\/wp-json\/wp\/v2\/categories?post=21541"},{"taxonomy":"post_tag","embeddable":true,"href":"https:\/\/bihavadis.com\/index.php\/wp-json\/wp\/v2\/tags?post=21541"}],"curies":[{"name":"wp","href":"https:\/\/api.w.org\/{rel}","templated":true}]}}