{"id":21556,"date":"2026-02-08T06:33:06","date_gmt":"2026-02-08T06:33:06","guid":{"rendered":"https:\/\/bihavadis.com\/?p=21556"},"modified":"2026-02-08T06:33:06","modified_gmt":"2026-02-08T06:33:06","slug":"adanada-bosandigi-esi-gostermedi-anne-ve-cocugu-15-yil-sonra-bulustu","status":"publish","type":"post","link":"https:\/\/bihavadis.com\/index.php\/2026\/02\/08\/adanada-bosandigi-esi-gostermedi-anne-ve-cocugu-15-yil-sonra-bulustu\/","title":{"rendered":"Adana&#8217;da bo\u015fand\u0131\u011f\u0131 e\u015fi g\u00f6stermedi: Anne ve \u00e7ocu\u011fu 1,5 y\u0131l sonra bulu\u015ftu"},"content":{"rendered":"<p>Adana&#8217;da ya\u015fayan \u00d6zge Ta\u015f (27), 7 sene \u00f6nce O.Y. (29) ile evlendi.<\/p>\n<p>\u00c7iftin bu evlilikten E.A. (5) isimli erkek \u00e7ocuklar\u0131 d\u00fcnyaya geldi.<\/p>\n<p>Ancak iddiaya g\u00f6re, gen\u00e7 kad\u0131n evlendi\u011finden bu yana s\u00fcrekli e\u015finden fiziki ve psikolojik olarak \u015fiddet g\u00f6rd\u00fc.<\/p>\n<p><strong>VELAYET ANNEYE VER\u0130LD\u0130 <\/strong><\/p>\n<p>2022 y\u0131l\u0131nda Ta\u015f, evini ay\u0131r\u0131p bo\u015fanma davas\u0131 a\u00e7t\u0131.<\/p>\n<p>\u00c7ift, 2023 y\u0131l\u0131nda bo\u015fand\u0131 ve \u00e7ocu\u011fun velayeti anneye verildi.<\/p>\n<p><strong>\u00c7OCU\u011eU B\u0130R DAHA GER\u0130 GET\u0130RMED\u0130 <\/strong><\/p>\n<p>1,5 y\u0131l \u00f6nce O.Y., g\u00f6r\u00fc\u015f g\u00fcn\u00fc o\u011flunu ald\u0131 ancak daha sonra savc\u0131l\u0131\u011fa gidip, <em><b>\u2018Bo\u015fand\u0131\u011f\u0131m e\u015fim bana \u00e7ocu\u011fumu g\u00f6stermiyor, \u00e7ocu\u011fumun can g\u00fcvenli\u011finden endi\u015fe ediyorum&#8217;<\/b><\/em> diyerek \u015fikayet\u00e7i olup bir daha da geri getirmedi.<\/p>\n<p><img decoding=\"async\" src=\"https:\/\/bihavadis.com\/wp-content\/uploads\/2026\/02\/adanada-bosandigi-esi-gostermedi-anne-ve-cocugu-15-yil-sonra-bulustu-0-MU3vBS2q.jpg\"\/><\/p>\n<p><strong>25 G\u00dcN CEZAEV\u0130NE G\u0130RD\u0130 <\/strong><\/p>\n<p>Bu s\u00fcre\u00e7te gen\u00e7 kad\u0131n \u00e7ocu\u011fu g\u00f6r\u00fc\u015f g\u00fcn\u00fcne ge\u00e7 g\u00f6t\u00fcrd\u00fc\u011f\u00fc i\u00e7in de 25 g\u00fcn cezaevinde kald\u0131.<\/p>\n<p>Cezaevinden \u00e7\u0131kt\u0131ktan sonra 1,5 y\u0131ld\u0131r e\u015fini aile mahkemesine \u015fikayet eden Ta\u015f, son olarak avukat Nazan Ak\u00e7a&#8217;ya ula\u015ft\u0131.<\/p>\n<p><strong>POL\u0130S MERKEZ\u0130NDE ANNEYE TESL\u0130M ED\u0130LD\u0130 <\/strong><\/p>\n<p>Ak\u00e7a, savc\u0131l\u0131\u011fa gidip velayeti annede olan \u00e7ocu\u011fu babas\u0131 zorla ka\u00e7\u0131rd\u0131 diyerek \u2018\u00c7ocuk ka\u00e7\u0131rma&#8217; su\u00e7undan \u015fikayet\u00e7i oldu ve O.Y. hakk\u0131nda arama karar\u0131 \u00e7\u0131kart\u0131ld\u0131.<\/p>\n<p>3 \u015eubat Sal\u0131 g\u00fcn\u00fc O.Y., polis taraf\u0131ndan yakaland\u0131.<\/p>\n<p>E.A.&#8217;da ak\u015fam saatlerinde \u015eehit Mustafa Sar\u0131 Polis Merkezi Amirli\u011fi&#8217;nde annesine teslim edildi.<\/p>\n<p><img decoding=\"async\" src=\"https:\/\/bihavadis.com\/wp-content\/uploads\/2026\/02\/adanada-bosandigi-esi-gostermedi-anne-ve-cocugu-15-yil-sonra-bulustu-1-ykMtD5c6.jpg\"\/><\/p>\n<p><strong>&#8220;1,5 YILDIR \u00c7OCU\u011eUMDAN AYRIYDIM&#8221;<\/strong><\/p>\n<p>Ya\u015fad\u0131klar\u0131n\u0131 \u0130HA muhabirine anlatan anne \u00d6zge Ta\u015f, <em><b>&#8220;1,5 y\u0131ld\u0131r o\u011flumdan ayr\u0131yd\u0131m. Ba\u015fvurmad\u0131\u011f\u0131m yer kalmad\u0131 ancak bu \u015fah\u0131s s\u00fcrekli evlad\u0131m\u0131 benden ka\u00e7\u0131rd\u0131. Bu \u015fah\u0131s, 6 \u015eubat 2023 tarihinde deprem g\u00fcn\u00fc bile gelip \u00e7ocu\u011fu g\u00f6rece\u011fim diyerek zorla babam\u0131, karde\u015fimi b\u0131\u00e7akla yaralad\u0131. O olaylar\u0131n davas\u0131 halen s\u00fcrerken ben \u00e7ocu\u011fu g\u00f6r\u00fc\u015f g\u00fcn\u00fcne ge\u00e7 g\u00f6t\u00fcrd\u00fc\u011f\u00fcm gerek\u00e7esiyle ceza ald\u0131m&#8221;<\/b><\/em> diye konu\u015ftu.<\/p>\n<p><strong>&#8220;EVLADIMA KAVU\u015eTU\u011eUM \u0130\u00c7\u0130N \u00c7OK MUTLUYUM&#8221;<\/strong><\/p>\n<p>1,5 y\u0131ld\u0131r evlad\u0131ndan haber alamad\u0131\u011f\u0131n\u0131 da anlatan Ta\u015f, <em><b>&#8220;Bu s\u00fcre\u00e7te o\u011flumun nerede oldu\u011funu, ne halde oldu\u011funu hi\u00e7 bilmiyordum. G\u00f6r\u00fc\u015f g\u00fcn\u00fc al\u0131p g\u00f6t\u00fcrd\u00fc ve bir daha da getirmedi. Ben \u015fu anda \u00e7ok mutluyum, duygular\u0131m\u0131 tarif edemiyorum. Evlad\u0131ma kavu\u015ftu\u011fum i\u00e7in \u00e7ok mutluyum&#8221; <\/b><\/em>dedi.<\/p>\n<p><img decoding=\"async\" src=\"https:\/\/bihavadis.com\/wp-content\/uploads\/2026\/02\/adanada-bosandigi-esi-gostermedi-anne-ve-cocugu-15-yil-sonra-bulustu-2-DMNPUt7O.jpg\"\/><\/p>\n<p><strong>&#8220;MADDE BA\u011eIMLISI OLDU\u011eUNU \u00d6\u011eREND\u0130K&#8221;<\/strong><\/p>\n<p>Avukat Nazan Ak\u00e7a ise O.Y.&#8217;nin yapt\u0131\u011f\u0131n\u0131n \u00e7ocuk ka\u00e7\u0131rma su\u00e7u oldu\u011funu belirterek \u015funlar\u0131 s\u00f6yledi:<\/p>\n<p><em><b>&#8220;Velayeti annede olan \u00e7ocu\u011fu bu \u015fah\u0131s ki\u015fisel g\u00f6r\u00fc\u015f g\u00fcn\u00fcnde ka\u00e7\u0131rd\u0131 ve \u00d6zge han\u0131m evlad\u0131na ula\u015fam\u0131yordu. Biz savc\u0131l\u0131\u011fa gerekli m\u00fcracaat\u0131 yapt\u0131k ve \u00e7ocuk ka\u00e7\u0131rmadan dolay\u0131 \u015fikayet\u00e7i olduk. Bu \u015fah\u0131sla ilgili yakalama karar\u0131 \u00e7\u0131kt\u0131 ve anne 1,5 y\u0131l sonra karakolda \u00e7ocu\u011funa kavu\u015ftu. Bu \u015fahs\u0131n madde ba\u011f\u0131ml\u0131s\u0131 oldu\u011funu ve \u00e7ocuk 1 ya\u015f\u0131ndayken \u00e7ocu\u011fa b\u0131\u00e7ak dayay\u0131p \u00d6zge han\u0131m\u0131 tehdit etti\u011fini \u00f6\u011frendik.&#8221;<\/b><\/em><\/p>\n<p><strong>SERBEST BIRAKILDI <\/strong><\/p>\n<p>O.Y.&#8217;nin \u00e7ocu\u011fu teslim ettikten sonra serbest b\u0131rak\u0131ld\u0131\u011f\u0131n\u0131 ancak \u00e7ocuk ka\u00e7\u0131rma su\u00e7u i\u015fledi\u011fi i\u00e7in hakk\u0131nda ceza davas\u0131 a\u00e7\u0131laca\u011f\u0131n\u0131 anlatan Avukat Ak\u00e7a, davan\u0131n sonuna kadar takip\u00e7isi olacaklar\u0131n\u0131 s\u00f6yledi.<\/p>\n<p><img decoding=\"async\" src=\"https:\/\/bihavadis.com\/wp-content\/uploads\/2026\/02\/adanada-bosandigi-esi-gostermedi-anne-ve-cocugu-15-yil-sonra-bulustu-3-z4FuUTvv.jpg\"\/><\/p>\n","protected":false},"excerpt":{"rendered":"<p>Adana&#8217;da ya\u015fayan 27 ya\u015f\u0131ndaki \u00d6zge Ta\u015f, bo\u015fand\u0131\u011f\u0131 e\u015fi taraf\u0131ndan g\u00f6r\u00fc\u015f g\u00fcn\u00fc ka\u00e7\u0131r\u0131l\u0131p bir daha geri getirilmeyen o\u011fluna, 1,5 y\u0131l sonra polis merkezinde kavu\u015ftu.<\/p>\n","protected":false},"author":1,"featured_media":21557,"comment_status":"open","ping_status":"open","sticky":false,"template":"","format":"standard","meta":{"footnotes":""},"categories":[4,13],"tags":[3854,299,258,242,3853],"class_list":["post-21556","post","type-post","status-publish","format-standard","has-post-thumbnail","hentry","category-gundem","category-son-dakika","tag-15-yil","tag-anne","tag-ceza","tag-cocuk","tag-o-y"],"_links":{"self":[{"href":"https:\/\/bihavadis.com\/index.php\/wp-json\/wp\/v2\/posts\/21556","targetHints":{"allow":["GET"]}}],"collection":[{"href":"https:\/\/bihavadis.com\/index.php\/wp-json\/wp\/v2\/posts"}],"about":[{"href":"https:\/\/bihavadis.com\/index.php\/wp-json\/wp\/v2\/types\/post"}],"author":[{"embeddable":true,"href":"https:\/\/bihavadis.com\/index.php\/wp-json\/wp\/v2\/users\/1"}],"replies":[{"embeddable":true,"href":"https:\/\/bihavadis.com\/index.php\/wp-json\/wp\/v2\/comments?post=21556"}],"version-history":[{"count":1,"href":"https:\/\/bihavadis.com\/index.php\/wp-json\/wp\/v2\/posts\/21556\/revisions"}],"predecessor-version":[{"id":21562,"href":"https:\/\/bihavadis.com\/index.php\/wp-json\/wp\/v2\/posts\/21556\/revisions\/21562"}],"wp:featuredmedia":[{"embeddable":true,"href":"https:\/\/bihavadis.com\/index.php\/wp-json\/wp\/v2\/media\/21557"}],"wp:attachment":[{"href":"https:\/\/bihavadis.com\/index.php\/wp-json\/wp\/v2\/media?parent=21556"}],"wp:term":[{"taxonomy":"category","embeddable":true,"href":"https:\/\/bihavadis.com\/index.php\/wp-json\/wp\/v2\/categories?post=21556"},{"taxonomy":"post_tag","embeddable":true,"href":"https:\/\/bihavadis.com\/index.php\/wp-json\/wp\/v2\/tags?post=21556"}],"curies":[{"name":"wp","href":"https:\/\/api.w.org\/{rel}","templated":true}]}}